{"id":159765,"date":"2022-06-18T14:00:00","date_gmt":"2022-06-18T12:00:00","guid":{"rendered":"http:\/\/www.tucomarca.com\/wordpress\/segunda\/?p=159765"},"modified":"2022-06-18T15:42:33","modified_gmt":"2022-06-18T13:42:33","slug":"fotogaleria-lorquestra-i-cor-del-conservatori-sant-rafael-ofereixen-una-agradable-vetlada-musical-a-lauditori-dins-de-la-xvi-biennal-de-musica-de-bunyol","status":"publish","type":"post","link":"https:\/\/tucomarca.whitekongsoftware.com\/ca\/fotogaleria-lorquestra-i-cor-del-conservatori-sant-rafael-ofereixen-una-agradable-vetlada-musical-a-lauditori-dins-de-la-xvi-biennal-de-musica-de-bunyol\/","title":{"rendered":"Fotogaler\u00eda: L&#8217;orquestra i cor del conservatori Sant Rafael ofereixen una agradable vetlada musical a l&#8217;auditori dins de la XVI Biennal de M\u00fasica de Bunyol"},"content":{"rendered":"\n<p class=\"wp-block-paragraph\">La prebiennal de M\u00fasica de Bunyol ha oferit en la nit d&#8217;aquest divendres , 17 de juny, a l&#8217;Auditori Municipal de Sant Llu\u00eds, el recital del Cor del Conservatori, dirigit per Enrique Hern\u00e1ndez P\u00e9rez i acompanyats al piano per David Soliva, i el concert de l&#8217;Orquestra, dirigida per Jos\u00e9 Guerrero Moliner, que tamb\u00e9 ha actuat per a acabar la vetlada musical al costat de l&#8217;el cor.&nbsp;<\/p>\n\n\n\n<p class=\"wp-block-paragraph\"><strong>Cor. <\/strong>Pianista acompanyant: David Soliva. Director: Enrique Hern\u00e1ndez.<\/p>\n\n\n\n<ul class=\"wp-block-list\"><li>&#8220;DO YOU HEAR THE PEOPLE SING?&#8221; Sch\u00f6nberg\/Kretzmer\/Boubil\/Natel<\/li><li>&#8220;GALLO ROJO\/GALLO NEGRO&#8221; Chicho S\u00e1nchez Ferlosio<\/li><li>&#8220;PERD\u00d3NALA&#8221; Les Luthiers<\/li><li>Solista despechado &#8211; Ernest Almud\u00e9ver Ramis<\/li><li>&#8220;HEVENU SHALOM&#8221; Trad. Hebrea \/Arr. E. Hern\u00e1ndez<\/li><li>&#8220;ABBA&#8221; Abba \/ Ulvaeus \/ Andersson<\/li><\/ul>\n\n\n\n<p class=\"wp-block-paragraph\"><strong>Orquestra<\/strong>. Director: Jos\u00e9 Guerrero Moliner<\/p>\n\n\n\n<ul class=\"wp-block-list\"><li>&#8220;DRAGONHUNTER&#8221; Richard Meyer<\/li><li>&#8220;GAME OF THRONES&#8221; Ramin Djawadi<\/li><li>&#8220;AMADARE&#8221; Keiko Yamada<\/li><li>&#8220;AFTERBURN&#8221; Brian Balmages<\/li><li>&#8220;ALICE IN WONDERLAND&#8221; Dannt Elfman<\/li><li>&#8220;THE AVENGERS&#8221; Alan Silvestri<\/li><\/ul>\n\n\n\n<p class=\"wp-block-paragraph\"><strong>Orquesta y Coro<\/strong><\/p>\n\n\n\n<ul class=\"wp-block-list\"><li>&#8220;MUTTER&#8221; Rammstein \/arr. E. Hern\u00e1ndez<\/li><li>&#8220;UREPEL&#8221; Gatibu \/ arr. E. Hern\u00e1ndez<\/li><\/ul>\n\n\n\n<figure class=\"wp-block-gallery columns-2 is-cropped wp-block-gallery-1 is-layout-flex wp-block-gallery-is-layout-flex\"><ul class=\"blocks-gallery-grid\"><li class=\"blocks-gallery-item\"><figure><img loading=\"lazy\" decoding=\"async\" width=\"1024\" height=\"682\" src=\"http:\/\/www.tucomarca.com\/wordpress\/segunda\/wp-content\/uploads\/2022\/06\/OrquestayCoroConservatorio01-1024x682.jpg\" alt=\"\" data-id=\"159750\" data-full-url=\"http:\/\/www.tucomarca.com\/wordpress\/segunda\/wp-content\/uploads\/2022\/06\/OrquestayCoroConservatorio01.jpg\" data-link=\"http:\/\/www.tucomarca.com\/wordpress\/segunda\/?attachment_id=159750\" class=\"wp-image-159750\" srcset=\"https:\/\/tucomarca.whitekongsoftware.com\/wp-content\/uploads\/2022\/06\/OrquestayCoroConservatorio01-1024x682.jpg 1024w, https:\/\/tucomarca.whitekongsoftware.com\/wp-content\/uploads\/2022\/06\/OrquestayCoroConservatorio01-300x200.jpg 300w, https:\/\/tucomarca.whitekongsoftware.com\/wp-content\/uploads\/2022\/06\/OrquestayCoroConservatorio01-768x512.jpg 768w, https:\/\/tucomarca.whitekongsoftware.com\/wp-content\/uploads\/2022\/06\/OrquestayCoroConservatorio01.jpg 1181w\" sizes=\"auto, (max-width: 1024px) 100vw, 1024px\" \/><\/figure><\/li><li class=\"blocks-gallery-item\"><figure><img loading=\"lazy\" decoding=\"async\" width=\"1024\" height=\"682\" src=\"http:\/\/www.tucomarca.com\/wordpress\/segunda\/wp-content\/uploads\/2022\/06\/OrquestayCoroConservatorio02-1024x682.jpg\" alt=\"\" data-id=\"159752\" data-full-url=\"http:\/\/www.tucomarca.com\/wordpress\/segunda\/wp-content\/uploads\/2022\/06\/OrquestayCoroConservatorio02.jpg\" data-link=\"http:\/\/www.tucomarca.com\/wordpress\/segunda\/?attachment_id=159752\" class=\"wp-image-159752\" srcset=\"https:\/\/tucomarca.whitekongsoftware.com\/wp-content\/uploads\/2022\/06\/OrquestayCoroConservatorio02-1024x682.jpg 1024w, https:\/\/tucomarca.whitekongsoftware.com\/wp-content\/uploads\/2022\/06\/OrquestayCoroConservatorio02-300x200.jpg 300w, https:\/\/tucomarca.whitekongsoftware.com\/wp-content\/uploads\/2022\/06\/OrquestayCoroConservatorio02-768x512.jpg 768w, https:\/\/tucomarca.whitekongsoftware.com\/wp-content\/uploads\/2022\/06\/OrquestayCoroConservatorio02.jpg 1181w\" sizes=\"auto, (max-width: 1024px) 100vw, 1024px\" \/><\/figure><\/li><li class=\"blocks-gallery-item\"><figure><img loading=\"lazy\" decoding=\"async\" width=\"1024\" height=\"682\" src=\"http:\/\/www.tucomarca.com\/wordpress\/segunda\/wp-content\/uploads\/2022\/06\/OrquestayCoroConservatorio07-1024x682.jpg\" alt=\"\" data-id=\"159762\" data-full-url=\"http:\/\/www.tucomarca.com\/wordpress\/segunda\/wp-content\/uploads\/2022\/06\/OrquestayCoroConservatorio07.jpg\" data-link=\"http:\/\/www.tucomarca.com\/wordpress\/segunda\/?attachment_id=159762\" class=\"wp-image-159762\" srcset=\"https:\/\/tucomarca.whitekongsoftware.com\/wp-content\/uploads\/2022\/06\/OrquestayCoroConservatorio07-1024x682.jpg 1024w, https:\/\/tucomarca.whitekongsoftware.com\/wp-content\/uploads\/2022\/06\/OrquestayCoroConservatorio07-300x200.jpg 300w, https:\/\/tucomarca.whitekongsoftware.com\/wp-content\/uploads\/2022\/06\/OrquestayCoroConservatorio07-768x512.jpg 768w, https:\/\/tucomarca.whitekongsoftware.com\/wp-content\/uploads\/2022\/06\/OrquestayCoroConservatorio07.jpg 1181w\" sizes=\"auto, (max-width: 1024px) 100vw, 1024px\" \/><\/figure><\/li><li class=\"blocks-gallery-item\"><figure><img loading=\"lazy\" decoding=\"async\" width=\"1024\" height=\"682\" src=\"http:\/\/www.tucomarca.com\/wordpress\/segunda\/wp-content\/uploads\/2022\/06\/OrquestayCoroConservatorio03-1024x682.jpg\" alt=\"\" data-id=\"159754\" data-full-url=\"http:\/\/www.tucomarca.com\/wordpress\/segunda\/wp-content\/uploads\/2022\/06\/OrquestayCoroConservatorio03.jpg\" data-link=\"http:\/\/www.tucomarca.com\/wordpress\/segunda\/?attachment_id=159754\" class=\"wp-image-159754\" srcset=\"https:\/\/tucomarca.whitekongsoftware.com\/wp-content\/uploads\/2022\/06\/OrquestayCoroConservatorio03-1024x682.jpg 1024w, https:\/\/tucomarca.whitekongsoftware.com\/wp-content\/uploads\/2022\/06\/OrquestayCoroConservatorio03-300x200.jpg 300w, https:\/\/tucomarca.whitekongsoftware.com\/wp-content\/uploads\/2022\/06\/OrquestayCoroConservatorio03-768x512.jpg 768w, https:\/\/tucomarca.whitekongsoftware.com\/wp-content\/uploads\/2022\/06\/OrquestayCoroConservatorio03.jpg 1181w\" sizes=\"auto, (max-width: 1024px) 100vw, 1024px\" \/><\/figure><\/li><li class=\"blocks-gallery-item\"><figure><img loading=\"lazy\" decoding=\"async\" width=\"1024\" height=\"682\" src=\"http:\/\/www.tucomarca.com\/wordpress\/segunda\/wp-content\/uploads\/2022\/06\/OrquestayCoroConservatorio04-1024x682.jpg\" alt=\"\" data-id=\"159756\" data-full-url=\"http:\/\/www.tucomarca.com\/wordpress\/segunda\/wp-content\/uploads\/2022\/06\/OrquestayCoroConservatorio04.jpg\" data-link=\"http:\/\/www.tucomarca.com\/wordpress\/segunda\/?attachment_id=159756\" class=\"wp-image-159756\" srcset=\"https:\/\/tucomarca.whitekongsoftware.com\/wp-content\/uploads\/2022\/06\/OrquestayCoroConservatorio04-1024x682.jpg 1024w, https:\/\/tucomarca.whitekongsoftware.com\/wp-content\/uploads\/2022\/06\/OrquestayCoroConservatorio04-300x200.jpg 300w, https:\/\/tucomarca.whitekongsoftware.com\/wp-content\/uploads\/2022\/06\/OrquestayCoroConservatorio04-768x512.jpg 768w, https:\/\/tucomarca.whitekongsoftware.com\/wp-content\/uploads\/2022\/06\/OrquestayCoroConservatorio04.jpg 1181w\" sizes=\"auto, (max-width: 1024px) 100vw, 1024px\" \/><\/figure><\/li><li class=\"blocks-gallery-item\"><figure><img loading=\"lazy\" decoding=\"async\" width=\"1024\" height=\"682\" src=\"http:\/\/www.tucomarca.com\/wordpress\/segunda\/wp-content\/uploads\/2022\/06\/OrquestayCoroConservatorio05-1024x682.jpg\" alt=\"\" data-id=\"159758\" data-full-url=\"http:\/\/www.tucomarca.com\/wordpress\/segunda\/wp-content\/uploads\/2022\/06\/OrquestayCoroConservatorio05.jpg\" data-link=\"http:\/\/www.tucomarca.com\/wordpress\/segunda\/?attachment_id=159758\" class=\"wp-image-159758\" srcset=\"https:\/\/tucomarca.whitekongsoftware.com\/wp-content\/uploads\/2022\/06\/OrquestayCoroConservatorio05-1024x682.jpg 1024w, https:\/\/tucomarca.whitekongsoftware.com\/wp-content\/uploads\/2022\/06\/OrquestayCoroConservatorio05-300x200.jpg 300w, https:\/\/tucomarca.whitekongsoftware.com\/wp-content\/uploads\/2022\/06\/OrquestayCoroConservatorio05-768x512.jpg 768w, https:\/\/tucomarca.whitekongsoftware.com\/wp-content\/uploads\/2022\/06\/OrquestayCoroConservatorio05.jpg 1181w\" sizes=\"auto, (max-width: 1024px) 100vw, 1024px\" \/><\/figure><\/li><\/ul><\/figure>\n","protected":false},"excerpt":{"rendered":"<div class=\"mh-excerpt\">La prebiennal de M\u00fasica de Bunyol ha oferit en la nit d&#8217;aquest divendres , 17 de juny, a l&#8217;Auditori Municipal de Sant Llu\u00eds, el recital del Cor del Conservatori, dirigit per Enrique Hern\u00e1ndez P\u00e9rez i <a class=\"mh-excerpt-more\" href=\"https:\/\/tucomarca.whitekongsoftware.com\/ca\/fotogaleria-lorquestra-i-cor-del-conservatori-sant-rafael-ofereixen-una-agradable-vetlada-musical-a-lauditori-dins-de-la-xvi-biennal-de-musica-de-bunyol\/\" title=\"Fotogaler\u00eda: L&#8217;orquestra i cor del conservatori Sant Rafael ofereixen una agradable vetlada musical a l&#8217;auditori dins de la XVI Biennal de M\u00fasica de Bunyol\">[+] <\/a><\/div>\n","protected":false},"author":12,"featured_media":159759,"comment_status":"open","ping_status":"open","sticky":false,"template":"","format":"gallery","meta":{"footnotes":""},"categories":[10911,11005,10894,10912,11007,10896],"tags":[14795,11293,14677,10914,17302],"class_list":["post-159765","post","type-post","status-publish","format-gallery","has-post-thumbnail","category-bunol-ca","category-canal-musica","category-la-comarca-ca","category-la-hoya-ca","category-ocio-y-cultura-ca","category-seccion-ca","tag-auditorio-bunol-ca","tag-conservatorio-bunol-ca","tag-conservatorio-san-rafael-ca","tag-la-hoya-de-bunol-chiva-ca","tag-xvi-bienal-de-musica-de-bunol-ca","post_format-post-format-gallery"],"_links":{"self":[{"href":"https:\/\/tucomarca.whitekongsoftware.com\/ca\/wp-json\/wp\/v2\/posts\/159765","targetHints":{"allow":["GET"]}}],"collection":[{"href":"https:\/\/tucomarca.whitekongsoftware.com\/ca\/wp-json\/wp\/v2\/posts"}],"about":[{"href":"https:\/\/tucomarca.whitekongsoftware.com\/ca\/wp-json\/wp\/v2\/types\/post"}],"author":[{"embeddable":true,"href":"https:\/\/tucomarca.whitekongsoftware.com\/ca\/wp-json\/wp\/v2\/users\/12"}],"replies":[{"embeddable":true,"href":"https:\/\/tucomarca.whitekongsoftware.com\/ca\/wp-json\/wp\/v2\/comments?post=159765"}],"version-history":[{"count":0,"href":"https:\/\/tucomarca.whitekongsoftware.com\/ca\/wp-json\/wp\/v2\/posts\/159765\/revisions"}],"wp:featuredmedia":[{"embeddable":true,"href":"https:\/\/tucomarca.whitekongsoftware.com\/ca\/wp-json\/wp\/v2\/media\/159759"}],"wp:attachment":[{"href":"https:\/\/tucomarca.whitekongsoftware.com\/ca\/wp-json\/wp\/v2\/media?parent=159765"}],"wp:term":[{"taxonomy":"category","embeddable":true,"href":"https:\/\/tucomarca.whitekongsoftware.com\/ca\/wp-json\/wp\/v2\/categories?post=159765"},{"taxonomy":"post_tag","embeddable":true,"href":"https:\/\/tucomarca.whitekongsoftware.com\/ca\/wp-json\/wp\/v2\/tags?post=159765"}],"curies":[{"name":"wp","href":"https:\/\/api.w.org\/{rel}","templated":true}]}}