{"id":159661,"date":"2022-06-17T10:22:00","date_gmt":"2022-06-17T08:22:00","guid":{"rendered":"http:\/\/www.tucomarca.com\/wordpress\/segunda\/?p=159661"},"modified":"2022-06-17T21:00:44","modified_gmt":"2022-06-17T19:00:44","slug":"lajuntament-de-bunyol-aposta-perque-la-tomatina-en-el-seu-75-aniversari-siga-mes-nacional-que-mai","status":"publish","type":"post","link":"https:\/\/tucomarca.whitekongsoftware.com\/ca\/lajuntament-de-bunyol-aposta-perque-la-tomatina-en-el-seu-75-aniversari-siga-mes-nacional-que-mai\/","title":{"rendered":"L&#8217;Ajuntament de Bunyol aposta perqu\u00e8 La Tomatina en el seu 75 aniversari siga m\u00e9s nacional que mai"},"content":{"rendered":"\n<p class=\"wp-block-paragraph\">Enguany La Tomatina de Bunyol celebra el seu 75 aniversari i despr\u00e9s de dos anys d&#8217;aturada obligada per la pand\u00e8mia de Covid19 l&#8217;Ajuntament de la localitat aposta per una festa nacional, europea, pr\u00f2xima, \u201cja que els turistes que acudeixen en massa a la nostra festa procedeixen de pa\u00efsos asi\u00e0tics on les seues eixides a l&#8217;exterior continuen estant molt minvades\u201d, va destacar Mar\u00eda Vall\u00e9s, regidora de Turisme i Tomatina del Consistori bu\u00f1olense.<br>Hui 17 de juny falten 75 dies per a la celebraci\u00f3 del 75 aniversari de la Tomatina. \u201cEnguany la Tomatina \u00e9s m\u00e9s nacional que mai, per aix\u00f2 estem en contacte amb nombroses touroperadoras nacionals i europees, a m\u00e9s de tots els agents tur\u00edstics, ag\u00e8ncies nacionals i europees sense oblidar les institucions nacionals i auton\u00f2miques que sempre ens donen suport, per\u00f2 aquest any m\u00e9s, si cap per a promocionar i publicitar una festa que volem que torne a comptar amb el nostre estil, amb la nostra ess\u00e8ncia\u201d, va destacar l&#8217;edil Vall\u00e9s.<br>\u201c\u00c9s cert, \u2014confirmava la responsable de l&#8217;\u00e0rea de Tomatina en el Consistori\u2014, que s&#8217;est\u00e0 notant la falta d&#8217;avan\u00e7ament entre els possibles turistes i participants en la nostra festa, ja que aix\u00ed m&#8217;ho diuen des de les ag\u00e8ncies i touroperadores, que la poblaci\u00f3 s&#8217;espera a \u00faltima hora per a organitzar les seues vacances, aix\u00ed que tenim esperan\u00e7a que aconseguirem vendre totes les entrades i que Bunyol torne a celebrar la seua Tomatina i un 75 aniversari grandi\u00f3s\u201d, finalitza Vall\u00e9s.<\/p>\n\n\n\n<p class=\"wp-block-paragraph\"><\/p>\n","protected":false},"excerpt":{"rendered":"<div class=\"mh-excerpt\">Enguany La Tomatina de Bunyol celebra el seu 75 aniversari i despr\u00e9s de dos anys d&#8217;aturada obligada per la pand\u00e8mia de Covid19 l&#8217;Ajuntament de la localitat aposta per una festa nacional, europea, pr\u00f2xima, \u201cja que <a class=\"mh-excerpt-more\" href=\"https:\/\/tucomarca.whitekongsoftware.com\/ca\/lajuntament-de-bunyol-aposta-perque-la-tomatina-en-el-seu-75-aniversari-siga-mes-nacional-que-mai\/\" title=\"L&#8217;Ajuntament de Bunyol aposta perqu\u00e8 La Tomatina en el seu 75 aniversari siga m\u00e9s nacional que mai\">[+] <\/a><\/div>\n","protected":false},"author":12,"featured_media":159658,"comment_status":"open","ping_status":"open","sticky":false,"template":"","format":"standard","meta":{"footnotes":""},"categories":[10911,10894,10904,10912,11007,10896],"tags":[11945,10913,10914,16871],"class_list":["post-159661","post","type-post","status-publish","format-standard","has-post-thumbnail","category-bunol-ca","category-la-comarca-ca","category-sin-categorizar-ca","category-la-hoya-ca","category-ocio-y-cultura-ca","category-seccion-ca","tag-75-aniversario-de-la-tomatina-ca","tag-bunol-ca","tag-la-hoya-de-bunol-chiva-ca","tag-la-tomatina-2022-ca"],"_links":{"self":[{"href":"https:\/\/tucomarca.whitekongsoftware.com\/ca\/wp-json\/wp\/v2\/posts\/159661","targetHints":{"allow":["GET"]}}],"collection":[{"href":"https:\/\/tucomarca.whitekongsoftware.com\/ca\/wp-json\/wp\/v2\/posts"}],"about":[{"href":"https:\/\/tucomarca.whitekongsoftware.com\/ca\/wp-json\/wp\/v2\/types\/post"}],"author":[{"embeddable":true,"href":"https:\/\/tucomarca.whitekongsoftware.com\/ca\/wp-json\/wp\/v2\/users\/12"}],"replies":[{"embeddable":true,"href":"https:\/\/tucomarca.whitekongsoftware.com\/ca\/wp-json\/wp\/v2\/comments?post=159661"}],"version-history":[{"count":0,"href":"https:\/\/tucomarca.whitekongsoftware.com\/ca\/wp-json\/wp\/v2\/posts\/159661\/revisions"}],"wp:featuredmedia":[{"embeddable":true,"href":"https:\/\/tucomarca.whitekongsoftware.com\/ca\/wp-json\/wp\/v2\/media\/159658"}],"wp:attachment":[{"href":"https:\/\/tucomarca.whitekongsoftware.com\/ca\/wp-json\/wp\/v2\/media?parent=159661"}],"wp:term":[{"taxonomy":"category","embeddable":true,"href":"https:\/\/tucomarca.whitekongsoftware.com\/ca\/wp-json\/wp\/v2\/categories?post=159661"},{"taxonomy":"post_tag","embeddable":true,"href":"https:\/\/tucomarca.whitekongsoftware.com\/ca\/wp-json\/wp\/v2\/tags?post=159661"}],"curies":[{"name":"wp","href":"https:\/\/api.w.org\/{rel}","templated":true}]}}