{"id":159511,"date":"2022-06-16T12:55:00","date_gmt":"2022-06-16T10:55:00","guid":{"rendered":"http:\/\/www.tucomarca.com\/wordpress\/segunda\/?p=159511"},"modified":"2022-06-16T22:18:23","modified_gmt":"2022-06-16T20:18:23","slug":"amalia-tortajada-i-andrea-gonzalez-presenten-a-valencia-el-seu-primer-treball-discografic-identidade-dins-del-festival-serenates","status":"publish","type":"post","link":"https:\/\/tucomarca.whitekongsoftware.com\/ca\/amalia-tortajada-i-andrea-gonzalez-presenten-a-valencia-el-seu-primer-treball-discografic-identidade-dins-del-festival-serenates\/","title":{"rendered":"Amalia Tortajada i Andrea Gonz\u00e1lez presenten a Val\u00e8ncia el seu primer treball discogr\u00e0fic \u201cIdentidade\u201d dins del Festival Serenates"},"content":{"rendered":"\n<h4 class=\"wp-block-heading\">Amalia Tortajada Zan\u00f3n (flauta) i Andrea Gonz\u00e1lez Caballero (guitarra) presenten IDENTIDADE, el seu primer treball discogr\u00e0fic, amb un recital dins del Festival Serenates en el Centre Cultural La Nau, el dia 29 de juny a les 22h.&nbsp;<\/h4>\n\n\n\n<p class=\"wp-block-paragraph\">Ambdues, amb destacades carreres i reconeixement internacional, s&#8217;uneixen ara en aquest nou i personal projecte, donant vida aix\u00ed a Identidade, un projecte inspirador que, a m\u00e9s de musical, t\u00e9 el prop\u00f2sit d&#8217;impulsar i donar valor a la labor de dones de diferents cultures en diversos camps art\u00edstics. L&#8217;\u00e0lbum, gravat i produ\u00eft a Alemanya per l&#8217;enginyera de so Celia Ruiz Artacho, inclou quatre estrenes d&#8217;obres compostes per les destacades compositores Gabriela Ortiz (M\u00e8xic), Clarice Assad (el Brasil), Elisenda F\u00e1bregas (Espanya) i Johanny Navarro (Puerto Rico), on cadascuna d&#8217;elles, amb els seus ritmes llatins i a trav\u00e9s de la m\u00fasica, ens mostra les seues arrels, la seua hist\u00f2ria, i la seua identitat cultural.&nbsp;<\/p>\n\n\n\n<p class=\"wp-block-paragraph\">La idea d&#8217;aquest projecte va sorgir amb l&#8217;objectiu d&#8217;establir ponts entre les traject\u00f2ries art\u00edstiques de cada integrant. Una de les caracter\u00edstiques m\u00e9s importants de Identidade \u00e9s la diversitat cultural dels seus components. L&#8217;adopci\u00f3 del terme portugu\u00e9s \u201cIdentidade\u201d ens transmet la import\u00e0ncia de mantindre presents els or\u00edgens i l&#8217;autenticitat de cadascuna de les dones que formen part d&#8217;ell.&nbsp;<\/p>\n\n\n\n<p class=\"wp-block-paragraph\">La productora Celia Ruiz Artacho, qui est\u00e0 implicada en la labor d&#8217;impulsar nous projectes creatius, ha sigut l&#8217;encarregada de dirigir l&#8217;enregistrament i de la postproducci\u00f3 d&#8217;aquesta. D&#8217;altra banda, la responsable del disseny del cd i fotografia ha sigut l&#8217;artista Anna Tena. Tamb\u00e9 han comptat amb la participaci\u00f3 d&#8217;Esther Conze i Lydia Ramos, operadores de c\u00e0mera, que han documentat tot el proc\u00e9s durant els dies d&#8217;enregistrament per a la creaci\u00f3 d&#8217;un v\u00eddeo documental.<\/p>\n\n\n\n<p class=\"wp-block-paragraph\">Amalia Tortajada i Andrea Gonz\u00e1lez Caballero destaquen per la seua versatilitat, car\u00e0cter interpretatiu i sensibilitat musical. Els nombrosos premis internacionals obtinguts per les int\u00e8rprets, com el \u201cRising Star de Sir James Galway\u201d obtingut per Amalia o el primer premi en el \u201cXIII Concurs Internacional Guitarra d&#8217;Alhambra\u201d d&#8217;Andrea demostren la solv\u00e8ncia i t\u00e8cnica d&#8217;ambdues, a m\u00e9s de la subtilesa interpretativa que els caracteritza. El desig d&#8217;ampliar nous horitzons, l&#8217;inter\u00e9s que mostren pel nou repertori dels seus instruments i el seu entusiasme per continuar creixent les ha portades a treballar de prop amb reconegudes compositores, estrenant i gravant diverses obres al llarg de les seues carreres. La seua vasta experi\u00e8ncia sobre els escenaris els ha portat a actuar en llocs com el \u201cIII Festival de Flautes de Bauru\u201d al Brasil, el \u201cWorld Music Contest\u201d en Kerkrade, el Palau de les M\u00fasica Catalana, l&#8217;Auditori Nacional de Madrid o el King\u2019s cross de Londres.<\/p>\n\n\n\n<p class=\"wp-block-paragraph\">Identidade \u00e9s un nou cd per a flauta i guitarra, una mescla de cultures i ritmes, on l&#8217;o\u00efdor, a trav\u00e9s de cada obra, fa un viatge als diferents pa\u00efsos que se&#8217;ns presenten.<\/p>\n\n\n\n<p class=\"wp-block-paragraph\">L&#8217;esdeveniment de presentaci\u00f3 tindr\u00e0 lloc el pr\u00f2xim 29 de Juny a les 22h en el Festival Serenates del Centre Cultural La Nau, les entrades, a un preu simb\u00f2lic de tres euros, es poden adquirir en http:\/\/www.latenda.es\/entrades<\/p>\n\n\n\n<p class=\"wp-block-paragraph\"><\/p>\n","protected":false},"excerpt":{"rendered":"<div class=\"mh-excerpt\">Amalia Tortajada Zan\u00f3n (flauta) i Andrea Gonz\u00e1lez Caballero (guitarra) presenten IDENTIDADE, el seu primer treball discogr\u00e0fic, amb un recital dins del Festival Serenates en el Centre Cultural La Nau, el dia 29 de juny a <a class=\"mh-excerpt-more\" href=\"https:\/\/tucomarca.whitekongsoftware.com\/ca\/amalia-tortajada-i-andrea-gonzalez-presenten-a-valencia-el-seu-primer-treball-discografic-identidade-dins-del-festival-serenates\/\" title=\"Amalia Tortajada i Andrea Gonz\u00e1lez presenten a Val\u00e8ncia el seu primer treball discogr\u00e0fic \u201cIdentidade\u201d dins del Festival Serenates\">[+] <\/a><\/div>\n","protected":false},"author":12,"featured_media":159510,"comment_status":"open","ping_status":"open","sticky":false,"template":"","format":"standard","meta":{"footnotes":""},"categories":[11019,10911,11005,10894,10912,11007,10896],"tags":[17379,17380,10913,17381,17382,10914],"class_list":["post-159511","post","type-post","status-publish","format-standard","has-post-thumbnail","category-agenda-ca","category-bunol-ca","category-canal-musica","category-la-comarca-ca","category-la-hoya-ca","category-ocio-y-cultura-ca","category-seccion-ca","tag-amalia-tortajada-ca","tag-andrea-gonzalez-ca","tag-bunol-ca","tag-centre-cultural-la-nau-ca","tag-identidade-ca","tag-la-hoya-de-bunol-chiva-ca"],"_links":{"self":[{"href":"https:\/\/tucomarca.whitekongsoftware.com\/ca\/wp-json\/wp\/v2\/posts\/159511","targetHints":{"allow":["GET"]}}],"collection":[{"href":"https:\/\/tucomarca.whitekongsoftware.com\/ca\/wp-json\/wp\/v2\/posts"}],"about":[{"href":"https:\/\/tucomarca.whitekongsoftware.com\/ca\/wp-json\/wp\/v2\/types\/post"}],"author":[{"embeddable":true,"href":"https:\/\/tucomarca.whitekongsoftware.com\/ca\/wp-json\/wp\/v2\/users\/12"}],"replies":[{"embeddable":true,"href":"https:\/\/tucomarca.whitekongsoftware.com\/ca\/wp-json\/wp\/v2\/comments?post=159511"}],"version-history":[{"count":0,"href":"https:\/\/tucomarca.whitekongsoftware.com\/ca\/wp-json\/wp\/v2\/posts\/159511\/revisions"}],"wp:featuredmedia":[{"embeddable":true,"href":"https:\/\/tucomarca.whitekongsoftware.com\/ca\/wp-json\/wp\/v2\/media\/159510"}],"wp:attachment":[{"href":"https:\/\/tucomarca.whitekongsoftware.com\/ca\/wp-json\/wp\/v2\/media?parent=159511"}],"wp:term":[{"taxonomy":"category","embeddable":true,"href":"https:\/\/tucomarca.whitekongsoftware.com\/ca\/wp-json\/wp\/v2\/categories?post=159511"},{"taxonomy":"post_tag","embeddable":true,"href":"https:\/\/tucomarca.whitekongsoftware.com\/ca\/wp-json\/wp\/v2\/tags?post=159511"}],"curies":[{"name":"wp","href":"https:\/\/api.w.org\/{rel}","templated":true}]}}