{"id":159453,"date":"2022-06-15T18:00:00","date_gmt":"2022-06-15T16:00:00","guid":{"rendered":"http:\/\/www.tucomarca.com\/wordpress\/segunda\/?p=159453"},"modified":"2022-06-15T20:15:59","modified_gmt":"2022-06-15T18:15:59","slug":"la-xvi-biennal-de-musica-de-bunyol-es-presenta-en-public-aquest-dissabte-precedida-per-tres-jornades-musicals-a-carrec-dels-alumnes-del-conservatori-municipal","status":"publish","type":"post","link":"https:\/\/tucomarca.whitekongsoftware.com\/ca\/la-xvi-biennal-de-musica-de-bunyol-es-presenta-en-public-aquest-dissabte-precedida-per-tres-jornades-musicals-a-carrec-dels-alumnes-del-conservatori-municipal\/","title":{"rendered":"La XVI Biennal de M\u00fasica de Bunyol es presenta en p\u00fablic aquest dissabte precedida per tres jornades musicals a c\u00e0rrec dels alumnes del conservatori municipal"},"content":{"rendered":"\n<p class=\"wp-block-paragraph\"><strong>El Conservatori Municipal de M\u00fasica Sant Rafael de Bunyol oferir\u00e0 tres jornades de concerts a partir d&#8217;aquest dijous pr\u00e8vies a la presentaci\u00f3 oficial de la XVI Biennal de M\u00fasica, prevista per al dissabte a les 12,00 hores a la Sala El Mercat de la localitat.<\/strong><\/p>\n\n\n\n<p class=\"wp-block-paragraph\">La regidoria de Cultura de l&#8217;Ajuntament de Bunyol t\u00e9 ja tot llest per a l&#8217;arrancada de la XVI Biennal de M\u00fasica de la localitat, despr\u00e9s de no haver-se pogut dur a terme durant els \u00faltims anys a causa de les restriccions sanit\u00e0ries motivades per la pand\u00e8mia de covid-19&nbsp;<\/p>\n\n\n\n<p class=\"wp-block-paragraph\">Una Biennal de M\u00fasica de Bunyol 2022 la presentaci\u00f3 oficial de la qual davant el p\u00fablic est\u00e0 previst que es desenvolupe aquest dissabte, 18 de juny, a partir de les dotze del mat\u00ed a la Sala El Mercat del municipi i oberta a tota la ciutadania.<\/p>\n\n\n\n<p class=\"wp-block-paragraph\">No obstant aix\u00f2, des de la regidoria de Cultura s&#8217;ha programat, a manera d&#8217;aperitiu musical, tres jornades pr\u00e8vies en les quals els protagonistes seran les i els joves estudiants del Conservatori Municipal Professional Sant Rafael de Bunyol, que oferiran tres concerts.&nbsp;<\/p>\n\n\n\n<p class=\"wp-block-paragraph\">El dijous, 16 de juny, a partir de les 20,30 hores l&#8217;Auditori Municipal de Sant Llu\u00eds acollir\u00e0 el concert del la Brass Band del Conservatori, dirigida per Francisco Marzo Miguel; aix\u00ed com de la Banda Juvenil, el professor de la qual \u00e9s Carlos Out\u00f3n Benito.&nbsp;<\/p>\n\n\n\n<p class=\"wp-block-paragraph\">Per al divendres, 17 de juny, a les 22,30 hores i tamb\u00e9 a l&#8217;Auditori Municipal de Sant Llu\u00eds s&#8217;ha programat el recital del Cor del Conservatori, dirigit per Enrique Hern\u00e1ndez P\u00e9rez i amb David Soliva com a pianista acompanyant; al costat del concert de l&#8217;Orquestra, dirigida per Jos\u00e9 Guerrero Moliner, que tamb\u00e9 actuar\u00e0 amb el cor.&nbsp;<\/p>\n\n\n\n<p class=\"wp-block-paragraph\">Ja el dissabte, 18 de juny, i com a colof\u00f3 a la jornada de presentaci\u00f3 oficial de la Biennal de M\u00fasica, la Banda Simf\u00f2nica del Conservatori Sant Rafael oferir\u00e0 a les 22,30 hores a l&#8217;Auditori Municipal de Sant Llu\u00eds el concert \u201cPangea\u201d, amb la participaci\u00f3 de l&#8217;instrumentista Abraham Cupeiro, que ser\u00e0 dirigit per Eduardo Carrascosa Carrascosa.<\/p>\n\n\n\n<p class=\"wp-block-paragraph\"><strong>Presentaci\u00f3 oficial oberta a tot el p\u00fablic<\/strong><\/p>\n\n\n\n<p class=\"wp-block-paragraph\">Els amants de la bona m\u00fasica que vulguen con\u00e9ixer tots els detalls dels concerts, activitats i cursos d&#8217;aquesta Biennal 2022 podran fer-ho aquest dissabte, a partir de les 12,00 hores en la ja esmentada Sala El Mercat de la localitat, on tindr\u00e0 lloc la presentaci\u00f3 oficial de la XVI Biennal de M\u00fasica.&nbsp;<\/p>\n\n\n\n<p class=\"wp-block-paragraph\">Un acte que ser\u00e0 a c\u00e0rrec de l&#8217;alcaldessa de Bunyol, Jonquera Carrascosa, i de la regidora de Cultura de l&#8217;Ajuntament de Bunyol, Mireia Parla, qui precisament ha volgut destacar que des de l&#8217;any 2018 \u201cno s&#8217;ha pogut fer una Biennal per la situaci\u00f3 sanit\u00e0ria. \u00c9s per aix\u00f2 que, des de la regidoria de Cultura estem molt entregats i portem molts mesos de treball perqu\u00e8 siga perfecta i poder arribar a un major nombre de persones, de tots els gustos i edats. D&#8217;aqu\u00ed ve que convidem a tota la ciutadania al fet que acudisca el dissabte a con\u00e9ixer els detalls d&#8217;aquesta Biennal 2022\u201d.<\/p>\n\n\n\n<p class=\"wp-block-paragraph\">Mireia Parla ha subratllat que s&#8217;ha volgut tamb\u00e9 \u201ctornar als inicis de la Biennal, programant actuacions de moltes xicotetes formacions, encara que per descomptat innovant amb propostes noves. Un any m\u00e9s, les activitats i concerts es distribuiran en espais situats tant en la zona del poble com de les Vendes; i volem en aquesta Biennal apostar especialment pels joves talents musicals\u201d, tal com ha subratllat la m\u00e0xima responsable del festival.<\/p>\n\n\n\n<p class=\"wp-block-paragraph\">La programaci\u00f3 musical es completar\u00e0 amb altres atractives propostes com ara l&#8217;I F\u00f2rum Iberoameric\u00e0 de M\u00fasica per a Vents, el Curs de l&#8217;Escola de M\u00fasiques del M\u00f3n de Bunyol (Esmumbu), aix\u00ed com els concerts de diversos coneguts artistes nacionals. A ells se sumaran els grups de rock locals i les dues bandes simf\u00f2niques de Bunyol: el CIM \u201cL&#8217;Harm\u00f2nica\u201d i l&#8217;SM \u201cLa Artistica\u201d, que estrenaran \u201cCatarsi en roig\u201d, l&#8217;obra per enc\u00e0rrec composta per Andr\u00e9s Valero-Castell sobre la internacionalment coneguda festa de la Tomatina.&nbsp;<\/p>\n\n\n\n<p class=\"wp-block-paragraph\">\u201cEn definitiva, seran 58 dies en qu\u00e8 la m\u00fasica ser\u00e0 la protagonista, amb concerts i activitats programades en tres fases: la Biennal de M\u00fasica, pr\u00f2piament dita, que arrancar\u00e0 amb el concert inaugural a c\u00e0rrec de \u201cL&#8217;Harm\u00f2nica\u201d el dia 9 de juliol i finalitzar\u00e0 amb el de \u201cL&#8217;Art\u00edstica\u201d el 24 de juliol. A aquesta fase s&#8217;uneix la que hem denominat prebiennal, del 16 de juny al 8 de juliol; aix\u00ed com la postbiennal, del 25 al 12 d&#8217;agost. Tres mesos de m\u00fasica on pr\u00e0cticament tots els concerts seran gratu\u00efts i aquells que no ho siguen comptaran amb un Bonobienal amb el qual poder estalviar-se un quantitat significativa en l&#8217;entrada\u201d.<\/p>\n\n\n\n<figure class=\"wp-block-image size-large\"><img loading=\"lazy\" decoding=\"async\" width=\"1006\" height=\"1024\" src=\"http:\/\/www.tucomarca.com\/wordpress\/segunda\/wp-content\/uploads\/2022\/06\/JuevesJuvenil-1006x1024.jpg\" alt=\"\" class=\"wp-image-159461\" srcset=\"https:\/\/tucomarca.whitekongsoftware.com\/wp-content\/uploads\/2022\/06\/JuevesJuvenil-1006x1024.jpg 1006w, https:\/\/tucomarca.whitekongsoftware.com\/wp-content\/uploads\/2022\/06\/JuevesJuvenil-295x300.jpg 295w, https:\/\/tucomarca.whitekongsoftware.com\/wp-content\/uploads\/2022\/06\/JuevesJuvenil-768x781.jpg 768w, https:\/\/tucomarca.whitekongsoftware.com\/wp-content\/uploads\/2022\/06\/JuevesJuvenil.jpg 1254w\" sizes=\"auto, (max-width: 1006px) 100vw, 1006px\" \/><\/figure>\n\n\n\n<figure class=\"wp-block-image size-large\"><img loading=\"lazy\" decoding=\"async\" width=\"1006\" height=\"1024\" src=\"http:\/\/www.tucomarca.com\/wordpress\/segunda\/wp-content\/uploads\/2022\/06\/ViernesCoro-1006x1024.jpg\" alt=\"\" class=\"wp-image-159465\" srcset=\"https:\/\/tucomarca.whitekongsoftware.com\/wp-content\/uploads\/2022\/06\/ViernesCoro-1006x1024.jpg 1006w, https:\/\/tucomarca.whitekongsoftware.com\/wp-content\/uploads\/2022\/06\/ViernesCoro-295x300.jpg 295w, https:\/\/tucomarca.whitekongsoftware.com\/wp-content\/uploads\/2022\/06\/ViernesCoro-768x781.jpg 768w, https:\/\/tucomarca.whitekongsoftware.com\/wp-content\/uploads\/2022\/06\/ViernesCoro.jpg 1254w\" sizes=\"auto, (max-width: 1006px) 100vw, 1006px\" \/><\/figure>\n\n\n\n<figure class=\"wp-block-image size-large\"><img loading=\"lazy\" decoding=\"async\" width=\"751\" height=\"1024\" src=\"http:\/\/www.tucomarca.com\/wordpress\/segunda\/wp-content\/uploads\/2022\/06\/SabadoBanda-751x1024.jpg\" alt=\"\" class=\"wp-image-159463\" srcset=\"https:\/\/tucomarca.whitekongsoftware.com\/wp-content\/uploads\/2022\/06\/SabadoBanda-751x1024.jpg 751w, https:\/\/tucomarca.whitekongsoftware.com\/wp-content\/uploads\/2022\/06\/SabadoBanda-220x300.jpg 220w, https:\/\/tucomarca.whitekongsoftware.com\/wp-content\/uploads\/2022\/06\/SabadoBanda-768x1047.jpg 768w, https:\/\/tucomarca.whitekongsoftware.com\/wp-content\/uploads\/2022\/06\/SabadoBanda-1127x1536.jpg 1127w, https:\/\/tucomarca.whitekongsoftware.com\/wp-content\/uploads\/2022\/06\/SabadoBanda.jpg 1174w\" sizes=\"auto, (max-width: 751px) 100vw, 751px\" \/><\/figure>\n","protected":false},"excerpt":{"rendered":"<div class=\"mh-excerpt\">El Conservatori Municipal de M\u00fasica Sant Rafael de Bunyol oferir\u00e0 tres jornades de concerts a partir d&#8217;aquest dijous pr\u00e8vies a la presentaci\u00f3 oficial de la XVI Biennal de M\u00fasica, prevista per al dissabte a les <a class=\"mh-excerpt-more\" href=\"https:\/\/tucomarca.whitekongsoftware.com\/ca\/la-xvi-biennal-de-musica-de-bunyol-es-presenta-en-public-aquest-dissabte-precedida-per-tres-jornades-musicals-a-carrec-dels-alumnes-del-conservatori-municipal\/\" title=\"La XVI Biennal de M\u00fasica de Bunyol es presenta en p\u00fablic aquest dissabte precedida per tres jornades musicals a c\u00e0rrec dels alumnes del conservatori municipal\">[+] <\/a><\/div>\n","protected":false},"author":1,"featured_media":159451,"comment_status":"open","ping_status":"open","sticky":false,"template":"","format":"standard","meta":{"footnotes":""},"categories":[11019,10911,11005,10898,10894,10904,10912,11007,10896],"tags":[17095,10913,10914],"class_list":["post-159453","post","type-post","status-publish","format-standard","has-post-thumbnail","category-agenda-ca","category-bunol-ca","category-canal-musica","category-ventana-ca","category-la-comarca-ca","category-sin-categorizar-ca","category-la-hoya-ca","category-ocio-y-cultura-ca","category-seccion-ca","tag-bienal-de-musica-ca","tag-bunol-ca","tag-la-hoya-de-bunol-chiva-ca"],"_links":{"self":[{"href":"https:\/\/tucomarca.whitekongsoftware.com\/ca\/wp-json\/wp\/v2\/posts\/159453","targetHints":{"allow":["GET"]}}],"collection":[{"href":"https:\/\/tucomarca.whitekongsoftware.com\/ca\/wp-json\/wp\/v2\/posts"}],"about":[{"href":"https:\/\/tucomarca.whitekongsoftware.com\/ca\/wp-json\/wp\/v2\/types\/post"}],"author":[{"embeddable":true,"href":"https:\/\/tucomarca.whitekongsoftware.com\/ca\/wp-json\/wp\/v2\/users\/1"}],"replies":[{"embeddable":true,"href":"https:\/\/tucomarca.whitekongsoftware.com\/ca\/wp-json\/wp\/v2\/comments?post=159453"}],"version-history":[{"count":0,"href":"https:\/\/tucomarca.whitekongsoftware.com\/ca\/wp-json\/wp\/v2\/posts\/159453\/revisions"}],"wp:featuredmedia":[{"embeddable":true,"href":"https:\/\/tucomarca.whitekongsoftware.com\/ca\/wp-json\/wp\/v2\/media\/159451"}],"wp:attachment":[{"href":"https:\/\/tucomarca.whitekongsoftware.com\/ca\/wp-json\/wp\/v2\/media?parent=159453"}],"wp:term":[{"taxonomy":"category","embeddable":true,"href":"https:\/\/tucomarca.whitekongsoftware.com\/ca\/wp-json\/wp\/v2\/categories?post=159453"},{"taxonomy":"post_tag","embeddable":true,"href":"https:\/\/tucomarca.whitekongsoftware.com\/ca\/wp-json\/wp\/v2\/tags?post=159453"}],"curies":[{"name":"wp","href":"https:\/\/api.w.org\/{rel}","templated":true}]}}