{"id":159413,"date":"2022-06-14T12:32:00","date_gmt":"2022-06-14T10:32:00","guid":{"rendered":"http:\/\/www.tucomarca.com\/wordpress\/segunda\/?p=159413"},"modified":"2022-06-15T20:56:45","modified_gmt":"2022-06-15T18:56:45","slug":"requena-presenta-el-xvi-curs-de-formacio-de-voluntariat-en-salut-mental-sota-el-titol-les-3es-del-benestar-ansietat-assertivitat-i-autocures","status":"publish","type":"post","link":"https:\/\/tucomarca.whitekongsoftware.com\/ca\/requena-presenta-el-xvi-curs-de-formacio-de-voluntariat-en-salut-mental-sota-el-titol-les-3es-del-benestar-ansietat-assertivitat-i-autocures\/","title":{"rendered":"Requena presenta el XVI Curs de Formaci\u00f3 de Voluntariat en Salut Mental, sota el t\u00edtol \u201cLes 3es del benestar: (-)Ansietat, (+)Assertivitat i Autocures\u201d"},"content":{"rendered":"\n<p class=\"wp-block-paragraph\">Les jornades de formaci\u00f3 es realitzaran durant els dijous 16 i 30 de juny de 18 a 20 hores en l&#8217;Espai Cultural Feliciano Antonio Yeves (Av. Raval, 9 de Requena). L&#8217;assist\u00e8ncia al curs \u00e9s totalment gratu\u00efta; solament cal emplenar el full d&#8217;inscripci\u00f3 que estar\u00e0 disponible en la consergeria del Centre Social i en la p\u00e0gina web de l&#8217;Ajuntament de Requena, i presentar-lo en el registre S.A.T. de l&#8217;Ajuntament.<\/p>\n\n\n\n<p class=\"wp-block-paragraph\">El Departament Municipal de Serveis Socials de l&#8217;Ajuntament de Requena, a trav\u00e9s del Programa d&#8217;Atenci\u00f3 a la Salut Mental i en col\u00b7laboraci\u00f3 amb l&#8217;associaci\u00f3 AFEM Altipl\u00e0, organitza a partir del dia 16 de juny el XVI Curs de Formaci\u00f3 de Voluntariat en Salut Mental, sota el t\u00edtol \u201cLes 3es del benestar: (-)Ansietat, (+)Assertivitat i Autocures\u201d.Aix\u00ed doncs, durant dues jornades, les persones assistents al Taller tindran l&#8217;oportunitat d&#8217;informar-se, i formar-se sobre com cuidar i mantindre la nostra salut mental.<\/p>\n\n\n\n<p class=\"wp-block-paragraph\">L&#8217;objectiu del taller no \u00e9s un altre que les persones assistents coneguen les amenaces que afecten el nostre benestar mental i en particular l&#8217;ansietat; a m\u00e9s d&#8217;aprendre a reprendre relacions socials saludables que previnguen conflictes interpersonals; acabant amb uns consells generals en autocures.<\/p>\n\n\n\n<p class=\"wp-block-paragraph\">Com tots els anys, el curs no sols est\u00e0 destinat al voluntariat de AFEM, sin\u00f3 a tota la poblaci\u00f3 en general, amb especial inter\u00e9s per a aquelles persones que \u00faltimament han vist incrementat el seu nivell d&#8217;ansietat general i el descoratjament en les relacions sociales.la assist\u00e8ncia al curs \u00e9s totalment gratu\u00efta; solament cal emplenar el FULL D&#8217;INSCRIPCI\u00d3 que estar\u00e0 disponible en la consergeria del Centre Social i en la p\u00e0gina web de l&#8217;Ajuntament de Requena, i presentar-lo en el registre S.A.T. de l&#8217;Ajuntament.<\/p>\n\n\n\n<p class=\"wp-block-paragraph\">L&#8217;acceptaci\u00f3 d&#8217;inscripcions nom\u00e9s est\u00e0 limitada per l&#8217;aforament de l&#8217;aula, podent-se inscriure&#8217;s fins al mateix dia de comen\u00e7ament o completar-se l&#8217;aforament.<\/p>\n\n\n\n<p class=\"wp-block-paragraph\">Les jornades de formaci\u00f3 es realitzaran durant els dijous 16 i 30 de juny de 18 a 20 hores en l&#8217;Espai Cultural Feliciano Antonio Yeves (Av. Raval, 9 de Requena).<\/p>\n","protected":false},"excerpt":{"rendered":"<div class=\"mh-excerpt\">Les jornades de formaci\u00f3 es realitzaran durant els dijous 16 i 30 de juny de 18 a 20 hores en l&#8217;Espai Cultural Feliciano Antonio Yeves (Av. Raval, 9 de Requena). L&#8217;assist\u00e8ncia al curs \u00e9s totalment <a class=\"mh-excerpt-more\" href=\"https:\/\/tucomarca.whitekongsoftware.com\/ca\/requena-presenta-el-xvi-curs-de-formacio-de-voluntariat-en-salut-mental-sota-el-titol-les-3es-del-benestar-ansietat-assertivitat-i-autocures\/\" title=\"Requena presenta el XVI Curs de Formaci\u00f3 de Voluntariat en Salut Mental, sota el t\u00edtol \u201cLes 3es del benestar: (-)Ansietat, (+)Assertivitat i Autocures\u201d\">[+] <\/a><\/div>\n","protected":false},"author":12,"featured_media":159411,"comment_status":"open","ping_status":"open","sticky":false,"template":"","format":"standard","meta":{"footnotes":""},"categories":[11019,11010,10894,10904,10908,10909,10896],"tags":[11099,10910,15279],"class_list":["post-159413","post","type-post","status-publish","format-standard","has-post-thumbnail","category-agenda-ca","category-canal-salud","category-la-comarca-ca","category-sin-categorizar-ca","category-requena-ca","category-requena-utiel-ca","category-seccion-ca","tag-requena-ca","tag-requena-utiel-ca","tag-salud-mental-ca"],"_links":{"self":[{"href":"https:\/\/tucomarca.whitekongsoftware.com\/ca\/wp-json\/wp\/v2\/posts\/159413","targetHints":{"allow":["GET"]}}],"collection":[{"href":"https:\/\/tucomarca.whitekongsoftware.com\/ca\/wp-json\/wp\/v2\/posts"}],"about":[{"href":"https:\/\/tucomarca.whitekongsoftware.com\/ca\/wp-json\/wp\/v2\/types\/post"}],"author":[{"embeddable":true,"href":"https:\/\/tucomarca.whitekongsoftware.com\/ca\/wp-json\/wp\/v2\/users\/12"}],"replies":[{"embeddable":true,"href":"https:\/\/tucomarca.whitekongsoftware.com\/ca\/wp-json\/wp\/v2\/comments?post=159413"}],"version-history":[{"count":0,"href":"https:\/\/tucomarca.whitekongsoftware.com\/ca\/wp-json\/wp\/v2\/posts\/159413\/revisions"}],"wp:featuredmedia":[{"embeddable":true,"href":"https:\/\/tucomarca.whitekongsoftware.com\/ca\/wp-json\/wp\/v2\/media\/159411"}],"wp:attachment":[{"href":"https:\/\/tucomarca.whitekongsoftware.com\/ca\/wp-json\/wp\/v2\/media?parent=159413"}],"wp:term":[{"taxonomy":"category","embeddable":true,"href":"https:\/\/tucomarca.whitekongsoftware.com\/ca\/wp-json\/wp\/v2\/categories?post=159413"},{"taxonomy":"post_tag","embeddable":true,"href":"https:\/\/tucomarca.whitekongsoftware.com\/ca\/wp-json\/wp\/v2\/tags?post=159413"}],"curies":[{"name":"wp","href":"https:\/\/api.w.org\/{rel}","templated":true}]}}