{"id":159406,"date":"2022-06-16T14:00:00","date_gmt":"2022-06-16T12:00:00","guid":{"rendered":"http:\/\/www.tucomarca.com\/wordpress\/segunda\/?p=159406"},"modified":"2022-06-16T20:15:48","modified_gmt":"2022-06-16T18:15:48","slug":"el-central-amador-torna-al-cd-bunyol-que-fitxa-al-mig-centre-alberto-coll-i-al-migcampista-juan-jose-duco","status":"publish","type":"post","link":"https:\/\/tucomarca.whitekongsoftware.com\/ca\/el-central-amador-torna-al-cd-bunyol-que-fitxa-al-mig-centre-alberto-coll-i-al-migcampista-juan-jose-duco\/","title":{"rendered":"El central Amador torna al CD Bunyol que fitxa al mig centre Alberto Coll i al migcampista Juan Jos\u00e9 Duc\u00f3"},"content":{"rendered":"\n<p class=\"wp-block-paragraph\">El central esquerr\u00e0 Amador Di\u00e9guez, torna al CD Bunyol, despr\u00e9s del seu pas pel CD Utiel. El jugador, que tamb\u00e9 pot exercir les funcions de lateral esquerre, torna a casa. El defensor va ser pe\u00e7a clau en la consecuci\u00f3 de l&#8217;\u00faltim t\u00edtol de lliga, aix\u00ed com de la hist\u00f2rica participaci\u00f3 del club blanc en la Copa de S. M. EL REI. Aix\u00ed doncs, el ferri defensor tornar\u00e0 a delectar als nostres aficionats amb la seua contund\u00e8ncia i bona eixida de pilota des de darrere.<\/p>\n\n\n\n<p class=\"wp-block-paragraph\">Alberto Coll signa pel CD Bunyol per a la pr\u00f2xima temporada. El jove jugador defensar\u00e0 la medul\u00b7lar del primer equip. Alberto que va acabar la seua etapa formativa en el Juvenil Divisi\u00f3 d&#8217;Honor del Torre Levante, ha sigut pe\u00e7a vital a la UE L\u2019Alcudia en la present temporada. El mig centre ha sigut el jugador amb m\u00e9s minuts jugats, sent titular en 28 partits, disputant els 90 minuts en tots ells i acumulant en el seu haver m\u00e9s de 2.500 minuts.<\/p>\n\n\n\n<p class=\"wp-block-paragraph\">L&#8217;argent\u00ed Juan Jos\u00e9 Duc\u00f3, que ja destacava en la seua etapa de Juvenil Divisi\u00f3 d&#8217;Honor del Torre Levante i que t\u00e9 una llarga traject\u00f2ria en la Tercera Divisi\u00f3 Valenciana, havent militat en equips com Riba-roja de T\u00faria CF, CD Bunyol, UD Alzira, Paterna CF, Ol\u00edmpic de X\u00e1tiva, Vila-real CF, Recanvis Col\u00f3n i Atl\u00e8tic Sagunt\u00ed, formar\u00e0 part de la primera plantilla del CD Bunyol la pr\u00f2xima temporada. Fitxatge de luxe per a la medul\u00b7lar del club bu\u00f1olense.<\/p>\n","protected":false},"excerpt":{"rendered":"<div class=\"mh-excerpt\">El central esquerr\u00e0 Amador Di\u00e9guez, torna al CD Bunyol, despr\u00e9s del seu pas pel CD Utiel. El jugador, que tamb\u00e9 pot exercir les funcions de lateral esquerre, torna a casa. El defensor va ser pe\u00e7a <a class=\"mh-excerpt-more\" href=\"https:\/\/tucomarca.whitekongsoftware.com\/ca\/el-central-amador-torna-al-cd-bunyol-que-fitxa-al-mig-centre-alberto-coll-i-al-migcampista-juan-jose-duco\/\" title=\"El central Amador torna al CD Bunyol que fitxa al mig centre Alberto Coll i al migcampista Juan Jos\u00e9 Duc\u00f3\">[+] <\/a><\/div>\n","protected":false},"author":1,"featured_media":159404,"comment_status":"open","ping_status":"open","sticky":false,"template":"","format":"standard","meta":{"footnotes":""},"categories":[10911,11015,11003,10894,10912,10896],"tags":[10913,11126,10914],"class_list":["post-159406","post","type-post","status-publish","format-standard","has-post-thumbnail","category-bunol-ca","category-canal-futbol","category-sports","category-la-comarca-ca","category-la-hoya-ca","category-seccion-ca","tag-bunol-ca","tag-cd-bunol-ca","tag-la-hoya-de-bunol-chiva-ca"],"_links":{"self":[{"href":"https:\/\/tucomarca.whitekongsoftware.com\/ca\/wp-json\/wp\/v2\/posts\/159406","targetHints":{"allow":["GET"]}}],"collection":[{"href":"https:\/\/tucomarca.whitekongsoftware.com\/ca\/wp-json\/wp\/v2\/posts"}],"about":[{"href":"https:\/\/tucomarca.whitekongsoftware.com\/ca\/wp-json\/wp\/v2\/types\/post"}],"author":[{"embeddable":true,"href":"https:\/\/tucomarca.whitekongsoftware.com\/ca\/wp-json\/wp\/v2\/users\/1"}],"replies":[{"embeddable":true,"href":"https:\/\/tucomarca.whitekongsoftware.com\/ca\/wp-json\/wp\/v2\/comments?post=159406"}],"version-history":[{"count":0,"href":"https:\/\/tucomarca.whitekongsoftware.com\/ca\/wp-json\/wp\/v2\/posts\/159406\/revisions"}],"wp:featuredmedia":[{"embeddable":true,"href":"https:\/\/tucomarca.whitekongsoftware.com\/ca\/wp-json\/wp\/v2\/media\/159404"}],"wp:attachment":[{"href":"https:\/\/tucomarca.whitekongsoftware.com\/ca\/wp-json\/wp\/v2\/media?parent=159406"}],"wp:term":[{"taxonomy":"category","embeddable":true,"href":"https:\/\/tucomarca.whitekongsoftware.com\/ca\/wp-json\/wp\/v2\/categories?post=159406"},{"taxonomy":"post_tag","embeddable":true,"href":"https:\/\/tucomarca.whitekongsoftware.com\/ca\/wp-json\/wp\/v2\/tags?post=159406"}],"curies":[{"name":"wp","href":"https:\/\/api.w.org\/{rel}","templated":true}]}}