{"id":159396,"date":"2022-06-14T14:43:00","date_gmt":"2022-06-14T12:43:00","guid":{"rendered":"http:\/\/www.tucomarca.com\/wordpress\/segunda\/?p=159396"},"modified":"2022-06-15T10:07:19","modified_gmt":"2022-06-15T08:07:19","slug":"bunyol-realitza-una-consulta-publica-per-a-elaborar-un-reglament-per-al-consell-sectorial-de-la-infancia","status":"publish","type":"post","link":"https:\/\/tucomarca.whitekongsoftware.com\/ca\/bunyol-realitza-una-consulta-publica-per-a-elaborar-un-reglament-per-al-consell-sectorial-de-la-infancia\/","title":{"rendered":"Bunyol realitza una consulta p\u00fablica per a elaborar un reglament per al Consell Sectorial de la Inf\u00e0ncia"},"content":{"rendered":"\n<h4 class=\"wp-block-heading\">Carles Xerri, edil d&#8217;aquesta regidoria, assegura que l&#8217;inter\u00e9s d&#8217;aquesta Regidoria \u00e9s potenciar la participaci\u00f3 infantil de tots els xiquets i xiquetes en els assumptes que els afecten, reconeguda com un dret en la Convenci\u00f3 de Drets del Xiquet, adoptada en l&#8217;Assemblea de Nacions Unides el 20 de novembre de 1989.&nbsp;<\/h4>\n\n\n\n<p class=\"wp-block-paragraph\">La Convenci\u00f3 de Drets del Xiquet ha transformat la manera en qu\u00e8 es considera i es tracta a la inf\u00e0ncia a tot el m\u00f3n, passant a recon\u00e9ixer als infants com a subjecte de drets. La consideraci\u00f3 de la inf\u00e0ncia i adolesc\u00e8ncia com a ciutadania activa; i els principis de no discriminaci\u00f3, d&#8217;escolta i participaci\u00f3 infantil s\u00f3n els pilars sobre els quals s&#8217;assentisca aquesta moci\u00f3.&nbsp;<\/p>\n\n\n\n<p class=\"wp-block-paragraph\">Carles Xerri, regidor de Benestar Social, Educaci\u00f3, Pol\u00edtiques Inclusives i Participaci\u00f3 Ciutadana de l&#8217;Ajuntament de Bunyol informa que en l&#8217;art. 133 de la Llei 39\/2015, d&#8217;1 d&#8217;octubre, prev\u00e9 que amb car\u00e0cter previ a l&#8217;elaboraci\u00f3 del projecte o avantprojecte de llei o de reglament, se substanciar\u00e0 una consulta p\u00fablica, a trav\u00e9s del portal web de l&#8217;Administraci\u00f3 competent en la que es recaptar\u00e0 l&#8217;opini\u00f3 dels subjectes i de les organitzacions m\u00e9s representatives potencialment afectats per la futura norma sobre els problemes que es pretenen solucionar amb la iniciativa; la necessitat i oportunitat de la seua aprovaci\u00f3; els objectius de la norma; i les possibles solucions alternatives reguladores i no reguladores.&nbsp;<\/p>\n\n\n\n<p class=\"wp-block-paragraph\">Confirma que l&#8217;objectiu d&#8217;aquesta regidoria bu\u00f1olense \u00e9s potenciar la participaci\u00f3 infantil de tots els xiquets i xiquetes en els assumptes que els afecten, reconeguda com un dret en la Convenci\u00f3 de Drets del Xiquet, adoptada en l&#8217;Assemblea de Nacions Unides el 20 de novembre de 1989.&nbsp;<\/p>\n\n\n\n<p class=\"wp-block-paragraph\">A m\u00e9s, segons es contempla en l&#8217;art. 130 del RD 2568\/1986, de 28 de novembre, la possibilitat que els ajuntaments establisquen Consells Sectorials destinats a canalitzar la participaci\u00f3 ciutadana, es fa necessari la creaci\u00f3 del Consell Sectorial de la Inf\u00e0ncia, a trav\u00e9s d&#8217;un Reglament que regule la seua composici\u00f3, funcionament i \u00e0mbit d&#8217;actuaci\u00f3.&nbsp;<\/p>\n\n\n\n<p class=\"wp-block-paragraph\">Per aix\u00f2, segons assenyala l&#8217;edil bu\u00f1olense, de conformitat amb el citat art. 133, amb anterioritat a l&#8217;elaboraci\u00f3 d&#8217;aquest Reglament resulta adequat, \u201csubstanciar una consulta p\u00fablica, durant 20 dies h\u00e0bils, a comptar des del seg\u00fcent a la publicaci\u00f3 d&#8217;aquest anunci en la seu electr\u00f2nica, a trav\u00e9s del portal web i de la seu electr\u00f2nica de l&#8217;Ajuntament de Bunyol, i per a aquesta finalitat es trasllada la seg\u00fcent informaci\u00f3, perqu\u00e8 la ciutadania, organitzacions i associacions que aix\u00ed ho consideren puguen fer arribar les seues opinions sobre els aspectes plantejats, a trav\u00e9s de la seu electr\u00f2nica o per qualsevol dels mitjans previstos en el art 16 de la Llei 39\/2015, d&#8217;1 d&#8217;octubre\u201d.&nbsp;<\/p>\n\n\n\n<p class=\"wp-block-paragraph\">Els xiquets, xiquetes, ciutadans i associacions poden participar en aquesta consulta opinant sobre tots els assumptes que els afecten, expressar la seua opini\u00f3 i que aquesta siga tinguda en compte per l&#8217;Ajuntament. Els drets i principis rectors recollits en la Convenci\u00f3 de Drets del Xiquet de les Nacions Unidads configuren un estatut jur\u00eddic de la inf\u00e0ncia i l&#8217;adolesc\u00e8ncia de consens pr\u00e0cticament universal, que estableix les bases perqu\u00e8 puguen desenvolupar el seu ple potencial.&nbsp;<\/p>\n\n\n\n<p class=\"wp-block-paragraph\">I \u00e9s que la participaci\u00f3 infantil est\u00e0 recollida en la Convenci\u00f3 de Drets del Xiquet on l&#8217;article 12 reconeix el dret del xiquet i la xiqueta a expressar la seua opini\u00f3 en tots els assumptes que els afecten i al fet que aquestes siguen tingudes en compte. Tamb\u00e9 fan refer\u00e8ncia a aquest dret els articles 13 (dret a la llibertat d&#8217;expressi\u00f3), 15 (dret a la llibertat d&#8217;associaci\u00f3) i 17 (dret a l&#8217;acc\u00e9s a la informaci\u00f3 adequada).&nbsp;<\/p>\n\n\n\n<p class=\"wp-block-paragraph\">\u201cLa participaci\u00f3 \u00e9s un dret fonamental de tots els xiquets i xiquetes: de totes les edats, de totes les comunitats, de totes les capacitats i de totes les parts de la societat. No s&#8217;hauria d&#8217;excloure a cap. Permetre que s&#8217;involucren en decisions que els afecten \u00e9s un reconeixement inherent de la La Regidoria de Benestar Social, Educaci\u00f3, Pol\u00edtiques Inclusives i Participaci\u00f3 Ciutadana de Bunyol realitza una consulta p\u00fablica per a elaborar un reglament per al Consell Sectorial de la Inf\u00e0ncia<br>Carles Xerri, edil d&#8217;aquesta regidoria, assegura que l&#8217;inter\u00e9s d&#8217;aquesta Regidoria \u00e9s potenciar la participaci\u00f3 infantil de tots els xiquets i xiquetes en els assumptes que els afecten, reconeguda com un dret en la Convenci\u00f3 de Drets del Xiquet, adoptada en l&#8217;Assemblea de Nacions Unides el 20 de novembre de 1989.&nbsp;<\/p>\n\n\n\n<p class=\"wp-block-paragraph\">La Convenci\u00f3 de Drets del Xiquet ha transformat la manera en qu\u00e8 es considera i es tracta a la inf\u00e0ncia a tot el m\u00f3n, passant a recon\u00e9ixer als infants com a subjecte de drets. La consideraci\u00f3 de la inf\u00e0ncia i adolesc\u00e8ncia com a ciutadania activa; i els principis de no discriminaci\u00f3, d&#8217;escolta i participaci\u00f3 infantil s\u00f3n els pilars sobre els quals s&#8217;assentisca aquesta moci\u00f3.&nbsp;<\/p>\n\n\n\n<p class=\"wp-block-paragraph\">Carles Xerri, regidor de Benestar Social, Educaci\u00f3, Pol\u00edtiques Inclusives i Participaci\u00f3 Ciutadana de l&#8217;Ajuntament de Bunyol informa que en l&#8217;art. 133 de la Llei 39\/2015, d&#8217;1 d&#8217;octubre, prev\u00e9 que amb car\u00e0cter previ a l&#8217;elaboraci\u00f3 del projecte o avantprojecte de llei o de reglament, se substanciar\u00e0 una consulta p\u00fablica, a trav\u00e9s del portal web de l&#8217;Administraci\u00f3 competent en la que es recaptar\u00e0 l&#8217;opini\u00f3 dels subjectes i de les organitzacions m\u00e9s representatives potencialment afectats per la futura norma sobre els problemes que es pretenen solucionar amb la iniciativa; la necessitat i oportunitat de la seua aprovaci\u00f3; els objectius de la norma; i les possibles solucions alternatives reguladores i no reguladores.&nbsp;<\/p>\n\n\n\n<p class=\"wp-block-paragraph\">Confirma que l&#8217;objectiu d&#8217;aquesta regidoria bu\u00f1olense \u00e9s potenciar la participaci\u00f3 infantil de tots els xiquets i xiquetes en els assumptes que els afecten, reconeguda com un dret en la Convenci\u00f3 de Drets del Xiquet, adoptada en l&#8217;Assemblea de Nacions Unides el 20 de novembre de 1989.&nbsp;<\/p>\n\n\n\n<p class=\"wp-block-paragraph\">A m\u00e9s, segons es contempla en l&#8217;art. 130 del RD 2568\/1986, de 28 de novembre, la possibilitat que els ajuntaments establisquen Consells Sectorials destinats a canalitzar la participaci\u00f3 ciutadana, es fa necessari la creaci\u00f3 del Consell Sectorial de la Inf\u00e0ncia, a trav\u00e9s d&#8217;un Reglament que regule la seua composici\u00f3, funcionament i \u00e0mbit d&#8217;actuaci\u00f3.&nbsp;<\/p>\n\n\n\n<p class=\"wp-block-paragraph\">Per aix\u00f2, segons assenyala l&#8217;edil bu\u00f1olense, de conformitat amb el citat art. 133, amb anterioritat a l&#8217;elaboraci\u00f3 d&#8217;aquest Reglament resulta adequat, \u201csubstanciar una consulta p\u00fablica, durant 20 dies h\u00e0bils, a comptar des del seg\u00fcent a la publicaci\u00f3 d&#8217;aquest anunci en la seu electr\u00f2nica, a trav\u00e9s del portal web i de la seu electr\u00f2nica de l&#8217;Ajuntament de Bunyol, i per a aquesta finalitat es trasllada la seg\u00fcent informaci\u00f3, perqu\u00e8 la ciutadania, organitzacions i associacions que aix\u00ed ho consideren puguen fer arribar les seues opinions sobre els aspectes plantejats, a trav\u00e9s de la seu electr\u00f2nica o per qualsevol dels mitjans previstos en el art 16 de la Llei 39\/2015, d&#8217;1 d&#8217;octubre\u201d.&nbsp;<\/p>\n\n\n\n<p class=\"wp-block-paragraph\">Els xiquets, xiquetes, ciutadans i associacions poden participar en aquesta consulta opinant sobre tots els assumptes que els afecten, expressar la seua opini\u00f3 i que aquesta siga tinguda en compte per l&#8217;Ajuntament. Els drets i principis rectors recollits en la Convenci\u00f3 de Drets del Xiquet de les Nacions Unidads configuren un estatut jur\u00eddic de la inf\u00e0ncia i l&#8217;adolesc\u00e8ncia de consens pr\u00e0cticament universal, que estableix les bases perqu\u00e8 puguen desenvolupar el seu ple potencial.&nbsp;<\/p>\n\n\n\n<p class=\"wp-block-paragraph\">I \u00e9s que la participaci\u00f3 infantil est\u00e0 recollida en la Convenci\u00f3 de Drets del Xiquet on l&#8217;article 12 reconeix el dret del xiquet i la xiqueta a expressar la seua opini\u00f3 en tots els assumptes que els afecten i al fet que aquestes siguen tingudes en compte. Tamb\u00e9 fan refer\u00e8ncia a aquest dret els articles 13 (dret a la llibertat d&#8217;expressi\u00f3), 15 (dret a la llibertat d&#8217;associaci\u00f3) i 17 (dret a l&#8217;acc\u00e9s a la informaci\u00f3 adequada).&nbsp;<\/p>\n\n\n\n<p class=\"wp-block-paragraph\">\u201cLa participaci\u00f3 \u00e9s un dret fonamental de tots els xiquets i xiquetes: de totes les edats, de totes les comunitats, de totes les capacitats i de totes les parts de la societat. No s&#8217;hauria d&#8217;excloure a cap. Permetre que s&#8217;involucren en decisions que els afecten \u00e9s un reconeixement inherent de la dignitat humana. Tamb\u00e9 \u00e9s una manera de complir altres drets, com protegir i assegurar que la pol\u00edtica local respon a les seues necessitats i prioritats\u201d, destaca Carles Xerri.&nbsp;<\/p>\n\n\n\n<p class=\"wp-block-paragraph\">Ent\u00e9n que la seua participaci\u00f3 \u00e9s essencial per a assegurar que les pol\u00edtiques, serveis i instal\u00b7lacions que utilitzen o els afecten reflecteixen i aborden les seues preocupacions, idees i prioritats. A m\u00e9s, gr\u00e0cies a la seua involucraci\u00f3, ha quedat demostrat que adquireixen majors compet\u00e8ncies, habilitats i coneixement que enriqueix a la comunitat en la qual resideixen.&nbsp;<\/p>\n\n\n\n<p class=\"wp-block-paragraph\">Finalitza l&#8217;edil dient: \u201cAquesta iniciativa no sols \u00e9s una obligaci\u00f3 per al compliment dels drets dels xiquets, xiquetes i adolescents, sin\u00f3 un refor\u00e7 del nostre comprom\u00eds amb les generacions futures fent-los part\u00edcips en les decisions que tenen a veure amb les seues vides protegint els seus interessos presents i futurs. Aquest dret al fet que la seua opini\u00f3 siga escoltada i presa en consideraci\u00f3 en tots els assumptes que els afecten, tant individual com col\u00b7lectivament, \u00e9s un eix transversal que pret\u00e9n aconseguir una alian\u00e7a intergeneracional necess\u00e0ria per a garantir la cohesi\u00f3 social en el nostre municipi\u201d.<\/p>\n\n\n\n<p class=\"wp-block-paragraph\"><\/p>\n","protected":false},"excerpt":{"rendered":"<div class=\"mh-excerpt\">Carles Xerri, edil d&#8217;aquesta regidoria, assegura que l&#8217;inter\u00e9s d&#8217;aquesta Regidoria \u00e9s potenciar la participaci\u00f3 infantil de tots els xiquets i xiquetes en els assumptes que els afecten, reconeguda com un dret en la Convenci\u00f3 de <a class=\"mh-excerpt-more\" href=\"https:\/\/tucomarca.whitekongsoftware.com\/ca\/bunyol-realitza-una-consulta-publica-per-a-elaborar-un-reglament-per-al-consell-sectorial-de-la-infancia\/\" title=\"Bunyol realitza una consulta p\u00fablica per a elaborar un reglament per al Consell Sectorial de la Inf\u00e0ncia\">[+] <\/a><\/div>\n","protected":false},"author":12,"featured_media":159395,"comment_status":"open","ping_status":"open","sticky":false,"template":"","format":"standard","meta":{"footnotes":""},"categories":[10911,10894,10912,10947,10896],"tags":[10913,17364,17365,10914,13030],"class_list":["post-159396","post","type-post","status-publish","format-standard","has-post-thumbnail","category-bunol-ca","category-la-comarca-ca","category-la-hoya-ca","category-politica","category-seccion-ca","tag-bunol-ca","tag-consejo-sectorial-de-la-infancia-ca","tag-derechos-del-nino-ca","tag-la-hoya-de-bunol-chiva-ca","tag-politicas-sociales-ca"],"_links":{"self":[{"href":"https:\/\/tucomarca.whitekongsoftware.com\/ca\/wp-json\/wp\/v2\/posts\/159396","targetHints":{"allow":["GET"]}}],"collection":[{"href":"https:\/\/tucomarca.whitekongsoftware.com\/ca\/wp-json\/wp\/v2\/posts"}],"about":[{"href":"https:\/\/tucomarca.whitekongsoftware.com\/ca\/wp-json\/wp\/v2\/types\/post"}],"author":[{"embeddable":true,"href":"https:\/\/tucomarca.whitekongsoftware.com\/ca\/wp-json\/wp\/v2\/users\/12"}],"replies":[{"embeddable":true,"href":"https:\/\/tucomarca.whitekongsoftware.com\/ca\/wp-json\/wp\/v2\/comments?post=159396"}],"version-history":[{"count":0,"href":"https:\/\/tucomarca.whitekongsoftware.com\/ca\/wp-json\/wp\/v2\/posts\/159396\/revisions"}],"wp:featuredmedia":[{"embeddable":true,"href":"https:\/\/tucomarca.whitekongsoftware.com\/ca\/wp-json\/wp\/v2\/media\/159395"}],"wp:attachment":[{"href":"https:\/\/tucomarca.whitekongsoftware.com\/ca\/wp-json\/wp\/v2\/media?parent=159396"}],"wp:term":[{"taxonomy":"category","embeddable":true,"href":"https:\/\/tucomarca.whitekongsoftware.com\/ca\/wp-json\/wp\/v2\/categories?post=159396"},{"taxonomy":"post_tag","embeddable":true,"href":"https:\/\/tucomarca.whitekongsoftware.com\/ca\/wp-json\/wp\/v2\/tags?post=159396"}],"curies":[{"name":"wp","href":"https:\/\/api.w.org\/{rel}","templated":true}]}}