{"id":159342,"date":"2022-06-14T15:00:00","date_gmt":"2022-06-14T13:00:00","guid":{"rendered":"http:\/\/www.tucomarca.com\/wordpress\/segunda\/?p=159342"},"modified":"2022-06-14T15:15:41","modified_gmt":"2022-06-14T13:15:41","slug":"la-guardia-civil-rescata-a-ademus-a-un-home-de-86-anys-desaparegut-que-havia-patit-un-aparatos-accident-de-transit","status":"publish","type":"post","link":"https:\/\/tucomarca.whitekongsoftware.com\/ca\/la-guardia-civil-rescata-a-ademus-a-un-home-de-86-anys-desaparegut-que-havia-patit-un-aparatos-accident-de-transit\/","title":{"rendered":"La Gu\u00e0rdia Civil rescata a Adem\u00fas a un home de 86 anys desaparegut que havia patit un aparat\u00f3s accident de tr\u00e0nsit"},"content":{"rendered":"\n<h4 class=\"wp-block-heading\"><strong>La v\u00edctima, de 86 anys d&#8217;edat, havia tingut un accident en la N-330 en el qual havia bolcat el seu vehicle<\/strong><\/h4>\n\n\n\n<h4 class=\"wp-block-heading\"><strong>L&#8217;efica\u00e7 actuaci\u00f3 de la Gu\u00e0rdia Civil va permetre la seua r\u00e0pida localitzaci\u00f3 i trasllat a centre m\u00e8dic<\/strong><\/h4>\n\n\n\n<p class=\"wp-block-paragraph\">La Gu\u00e0rdia Civil de Val\u00e8ncia rescata a un home de 86 anys que havia patit un aparat\u00f3s accident de tr\u00e0nsit i que es trobava desaparegut.<br>Denunciada la desaparici\u00f3 a les 20.45 del dia 13 de juny, es va activar en aqueix mateix moment un dispositiu per a la seua cerca. El mat\u00ed del dia 14 de juny es va implicar tamb\u00e9 l&#8217;helic\u00f2pter del Servei Aeri i el Grup de Rescat i Intervenci\u00f3 en Muntanya de la Gu\u00e0rdia Civil. Tamb\u00e9 van participar en la cerca 3 brigades forestals, bombers de la diputaci\u00f3 i un coordinador de brigades forestals.<br>Sobre les 12.10 del dia 14 de juny un ciutad\u00e0 va albirar un vehicle accidentat en un cam\u00ed que eixia de la N-330, informant en aqueix moment a una patrulla de servei que es trobava en les proximitats.&nbsp;<br>Instants m\u00e9s tard es va poder verificar que el desaparegut es trobava a l&#8217;interior del vehicle, que estava bolcat. Es va procedir immediatament al seu rescat i trasllat al centre hospitalari m\u00e9s pr\u00f2xim. En aparen\u00e7a no presentava ferides de gravetat.<\/p>\n\n\n\n<figure class=\"wp-block-image size-large\"><img loading=\"lazy\" decoding=\"async\" width=\"768\" height=\"1024\" src=\"http:\/\/www.tucomarca.com\/wordpress\/segunda\/wp-content\/uploads\/2022\/06\/Ademuz2GC-768x1024.jpeg\" alt=\"\" class=\"wp-image-159336\" srcset=\"https:\/\/tucomarca.whitekongsoftware.com\/wp-content\/uploads\/2022\/06\/Ademuz2GC-768x1024.jpeg 768w, https:\/\/tucomarca.whitekongsoftware.com\/wp-content\/uploads\/2022\/06\/Ademuz2GC-225x300.jpeg 225w, https:\/\/tucomarca.whitekongsoftware.com\/wp-content\/uploads\/2022\/06\/Ademuz2GC-1152x1536.jpeg 1152w, https:\/\/tucomarca.whitekongsoftware.com\/wp-content\/uploads\/2022\/06\/Ademuz2GC.jpeg 1200w\" sizes=\"auto, (max-width: 768px) 100vw, 768px\" \/><\/figure>\n\n\n\n<figure class=\"wp-block-image size-large\"><img loading=\"lazy\" decoding=\"async\" width=\"1024\" height=\"473\" src=\"http:\/\/www.tucomarca.com\/wordpress\/segunda\/wp-content\/uploads\/2022\/06\/Ademuz3GC-1024x473.jpeg\" alt=\"\" class=\"wp-image-159338\" srcset=\"https:\/\/tucomarca.whitekongsoftware.com\/wp-content\/uploads\/2022\/06\/Ademuz3GC-1024x473.jpeg 1024w, https:\/\/tucomarca.whitekongsoftware.com\/wp-content\/uploads\/2022\/06\/Ademuz3GC-300x139.jpeg 300w, https:\/\/tucomarca.whitekongsoftware.com\/wp-content\/uploads\/2022\/06\/Ademuz3GC-768x355.jpeg 768w, https:\/\/tucomarca.whitekongsoftware.com\/wp-content\/uploads\/2022\/06\/Ademuz3GC-1536x710.jpeg 1536w, https:\/\/tucomarca.whitekongsoftware.com\/wp-content\/uploads\/2022\/06\/Ademuz3GC.jpeg 2048w\" sizes=\"auto, (max-width: 1024px) 100vw, 1024px\" \/><\/figure>\n","protected":false},"excerpt":{"rendered":"<div class=\"mh-excerpt\">La v\u00edctima, de 86 anys d&#8217;edat, havia tingut un accident en la N-330 en el qual havia bolcat el seu vehicle L&#8217;efica\u00e7 actuaci\u00f3 de la Gu\u00e0rdia Civil va permetre la seua r\u00e0pida localitzaci\u00f3 i trasllat <a class=\"mh-excerpt-more\" href=\"https:\/\/tucomarca.whitekongsoftware.com\/ca\/la-guardia-civil-rescata-a-ademus-a-un-home-de-86-anys-desaparegut-que-havia-patit-un-aparatos-accident-de-transit\/\" title=\"La Gu\u00e0rdia Civil rescata a Adem\u00fas a un home de 86 anys desaparegut que havia patit un aparat\u00f3s accident de tr\u00e0nsit\">[+] <\/a><\/div>\n","protected":false},"author":1,"featured_media":159347,"comment_status":"open","ping_status":"open","sticky":false,"template":"","format":"standard","meta":{"footnotes":""},"categories":[10890,10926,10898,10894,10896,10897],"tags":[12448,11097,11413,11118,12039],"class_list":["post-159342","post","type-post","status-publish","format-standard","has-post-thumbnail","category-ademus","category-ademus-ca","category-ventana-ca","category-la-comarca-ca","category-seccion-ca","category-sucesos-la-comarca-ca","tag-accidente-ca","tag-ademuz-ca","tag-el-rincon-de-ademuz-ca","tag-guardia-civil-ca","tag-rincon-de-ademuz-ca"],"_links":{"self":[{"href":"https:\/\/tucomarca.whitekongsoftware.com\/ca\/wp-json\/wp\/v2\/posts\/159342","targetHints":{"allow":["GET"]}}],"collection":[{"href":"https:\/\/tucomarca.whitekongsoftware.com\/ca\/wp-json\/wp\/v2\/posts"}],"about":[{"href":"https:\/\/tucomarca.whitekongsoftware.com\/ca\/wp-json\/wp\/v2\/types\/post"}],"author":[{"embeddable":true,"href":"https:\/\/tucomarca.whitekongsoftware.com\/ca\/wp-json\/wp\/v2\/users\/1"}],"replies":[{"embeddable":true,"href":"https:\/\/tucomarca.whitekongsoftware.com\/ca\/wp-json\/wp\/v2\/comments?post=159342"}],"version-history":[{"count":0,"href":"https:\/\/tucomarca.whitekongsoftware.com\/ca\/wp-json\/wp\/v2\/posts\/159342\/revisions"}],"wp:featuredmedia":[{"embeddable":true,"href":"https:\/\/tucomarca.whitekongsoftware.com\/ca\/wp-json\/wp\/v2\/media\/159347"}],"wp:attachment":[{"href":"https:\/\/tucomarca.whitekongsoftware.com\/ca\/wp-json\/wp\/v2\/media?parent=159342"}],"wp:term":[{"taxonomy":"category","embeddable":true,"href":"https:\/\/tucomarca.whitekongsoftware.com\/ca\/wp-json\/wp\/v2\/categories?post=159342"},{"taxonomy":"post_tag","embeddable":true,"href":"https:\/\/tucomarca.whitekongsoftware.com\/ca\/wp-json\/wp\/v2\/tags?post=159342"}],"curies":[{"name":"wp","href":"https:\/\/api.w.org\/{rel}","templated":true}]}}