{"id":158864,"date":"2022-06-09T09:05:00","date_gmt":"2022-06-09T07:05:00","guid":{"rendered":"http:\/\/www.tucomarca.com\/wordpress\/segunda\/?p=158864"},"modified":"2022-06-09T12:10:16","modified_gmt":"2022-06-09T10:10:16","slug":"el-mercat-medieval-del-parc-de-sant-lluis-de-bunyol-es-tanca-amb-una-elevada-assistencia-de-public-i-participacio","status":"publish","type":"post","link":"https:\/\/tucomarca.whitekongsoftware.com\/ca\/el-mercat-medieval-del-parc-de-sant-lluis-de-bunyol-es-tanca-amb-una-elevada-assistencia-de-public-i-participacio\/","title":{"rendered":"El Mercat Medieval del Parc de Sant Llu\u00eds de Bunyol es tanca amb una elevada assist\u00e8ncia de p\u00fablic i participaci\u00f3"},"content":{"rendered":"\n<figure class=\"wp-block-gallery columns-2 is-cropped wp-block-gallery-1 is-layout-flex wp-block-gallery-is-layout-flex\"><ul class=\"blocks-gallery-grid\"><li class=\"blocks-gallery-item\"><figure><img loading=\"lazy\" decoding=\"async\" width=\"1024\" height=\"768\" src=\"http:\/\/www.tucomarca.com\/wordpress\/segunda\/wp-content\/uploads\/2022\/06\/mercadomedieval1-1024x768.jpg\" alt=\"\" data-id=\"158853\" data-full-url=\"http:\/\/www.tucomarca.com\/wordpress\/segunda\/wp-content\/uploads\/2022\/06\/mercadomedieval1.jpg\" data-link=\"http:\/\/www.tucomarca.com\/wordpress\/segunda\/?attachment_id=158853\" class=\"wp-image-158853\" srcset=\"https:\/\/tucomarca.whitekongsoftware.com\/wp-content\/uploads\/2022\/06\/mercadomedieval1-1024x768.jpg 1024w, https:\/\/tucomarca.whitekongsoftware.com\/wp-content\/uploads\/2022\/06\/mercadomedieval1-300x225.jpg 300w, https:\/\/tucomarca.whitekongsoftware.com\/wp-content\/uploads\/2022\/06\/mercadomedieval1-768x576.jpg 768w, https:\/\/tucomarca.whitekongsoftware.com\/wp-content\/uploads\/2022\/06\/mercadomedieval1-678x509.jpg 678w, https:\/\/tucomarca.whitekongsoftware.com\/wp-content\/uploads\/2022\/06\/mercadomedieval1-326x245.jpg 326w, https:\/\/tucomarca.whitekongsoftware.com\/wp-content\/uploads\/2022\/06\/mercadomedieval1-80x60.jpg 80w, https:\/\/tucomarca.whitekongsoftware.com\/wp-content\/uploads\/2022\/06\/mercadomedieval1.jpg 1181w\" sizes=\"auto, (max-width: 1024px) 100vw, 1024px\" \/><\/figure><\/li><li class=\"blocks-gallery-item\"><figure><img loading=\"lazy\" decoding=\"async\" width=\"1024\" height=\"768\" src=\"http:\/\/www.tucomarca.com\/wordpress\/segunda\/wp-content\/uploads\/2022\/06\/MercadoMedieval4-1024x768.jpg\" alt=\"\" data-id=\"158857\" data-full-url=\"http:\/\/www.tucomarca.com\/wordpress\/segunda\/wp-content\/uploads\/2022\/06\/MercadoMedieval4.jpg\" data-link=\"http:\/\/www.tucomarca.com\/wordpress\/segunda\/?attachment_id=158857\" class=\"wp-image-158857\" srcset=\"https:\/\/tucomarca.whitekongsoftware.com\/wp-content\/uploads\/2022\/06\/MercadoMedieval4-1024x768.jpg 1024w, https:\/\/tucomarca.whitekongsoftware.com\/wp-content\/uploads\/2022\/06\/MercadoMedieval4-300x225.jpg 300w, https:\/\/tucomarca.whitekongsoftware.com\/wp-content\/uploads\/2022\/06\/MercadoMedieval4-768x576.jpg 768w, https:\/\/tucomarca.whitekongsoftware.com\/wp-content\/uploads\/2022\/06\/MercadoMedieval4-1536x1152.jpg 1536w, https:\/\/tucomarca.whitekongsoftware.com\/wp-content\/uploads\/2022\/06\/MercadoMedieval4-678x509.jpg 678w, https:\/\/tucomarca.whitekongsoftware.com\/wp-content\/uploads\/2022\/06\/MercadoMedieval4-326x245.jpg 326w, https:\/\/tucomarca.whitekongsoftware.com\/wp-content\/uploads\/2022\/06\/MercadoMedieval4-80x60.jpg 80w, https:\/\/tucomarca.whitekongsoftware.com\/wp-content\/uploads\/2022\/06\/MercadoMedieval4.jpg 1600w\" sizes=\"auto, (max-width: 1024px) 100vw, 1024px\" \/><\/figure><\/li><\/ul><\/figure>\n\n\n\n<p class=\"wp-block-paragraph\">Per primera vegada es va organitzar el tradicional Mercat Medieval de Bunyol en el Passeig de Sant Llu\u00eds de la localitat. Un lloc fresc, ric en naturalesa i plagat de patrimoni amb el seu impressionant Auditori de Sant Llu\u00eds a l&#8217;aire lliure, l&#8217;ermita i el toll de Sant Llu\u00eds. La Falla Vendes de la localitat \u00e9s l&#8217;encarregada d&#8217;organitzar un any m\u00e9s aquest mercat, que despr\u00e9s de dos anys d&#8217;abs\u00e8ncia per la pand\u00e8mia la poblaci\u00f3 ha respost brillantment.<br>Rafa P\u00e9rez, regidor de Cultura Popular de l&#8217;Ajuntament de Bunyol, confirmava l&#8217;\u00e8xit tant d&#8217;assist\u00e8ncia com de participaci\u00f3 en tots els actes que s&#8217;han organitzat de manera paral\u00b7lela al Mercat com la Discom\u00f3vil, el mon\u00f2leg i el Tribut a l&#8217;\u00daltim de la Fila. En total 35 llocs de tota mena simulant l&#8217;\u00e8poca medieval.&nbsp;<br>Aquesta falla va instal\u00b7lar una gran barra on servien begudes i entrepans per al gaudi de les nits d&#8217;estiu. El p\u00fablic procedent de tota la comarca i voltants va gaudir molt de veure artesania en viu, degustar productes t\u00edpics i contemplar m\u00fasics medievals que es passejaven per tot el recinte del mercat. Activitats per a tots en un gran ambient festiu i d&#8217;excel\u00b7lent qualitat des del divendres fins al diumenge.&nbsp;<br>L&#8217;edil del ram assegura que la bona sintonia amb la Falla Vendes, organitzadora d&#8217;aquest esdeveniment des de fa diversos anys, es va reflectir en un Mercat Medieval en el qual tots els visitants van gaudir molt\u00edssim. \u201cEstem molt satisfets tant des de l&#8217;Ajuntament com des d&#8217;aquesta falla bu\u00f1olense de com ha eixit tot i com va gaudir la gent. Sempre mostren la seua passi\u00f3 pel treball i des de l&#8217;Ajuntament li posem sempre totes les facilitats\u201d, va finalitzar P\u00e9rez.<\/p>\n\n\n\n<p class=\"wp-block-paragraph\"><\/p>\n\n\n\n<p class=\"wp-block-paragraph\">Rafa P\u00e9rez, concejal de Cultura Popular del Ayuntamiento de Bu\u00f1ol, confirmaba el \u00e9xito tanto de asistencia como de participaci\u00f3n en todos los actos que se han organizado de forma paralela al Mercado como la Discom\u00f3vil, el mon\u00f3logo y el Tributo al \u00daltimo de la Fila. En total 35 puestos de todo tipo simulando la \u00e9poca medieval.&nbsp;<\/p>\n\n\n\n<p class=\"wp-block-paragraph\">Esta falla instal\u00f3 una gran barra donde serv\u00edan bebidas y bocadillos para el disfrute de las noches de verano. El p\u00fablico procedente de toda la comarca y alrededores disfrut\u00f3 mucho de ver artesan\u00eda en vivo, degustar productos t\u00edpicos y contemplar m\u00fasicos medievales que se paseaban por todo el recinto del mercado. Actividades para todos en un gran ambiente festivo y de excelente calidad desde el viernes hasta el domingo.&nbsp;<\/p>\n\n\n\n<p class=\"wp-block-paragraph\">El edil del ramo asegura que la buena sinton\u00eda con la Falla Ventas, organizadora de este evento desde hace varios a\u00f1os, se reflej\u00f3 en un Mercado Medieval en el que todos los visitantes disfrutaron much\u00edsimo. \u201cEstamos muy satisfechos tanto desde el Ayuntamiento como desde esta falla bu\u00f1olense de c\u00f3mo ha salido todo y c\u00f3mo disfrut\u00f3 la gente. Siempre muestran su pasi\u00f3n por el trabajo y desde el Ayuntamiento le ponemos siempre todas las facilidades\u201d, finaliz\u00f3 P\u00e9rez.<\/p>\n","protected":false},"excerpt":{"rendered":"<div class=\"mh-excerpt\">Per primera vegada es va organitzar el tradicional Mercat Medieval de Bunyol en el Passeig de Sant Llu\u00eds de la localitat. Un lloc fresc, ric en naturalesa i plagat de patrimoni amb el seu impressionant <a class=\"mh-excerpt-more\" href=\"https:\/\/tucomarca.whitekongsoftware.com\/ca\/el-mercat-medieval-del-parc-de-sant-lluis-de-bunyol-es-tanca-amb-una-elevada-assistencia-de-public-i-participacio\/\" title=\"El Mercat Medieval del Parc de Sant Llu\u00eds de Bunyol es tanca amb una elevada assist\u00e8ncia de p\u00fablic i participaci\u00f3\">[+] <\/a><\/div>\n","protected":false},"author":12,"featured_media":158856,"comment_status":"open","ping_status":"open","sticky":false,"template":"","format":"standard","meta":{"footnotes":""},"categories":[10911,10894,10912,10896],"tags":[10913,17319,10914,17305],"class_list":["post-158864","post","type-post","status-publish","format-standard","has-post-thumbnail","category-bunol-ca","category-la-comarca-ca","category-la-hoya-ca","category-seccion-ca","tag-bunol-ca","tag-falla-las-ventas-ca","tag-la-hoya-de-bunol-chiva-ca","tag-mercado-medieval-ca"],"_links":{"self":[{"href":"https:\/\/tucomarca.whitekongsoftware.com\/ca\/wp-json\/wp\/v2\/posts\/158864","targetHints":{"allow":["GET"]}}],"collection":[{"href":"https:\/\/tucomarca.whitekongsoftware.com\/ca\/wp-json\/wp\/v2\/posts"}],"about":[{"href":"https:\/\/tucomarca.whitekongsoftware.com\/ca\/wp-json\/wp\/v2\/types\/post"}],"author":[{"embeddable":true,"href":"https:\/\/tucomarca.whitekongsoftware.com\/ca\/wp-json\/wp\/v2\/users\/12"}],"replies":[{"embeddable":true,"href":"https:\/\/tucomarca.whitekongsoftware.com\/ca\/wp-json\/wp\/v2\/comments?post=158864"}],"version-history":[{"count":0,"href":"https:\/\/tucomarca.whitekongsoftware.com\/ca\/wp-json\/wp\/v2\/posts\/158864\/revisions"}],"wp:featuredmedia":[{"embeddable":true,"href":"https:\/\/tucomarca.whitekongsoftware.com\/ca\/wp-json\/wp\/v2\/media\/158856"}],"wp:attachment":[{"href":"https:\/\/tucomarca.whitekongsoftware.com\/ca\/wp-json\/wp\/v2\/media?parent=158864"}],"wp:term":[{"taxonomy":"category","embeddable":true,"href":"https:\/\/tucomarca.whitekongsoftware.com\/ca\/wp-json\/wp\/v2\/categories?post=158864"},{"taxonomy":"post_tag","embeddable":true,"href":"https:\/\/tucomarca.whitekongsoftware.com\/ca\/wp-json\/wp\/v2\/tags?post=158864"}],"curies":[{"name":"wp","href":"https:\/\/api.w.org\/{rel}","templated":true}]}}