{"id":158829,"date":"2022-06-08T10:00:00","date_gmt":"2022-06-08T08:00:00","guid":{"rendered":"http:\/\/www.tucomarca.com\/wordpress\/segunda\/?p=158829"},"modified":"2022-06-08T13:25:23","modified_gmt":"2022-06-08T11:25:23","slug":"el-prya-denuncia-que-tan-sols-hi-ha-3-persones-en-la-brigada-de-neteja-de-la-ciutat-de-requena","status":"publish","type":"post","link":"https:\/\/tucomarca.whitekongsoftware.com\/ca\/el-prya-denuncia-que-tan-sols-hi-ha-3-persones-en-la-brigada-de-neteja-de-la-ciutat-de-requena\/","title":{"rendered":"El PRyA den\u00fancia que tan sols hi ha 3 persones en la brigada de neteja de la Ciutat de Requena"},"content":{"rendered":"\n<h4 class=\"wp-block-heading\">El portaveu municipal del PRyA, Joaqu\u00edn Gonz\u00e1lez Gonz\u00e1lez, den\u00fancia que el govern socialista de Mario S\u00e1nchez no ofereix els serveis p\u00fablics b\u00e0sics als requenenses&nbsp;<\/h4>\n\n\n\n<p class=\"wp-block-paragraph\">Des del Partit de Requena i Llogarets denuncien que \u201ctan sols hi ha tres persones destinades a la neteja a la ciutat de Requena, dues a peu i un en la barredora, una cosa totalment insuficient per a tot el nucli urb\u00e0\u201d.&nbsp;<br>\u201cDes de fa temps s&#8217;estan produint baixes en la brigada de neteja sense que des del govern socialista de Mario S\u00e1nchez es fa\u00e7a res per cobrir-les amb m\u00e9s personal, amb l&#8217;objectiu d&#8217;estalviar aqueixos sous i que vagen a engrossir el super\u00e0vit del qual tant fa gala l&#8217;alcalde.&nbsp;<br>\u00c9s per tot aix\u00f2 que la brut\u00edcia acumulada per la falta de neteja s&#8217;est\u00e0 incrementant en tota Requena, al que cal sumar l&#8217;abund\u00e0ncia de males herbes que tots els anys patim en aquesta \u00e8poca.&nbsp;<br>Vaja per davant el m\u00e9s absolut suport del PRyA als treballadors de la brigada de neteja vi\u00e0ria, perqu\u00e8 fan tot el treball possible malgrat ser nom\u00e9s tres persones.&nbsp;<br>El que no podem consentir des del PRyA \u00e9s que des del govern de PSOE i Podemos s&#8217;est\u00e0 fent gala de tindre super\u00e0vit en els comptes de l&#8217;Ajuntament quan no es cobreixen els serveis p\u00fablics b\u00e0sics que s\u00f3n d&#8217;obligat compliment.&nbsp;<br>L&#8217;Ajuntament de Requena no t\u00e9 super\u00e0vit per la bona gesti\u00f3 del govern municipal, al contrari, el t\u00e9 per no gestionar les partides pressupost\u00e0ries necess\u00e0ries i per no cobrir els serveis p\u00fablics b\u00e0sics, \u00e9s a dir, per aplicar retallades encobertes per a estalviara aqueixos diners i gastar-lo en l&#8217;ultime any en obres per tot el municipi de cara a les eleccions municipals de 2023. Aix\u00ed ha aconseguit el super\u00e0vit el govern socialista de Requena.&nbsp;<br>Des del PRyA exigim a l&#8217;alcalde socialista Mario S\u00e1nchez que cobrisca amb els diners del super\u00e0vit tots els llocs de treball necessaris en les brigades municipals, policia local, urbanisme i administraci\u00f3 interna per a donar un servei de qualitat als requenenses\u201d.<\/p>\n\n\n\n<p class=\"wp-block-paragraph\"><\/p>\n","protected":false},"excerpt":{"rendered":"<div class=\"mh-excerpt\">El portaveu municipal del PRyA, Joaqu\u00edn Gonz\u00e1lez Gonz\u00e1lez, den\u00fancia que el govern socialista de Mario S\u00e1nchez no ofereix els serveis p\u00fablics b\u00e0sics als requenenses&nbsp; Des del Partit de Requena i Llogarets denuncien que \u201ctan sols <a class=\"mh-excerpt-more\" href=\"https:\/\/tucomarca.whitekongsoftware.com\/ca\/el-prya-denuncia-que-tan-sols-hi-ha-3-persones-en-la-brigada-de-neteja-de-la-ciutat-de-requena\/\" title=\"El PRyA den\u00fancia que tan sols hi ha 3 persones en la brigada de neteja de la Ciutat de Requena\">[+] <\/a><\/div>\n","protected":false},"author":12,"featured_media":158828,"comment_status":"open","ping_status":"open","sticky":false,"template":"","format":"standard","meta":{"footnotes":""},"categories":[10894,10947,10908,10909,10896],"tags":[17315,11531,12796,11099,10910],"class_list":["post-158829","post","type-post","status-publish","format-standard","has-post-thumbnail","category-la-comarca-ca","category-politica","category-requena-ca","category-requena-utiel-ca","category-seccion-ca","tag-brigada-de-limpieza-ca","tag-partido-de-requena-y-aldeas-ca","tag-prya-ca","tag-requena-ca","tag-requena-utiel-ca"],"_links":{"self":[{"href":"https:\/\/tucomarca.whitekongsoftware.com\/ca\/wp-json\/wp\/v2\/posts\/158829","targetHints":{"allow":["GET"]}}],"collection":[{"href":"https:\/\/tucomarca.whitekongsoftware.com\/ca\/wp-json\/wp\/v2\/posts"}],"about":[{"href":"https:\/\/tucomarca.whitekongsoftware.com\/ca\/wp-json\/wp\/v2\/types\/post"}],"author":[{"embeddable":true,"href":"https:\/\/tucomarca.whitekongsoftware.com\/ca\/wp-json\/wp\/v2\/users\/12"}],"replies":[{"embeddable":true,"href":"https:\/\/tucomarca.whitekongsoftware.com\/ca\/wp-json\/wp\/v2\/comments?post=158829"}],"version-history":[{"count":0,"href":"https:\/\/tucomarca.whitekongsoftware.com\/ca\/wp-json\/wp\/v2\/posts\/158829\/revisions"}],"wp:featuredmedia":[{"embeddable":true,"href":"https:\/\/tucomarca.whitekongsoftware.com\/ca\/wp-json\/wp\/v2\/media\/158828"}],"wp:attachment":[{"href":"https:\/\/tucomarca.whitekongsoftware.com\/ca\/wp-json\/wp\/v2\/media?parent=158829"}],"wp:term":[{"taxonomy":"category","embeddable":true,"href":"https:\/\/tucomarca.whitekongsoftware.com\/ca\/wp-json\/wp\/v2\/categories?post=158829"},{"taxonomy":"post_tag","embeddable":true,"href":"https:\/\/tucomarca.whitekongsoftware.com\/ca\/wp-json\/wp\/v2\/tags?post=158829"}],"curies":[{"name":"wp","href":"https:\/\/api.w.org\/{rel}","templated":true}]}}