{"id":158814,"date":"2022-06-08T09:00:00","date_gmt":"2022-06-08T07:00:00","guid":{"rendered":"http:\/\/www.tucomarca.com\/wordpress\/segunda\/?p=158814"},"modified":"2022-06-08T10:51:54","modified_gmt":"2022-06-08T08:51:54","slug":"riba-roja-de-turia-redueix-en-50-persones-la-desocupacio-al-maig-en-la-localitat-i-triplica-els-contractes-laborals-indefinits-des-de-principis-dany","status":"publish","type":"post","link":"https:\/\/tucomarca.whitekongsoftware.com\/ca\/riba-roja-de-turia-redueix-en-50-persones-la-desocupacio-al-maig-en-la-localitat-i-triplica-els-contractes-laborals-indefinits-des-de-principis-dany\/","title":{"rendered":"Riba-roja de T\u00faria redueix en 50 persones la desocupaci\u00f3 al maig en la localitat i triplica els contractes laborals indefinits des de principis d&#8217;any"},"content":{"rendered":"\n<h4 class=\"wp-block-heading\">Els contractes indefinits al maig suposen un 31\u20198% sobre els 1.907 formalitzats despr\u00e9s de la reforma del mercat laboral del govern mentre que al gener passat suposaven el 10\u20195%&nbsp;<\/h4>\n\n\n\n<p class=\"wp-block-paragraph\">Les llistes de la desocupaci\u00f3 a Riba-roja de T\u00faria s&#8217;han redu\u00eft en 50 persones al maig fins a situar la taxa en un total de 1.377 aturats, exactament 300 menys que fa un any quan al maig de 2021 hi havia 1.677 aturats. D&#8217;aquesta manera, dels 1.427 aturats que hi havia a l&#8217;abril d&#8217;enguany s&#8217;han passat a les 1.377 persones al maig, \u00e9s a dir, 50 menys i una baixada del 3\u20196% en total.&nbsp;<\/p>\n\n\n\n<p class=\"wp-block-paragraph\">Actualment, de les 1.377 persones desocupades a Riba-roja de T\u00faria hi ha 503 homes i 874 dones despr\u00e9s de reduir-se en 37 i 13 aturats, respectivament. Si es comparen aquestes xifres amb les quals es registraven al maig de 2021 el descens en els homes \u00e9s de 155, dels 658 s&#8217;ha passat a 503, mentre que en les dones la reducci\u00f3 \u00e9s de fins a 145 persones, de les 1.019 aturades de maig a les 874 de l&#8217;actualitat.<\/p>\n\n\n\n<p class=\"wp-block-paragraph\">Per sectors d&#8217;activitat, el sector dels serveis \u00e9s el que concentra major nombre d&#8217;aturats en l&#8217;actualitat amb 1.023 sobre el c\u00f2mput global, seguit dels 175 aturats en el sector de la ind\u00fastria, a continuaci\u00f3, se situa la construcci\u00f3 amb 109 persones sense treball al maig i, finalment, els 32 aturats en l&#8217;agricultura. Finalment, existeixen altres 38 aturats en les llistes de demandants que no es troben en cap grup d&#8217;activitat concret.&nbsp;<\/p>\n\n\n\n<p class=\"wp-block-paragraph\">Les dades oferides per Labora, entitat p\u00fablica encarregada de la formaci\u00f3 i l&#8217;ocupaci\u00f3 dependent de la Generalitat Valenciana, analitzen tamb\u00e9 les seccions de l&#8217;activitat econ\u00f2mica en la qual estan enquadrats cadascun dels aturats de Riba-roja de T\u00faria. D&#8217;aquesta manera, sobre el total hi ha 225 corresponents a activitats administratives i serveis auxiliars, altres 197 dedicats al comer\u00e7 a l&#8217;engr\u00f2s i al detall, la reparaci\u00f3 de motor i motocicletes, altres 159 de la ind\u00fastria manufacturera, 124 de l&#8217;administraci\u00f3 p\u00fablica i defensa i, finalment, 107 de l&#8217;hostaleria, entre altres.&nbsp;<\/p>\n\n\n\n<p class=\"wp-block-paragraph\">Per grups d&#8217;edat a Riba-roja de T\u00faria, dels 1.377 aturats de l&#8217;actualitat, hi ha 806 amb una edat superior als 44 anys, altres 466 entre 25 i 44 anys i, finalment, 105 joves menors de 25 anys. En termes de g\u00e8nere, les dones de m\u00e9s de 44 anys s\u00f3n el grup m\u00e9s nombr\u00f3s amb 512 aturades, seguit de les dones d&#8217;entre 25 i 44 anys amb 312, a continuaci\u00f3, els homes majors de 44 anys amb 294 en total, els homes d&#8217;entre 25 i 44 anys amb 154 i, finalment, 55 homes menors de 25 i 50 dones menors, tamb\u00e9, de 25 anys.&nbsp;<\/p>\n\n\n\n<p class=\"wp-block-paragraph\">Labora ha donat a con\u00e9ixer, tamb\u00e9, la contractaci\u00f3 realitzada al llarg del passat mes de maig, amb 1.907 contractes laborals a Riba-roja de T\u00faria dels 1.221 pertanyen a homes i els restants 686 a dones. Els homes d&#8217;entre 25 i 44 anys hi ha 623 contractes, altres 375 contractes per a les dones d&#8217;entre 25 i 44 anys, altres 314 contractes per a homes majors de 44 anys, altres 284 per a homes menors de 25 anys i, finalment, 156 contractes per a dones majors de 44 anys.&nbsp;<\/p>\n\n\n\n<p class=\"wp-block-paragraph\">En sectors d&#8217;activitat a Riba-roja de T\u00faria, els serveis concentren el major nombre de contractes laborals amb un total de 1.293 sobre els 1.907 del c\u00f2mput general, a m\u00e9s d&#8217;altres 547 en la ind\u00fastria, altres 58 en el sector de la construcci\u00f3 i, finalment, 9 en l&#8217;agricultura. En grups d&#8217;ocupaci\u00f3, 1.031 contractes corresponen a ocupacions elementals, 395 a operadors d&#8217;instal\u00b7lacions i maquin\u00e0ria i muntadors, 145 s\u00f3n artesans i treballadors qualificats de les ind\u00fastries manufactureres i la construcci\u00f3, 133 s\u00f3n treballadors de la restauraci\u00f3, personals, protecci\u00f3 i venedors i, finalment, 90 contractes corresponen a empleats comptables, administratius i altres empleats d&#8217;oficina.&nbsp;<\/p>\n\n\n\n<p class=\"wp-block-paragraph\">Les xifres en els contractes constaten una reducci\u00f3 notable de la temporalitat despr\u00e9s de l&#8217;entrada en vigor de la nova reforma laboral, en la qual els contractes indefinits ascendeixen a 608 al maig sobre un total de 1.907, mentre que els restants 1.299 s\u00f3n temporals. Si es comparen amb el mes de gener passat, s&#8217;ha passat dels 202 contractes indefinits \u2013un 10\u20195% sobre el total- als 608 contractes de maig, \u00e9s a dir, un 31\u20198% sobre el global. La jornada completa centra el major nombre de contractes amb 1.503 enfront dels 404 contractes a temps parcial.&nbsp;<\/p>\n\n\n\n<p class=\"wp-block-paragraph\">L&#8217;alcalde de Riba-roja de T\u00faria, Robert Raga, ha subratllat \u201cels beneficis que la reforma laboral gestada pel govern ha suposat en els nous contractes, amb un auge enorme dels indefinits mentre que, d&#8217;altra banda, l&#8217;atur ha tornat a descendir en el nostre municipi i s&#8217;aconsegueixen xifres inferiors a les que es registraven en l&#8217;\u00e8poca pr\u00e8via a la pand\u00e8mia; d&#8217;aquesta manera, \u00e9s necessari continuar en la mateixa direcci\u00f3, fer costat a les nostres pimes i ajudar a la creaci\u00f3 i instal\u00b7laci\u00f3 de noves empreses en els pol\u00edgons industrials\u201d.<\/p>\n\n\n\n<p class=\"wp-block-paragraph\"><\/p>\n","protected":false},"excerpt":{"rendered":"<div class=\"mh-excerpt\">Els contractes indefinits al maig suposen un 31\u20198% sobre els 1.907 formalitzats despr\u00e9s de la reforma del mercat laboral del govern mentre que al gener passat suposaven el 10\u20195%&nbsp; Les llistes de la desocupaci\u00f3 a <a class=\"mh-excerpt-more\" href=\"https:\/\/tucomarca.whitekongsoftware.com\/ca\/riba-roja-de-turia-redueix-en-50-persones-la-desocupacio-al-maig-en-la-localitat-i-triplica-els-contractes-laborals-indefinits-des-de-principis-dany\/\" title=\"Riba-roja de T\u00faria redueix en 50 persones la desocupaci\u00f3 al maig en la localitat i triplica els contractes laborals indefinits des de principis d&#8217;any\">[+] <\/a><\/div>\n","protected":false},"author":12,"featured_media":158813,"comment_status":"open","ping_status":"open","sticky":false,"template":"","format":"standard","meta":{"footnotes":""},"categories":[10892,10948,10894,10947,10906,10896],"tags":[10899,15088,15024],"class_list":["post-158814","post","type-post","status-publish","format-standard","has-post-thumbnail","category-camp-de-turia-ca","category-infraestructuras-ca","category-la-comarca-ca","category-politica","category-riba-roja-ca","category-seccion-ca","tag-camp-de-turia-ca","tag-contratos-laborales-ca","tag-riba-roja-de-turia-ca"],"_links":{"self":[{"href":"https:\/\/tucomarca.whitekongsoftware.com\/ca\/wp-json\/wp\/v2\/posts\/158814","targetHints":{"allow":["GET"]}}],"collection":[{"href":"https:\/\/tucomarca.whitekongsoftware.com\/ca\/wp-json\/wp\/v2\/posts"}],"about":[{"href":"https:\/\/tucomarca.whitekongsoftware.com\/ca\/wp-json\/wp\/v2\/types\/post"}],"author":[{"embeddable":true,"href":"https:\/\/tucomarca.whitekongsoftware.com\/ca\/wp-json\/wp\/v2\/users\/12"}],"replies":[{"embeddable":true,"href":"https:\/\/tucomarca.whitekongsoftware.com\/ca\/wp-json\/wp\/v2\/comments?post=158814"}],"version-history":[{"count":0,"href":"https:\/\/tucomarca.whitekongsoftware.com\/ca\/wp-json\/wp\/v2\/posts\/158814\/revisions"}],"wp:featuredmedia":[{"embeddable":true,"href":"https:\/\/tucomarca.whitekongsoftware.com\/ca\/wp-json\/wp\/v2\/media\/158813"}],"wp:attachment":[{"href":"https:\/\/tucomarca.whitekongsoftware.com\/ca\/wp-json\/wp\/v2\/media?parent=158814"}],"wp:term":[{"taxonomy":"category","embeddable":true,"href":"https:\/\/tucomarca.whitekongsoftware.com\/ca\/wp-json\/wp\/v2\/categories?post=158814"},{"taxonomy":"post_tag","embeddable":true,"href":"https:\/\/tucomarca.whitekongsoftware.com\/ca\/wp-json\/wp\/v2\/tags?post=158814"}],"curies":[{"name":"wp","href":"https:\/\/api.w.org\/{rel}","templated":true}]}}