{"id":158787,"date":"2022-06-07T15:19:00","date_gmt":"2022-06-07T13:19:00","guid":{"rendered":"http:\/\/www.tucomarca.com\/wordpress\/segunda\/?p=158787"},"modified":"2022-06-07T21:42:28","modified_gmt":"2022-06-07T19:42:28","slug":"el-prya-va-sollicitar-millores-en-laccessibilitat-del-municipi-de-requena-a-peticio-de-diversos-veins-amb-mobilitat-reduida","status":"publish","type":"post","link":"https:\/\/tucomarca.whitekongsoftware.com\/ca\/el-prya-va-sollicitar-millores-en-laccessibilitat-del-municipi-de-requena-a-peticio-de-diversos-veins-amb-mobilitat-reduida\/","title":{"rendered":"El PRyA va sol\u00b7licitar millores en l&#8217;accessibilitat del municipi de Requena a petici\u00f3 de diversos ve\u00efns amb mobilitat redu\u00efda"},"content":{"rendered":"\n<h4 class=\"wp-block-heading\">&#8220;Per al PRyA \u00e9s molt important que les persones amb mobilitat redu\u00efda puguen transitar per tot el municipi d&#8217;una manera f\u00e0cil i accessible&#8221;<\/h4>\n\n\n\n<p class=\"wp-block-paragraph\">El PRyA ha informat els mitjans de comunicaci\u00f3 de la seua sol\u00b7licitud de millores en l&#8217;accessibilitat del municipi de Requena a petici\u00f3 de diversos ve\u00efns amb mobilitat redu\u00efda.&nbsp;<\/p>\n\n\n\n<p class=\"wp-block-paragraph\">&#8220;Com fem constantment des del principi de la legislatura, continuem reunint-nos amb ve\u00efns, associacions i col\u00b7lectius perqu\u00e8 ens traslladen les seues queixes i suggeriments. Aquesta vegada hem at\u00e9s les peticions de&nbsp;<strong>persones amb mobilitat redu\u00efda<\/strong>, m\u00e9s concretament&nbsp;<strong>usuaris de cadires de rodes.&nbsp;<\/strong><\/p>\n\n\n\n<p class=\"wp-block-paragraph\">Diversos d&#8217;aquests usuaris de&nbsp;<strong>cadires de rodes&nbsp;<\/strong>s&#8217;han dirigit al&nbsp;<strong>Partit de Requena i Llogarets&nbsp;<\/strong>per a sol\u00b7licitar-nos que fem arribar al govern municipal el mal estat de les juntes d&#8217;algunes rampes de voreres amb l&#8217;asfalt del carrer.<\/p>\n\n\n\n<p class=\"wp-block-paragraph\">Aquestes juntes de la rajola de la rampa amb l&#8217;asfalt no queden ben unides a causa del desgast del temps, la qual cosa repercuteix en qu\u00e8, quan una persona en cadira de rodes la utilitza,&nbsp;<strong>li ocasiona un colp brusc.&nbsp;<\/strong>Aquest colp es podria evitar d&#8217;una manera molt simple, unint l&#8217;asfalt a la rajola.&nbsp;<\/p>\n\n\n\n<p class=\"wp-block-paragraph\">\u00c9s per aix\u00f2 que, des del&nbsp;<strong>Partit de Requena i Llogarets<\/strong>, en l&#8217;\u00faltim ple traslladem aquesta petici\u00f3 al govern municipal perqu\u00e8, com m\u00e9s prompte millor, procedisca a reparar aquestes rampes per a&nbsp;<strong>fer de Requena una ciutat m\u00e9s accessible,<\/strong>&nbsp;\u00e9s a dir, una ciutat per a tots.&nbsp;<\/p>\n\n\n\n<p class=\"wp-block-paragraph\">Per al&nbsp;<strong>Partit de Requena i Llogarets&nbsp;<\/strong>\u00e9s molt important que les persones amb mobilitat redu\u00efda puguen transitar per tot el municipi d&#8217;una manera f\u00e0cil i accessible, \u00e9s per aix\u00f2 que hem de vetlar perqu\u00e8 totes&nbsp;<strong>les nostres voreres estiguen rebaixades<\/strong>&nbsp;per algun costat per a permetre el pas i, a m\u00e9s, que aqueixos passos estiguen buidats, ja que en molts casos ens trobem&nbsp;<strong>contenidors de residus bloquejant<\/strong>&nbsp;aqueixos passos.<\/p>\n\n\n\n<p class=\"wp-block-paragraph\">Des del&nbsp;<strong>PRyA<\/strong>&nbsp;continuarem treballant per a&nbsp;<strong>fer de Requena una ciutat m\u00e9s accessible<\/strong>&nbsp;per a les persones amb mobilitat redu\u00efda&#8221;.&nbsp;<\/p>\n\n\n\n<p class=\"wp-block-paragraph\"><\/p>\n","protected":false},"excerpt":{"rendered":"<div class=\"mh-excerpt\">&#8220;Per al PRyA \u00e9s molt important que les persones amb mobilitat redu\u00efda puguen transitar per tot el municipi d&#8217;una manera f\u00e0cil i accessible&#8221; El PRyA ha informat els mitjans de comunicaci\u00f3 de la seua sol\u00b7licitud <a class=\"mh-excerpt-more\" href=\"https:\/\/tucomarca.whitekongsoftware.com\/ca\/el-prya-va-sollicitar-millores-en-laccessibilitat-del-municipi-de-requena-a-peticio-de-diversos-veins-amb-mobilitat-reduida\/\" title=\"El PRyA va sol\u00b7licitar millores en l&#8217;accessibilitat del municipi de Requena a petici\u00f3 de diversos ve\u00efns amb mobilitat redu\u00efda\">[+] <\/a><\/div>\n","protected":false},"author":12,"featured_media":158786,"comment_status":"open","ping_status":"open","sticky":false,"template":"","format":"standard","meta":{"footnotes":""},"categories":[10948,10894,10947,10908,10909,10896],"tags":[12796,11099,10910],"class_list":["post-158787","post","type-post","status-publish","format-standard","has-post-thumbnail","category-infraestructuras-ca","category-la-comarca-ca","category-politica","category-requena-ca","category-requena-utiel-ca","category-seccion-ca","tag-prya-ca","tag-requena-ca","tag-requena-utiel-ca"],"_links":{"self":[{"href":"https:\/\/tucomarca.whitekongsoftware.com\/ca\/wp-json\/wp\/v2\/posts\/158787","targetHints":{"allow":["GET"]}}],"collection":[{"href":"https:\/\/tucomarca.whitekongsoftware.com\/ca\/wp-json\/wp\/v2\/posts"}],"about":[{"href":"https:\/\/tucomarca.whitekongsoftware.com\/ca\/wp-json\/wp\/v2\/types\/post"}],"author":[{"embeddable":true,"href":"https:\/\/tucomarca.whitekongsoftware.com\/ca\/wp-json\/wp\/v2\/users\/12"}],"replies":[{"embeddable":true,"href":"https:\/\/tucomarca.whitekongsoftware.com\/ca\/wp-json\/wp\/v2\/comments?post=158787"}],"version-history":[{"count":0,"href":"https:\/\/tucomarca.whitekongsoftware.com\/ca\/wp-json\/wp\/v2\/posts\/158787\/revisions"}],"wp:featuredmedia":[{"embeddable":true,"href":"https:\/\/tucomarca.whitekongsoftware.com\/ca\/wp-json\/wp\/v2\/media\/158786"}],"wp:attachment":[{"href":"https:\/\/tucomarca.whitekongsoftware.com\/ca\/wp-json\/wp\/v2\/media?parent=158787"}],"wp:term":[{"taxonomy":"category","embeddable":true,"href":"https:\/\/tucomarca.whitekongsoftware.com\/ca\/wp-json\/wp\/v2\/categories?post=158787"},{"taxonomy":"post_tag","embeddable":true,"href":"https:\/\/tucomarca.whitekongsoftware.com\/ca\/wp-json\/wp\/v2\/tags?post=158787"}],"curies":[{"name":"wp","href":"https:\/\/api.w.org\/{rel}","templated":true}]}}