{"id":158778,"date":"2022-06-07T11:00:00","date_gmt":"2022-06-07T09:00:00","guid":{"rendered":"http:\/\/www.tucomarca.com\/wordpress\/segunda\/?p=158778"},"modified":"2022-06-07T20:44:12","modified_gmt":"2022-06-07T18:44:12","slug":"el-cicle-musica-a-la-primavera-entra-en-la-seua-recta-final-amb-una-trobada-de-bandes-i-el-tribut-a-alejandro-sanz","status":"publish","type":"post","link":"https:\/\/tucomarca.whitekongsoftware.com\/ca\/el-cicle-musica-a-la-primavera-entra-en-la-seua-recta-final-amb-una-trobada-de-bandes-i-el-tribut-a-alejandro-sanz\/","title":{"rendered":"El cicle M\u00fasica a la primavera entra en la seua recta final amb una trobada de bandes i el tribut a Alejandro Sanz"},"content":{"rendered":"\n<p class=\"wp-block-paragraph\">Aquest cap de setmana Xest ha tornat comptar amb dues actuacions musicals en el marc de la celebraci\u00f3 del cicle M\u00fasica a la primavera. El dissabte, 4 de juny, el teatre Liceu va albergar el tribut a Alejandro Sanz titulat El que vaig ser \u00e9s el que soc, protagonitzat per Fran Valenzuela.<br>\u201cFran Valenzuela ha portat aquest homenatge a innombrables escenaris de tota la geografia espanyola, incloent el del programa televisiu La teua cara no em sona encara\u201d, explicava la regidora de Cultura, M\u00aa \u00c1ngeles Llorente. \u201cSi tancau els ulls \u00e9s com escoltar al mateix Allunyant Sanz\u201d.<br>La regidora tamb\u00e9 va aprofitar en la seua intervenci\u00f3 per a convidar al p\u00fablic assistent a la trobada de bandes d&#8217;escoles de m\u00fasica que se celebrava l&#8217;endem\u00e0 en La Lomiquia.<\/p>\n\n\n\n<p class=\"wp-block-paragraph\"><strong>Trobada de bandes d&#8217;escoles de m\u00fasica<\/strong><\/p>\n\n\n\n<figure class=\"wp-block-image size-large\"><img loading=\"lazy\" decoding=\"async\" width=\"1024\" height=\"682\" src=\"http:\/\/www.tucomarca.com\/wordpress\/segunda\/wp-content\/uploads\/2022\/06\/Cheste_EscuelasMusica_12-1024x682.jpg\" alt=\"\" class=\"wp-image-158771\" srcset=\"https:\/\/tucomarca.whitekongsoftware.com\/wp-content\/uploads\/2022\/06\/Cheste_EscuelasMusica_12-1024x682.jpg 1024w, https:\/\/tucomarca.whitekongsoftware.com\/wp-content\/uploads\/2022\/06\/Cheste_EscuelasMusica_12-300x200.jpg 300w, https:\/\/tucomarca.whitekongsoftware.com\/wp-content\/uploads\/2022\/06\/Cheste_EscuelasMusica_12-768x512.jpg 768w, https:\/\/tucomarca.whitekongsoftware.com\/wp-content\/uploads\/2022\/06\/Cheste_EscuelasMusica_12.jpg 1181w\" sizes=\"auto, (max-width: 1024px) 100vw, 1024px\" \/><\/figure>\n\n\n\n<p class=\"wp-block-paragraph\">Els m\u00fasics i les m\u00fasiques del conjunt instrumental de l&#8217;associaci\u00f3 musical La Lira de Xest van ser els amfitrions de la trobada de bandes d&#8217;escoles de m\u00fasica, que va comptar amb la participaci\u00f3 de banda d&#8217;iniciaci\u00f3 d&#8217;Alfafar i la de l&#8217;associaci\u00f3 musical Barri del Crist. Cadascuna d&#8217;elles va realitzar el seu propi concert davant un p\u00fablic que omplia pr\u00e0cticament tot l&#8217;aforament de la carpa de l&#8217;\u00e0gora del parc de la Lomiquia i, finalment, les tres agrupacions van pujar juntes a l&#8217;escenari per a interpretar un breu repertori com a colof\u00f3 final a l&#8217;acte.<\/p>\n\n\n\n<p class=\"wp-block-paragraph\"><strong>Tancament de M\u00fasica a la primavera<\/strong><\/p>\n\n\n\n<p class=\"wp-block-paragraph\">Dissabte que ve, 11 de juny, el cicle de M\u00fasica a la primavera es clausura amb el musical de l&#8217;agrupaci\u00f3 local Al comp\u00e0s, Grease, en el teatre Liceu a les 19.00 hores.<\/p>\n","protected":false},"excerpt":{"rendered":"<div class=\"mh-excerpt\">Aquest cap de setmana Xest ha tornat comptar amb dues actuacions musicals en el marc de la celebraci\u00f3 del cicle M\u00fasica a la primavera. El dissabte, 4 de juny, el teatre Liceu va albergar el <a class=\"mh-excerpt-more\" href=\"https:\/\/tucomarca.whitekongsoftware.com\/ca\/el-cicle-musica-a-la-primavera-entra-en-la-seua-recta-final-amb-una-trobada-de-bandes-i-el-tribut-a-alejandro-sanz\/\" title=\"El cicle M\u00fasica a la primavera entra en la seua recta final amb una trobada de bandes i el tribut a Alejandro Sanz\">[+] <\/a><\/div>\n","protected":false},"author":12,"featured_media":158770,"comment_status":"open","ping_status":"open","sticky":false,"template":"","format":"standard","meta":{"footnotes":""},"categories":[11005,10894,10912,11007,10896,10974],"tags":[11071,14507,10914],"class_list":["post-158778","post","type-post","status-publish","format-standard","has-post-thumbnail","category-canal-musica","category-la-comarca-ca","category-la-hoya-ca","category-ocio-y-cultura-ca","category-seccion-ca","category-cheste-ca","tag-cheste","tag-ciclo-musica-en-primavera-ca","tag-la-hoya-de-bunol-chiva-ca"],"_links":{"self":[{"href":"https:\/\/tucomarca.whitekongsoftware.com\/ca\/wp-json\/wp\/v2\/posts\/158778","targetHints":{"allow":["GET"]}}],"collection":[{"href":"https:\/\/tucomarca.whitekongsoftware.com\/ca\/wp-json\/wp\/v2\/posts"}],"about":[{"href":"https:\/\/tucomarca.whitekongsoftware.com\/ca\/wp-json\/wp\/v2\/types\/post"}],"author":[{"embeddable":true,"href":"https:\/\/tucomarca.whitekongsoftware.com\/ca\/wp-json\/wp\/v2\/users\/12"}],"replies":[{"embeddable":true,"href":"https:\/\/tucomarca.whitekongsoftware.com\/ca\/wp-json\/wp\/v2\/comments?post=158778"}],"version-history":[{"count":0,"href":"https:\/\/tucomarca.whitekongsoftware.com\/ca\/wp-json\/wp\/v2\/posts\/158778\/revisions"}],"wp:featuredmedia":[{"embeddable":true,"href":"https:\/\/tucomarca.whitekongsoftware.com\/ca\/wp-json\/wp\/v2\/media\/158770"}],"wp:attachment":[{"href":"https:\/\/tucomarca.whitekongsoftware.com\/ca\/wp-json\/wp\/v2\/media?parent=158778"}],"wp:term":[{"taxonomy":"category","embeddable":true,"href":"https:\/\/tucomarca.whitekongsoftware.com\/ca\/wp-json\/wp\/v2\/categories?post=158778"},{"taxonomy":"post_tag","embeddable":true,"href":"https:\/\/tucomarca.whitekongsoftware.com\/ca\/wp-json\/wp\/v2\/tags?post=158778"}],"curies":[{"name":"wp","href":"https:\/\/api.w.org\/{rel}","templated":true}]}}