{"id":158760,"date":"2022-06-07T10:00:00","date_gmt":"2022-06-07T08:00:00","guid":{"rendered":"http:\/\/www.tucomarca.com\/wordpress\/segunda\/?p=158760"},"modified":"2022-06-07T20:42:24","modified_gmt":"2022-06-07T18:42:24","slug":"alboraig-sede-de-la-trobada-comarcal-de-musica-tradicional-i-folklore","status":"publish","type":"post","link":"https:\/\/tucomarca.whitekongsoftware.com\/ca\/alboraig-sede-de-la-trobada-comarcal-de-musica-tradicional-i-folklore\/","title":{"rendered":"Alboraig, sede de la trobada comarcal de m\u00fasica tradicional i folklore"},"content":{"rendered":"\n<p class=\"wp-block-paragraph\">Divendres que ve 10 de juny la localitat valenciana d&#8217;Alboraig es converteix en l&#8217;epicentre de la m\u00fasica tradicional i el folklore de la comarca de la Foia de Bunyol-Xiva.&nbsp;<\/p>\n\n\n\n<p class=\"wp-block-paragraph\">El projecte sota el nom \u2018Reviscola La Foia\u2019 -que est\u00e0 impulsat per l&#8217;Institut d&#8217;Estudis Comarcals Foia de Bunyol-Xiva- ha sorgit de la necessitat de contribuir a un debat sobre el present i el futur de la comarca. Es tracta d&#8217;un programa pluriennal pensat per a rec\u00f3rrer tots els municipis de la comarca plantejant una reflexi\u00f3 compartida sobre algunes q\u00fcestions que creiem fonamentals.&nbsp;<\/p>\n\n\n\n<p class=\"wp-block-paragraph\">Aix\u00ed, organitzen al costat d&#8217;altres entitats que vulguen sumar-se un conjunt d&#8217;actes recorrent totes les localitats amb formats de xarrades, taules redones o representacions.<\/p>\n\n\n\n<p class=\"wp-block-paragraph\">En aquest sentit, el 10 de juny a l&#8217;Ajuntament d&#8217;Alboraig, a les 17h. tindr\u00e0 lloc una taula redona amb tres especialistes en m\u00fasica tradicional i folklore: Ferm\u00edn Pardo, Xavier Rausell i Josep Vicent Rechina. Aix\u00ed mateix, es presentar\u00e0 el cant de l&#8217;Aurora d&#8217;Alboraig (recuperat per l&#8217;Ajuntament per a posar en valor la hist\u00f2ria, la cultura i la tradici\u00f3 oral de la localitat) i posteriorment hi haur\u00e0 una exhibici\u00f3 de balls i cants de la Foia (Setaig\u00fces, Macastre, Xiva, Alboraig) amb els grups: Cantares Vells i La Vihuela.<\/p>\n\n\n\n<p class=\"wp-block-paragraph\"><\/p>\n","protected":false},"excerpt":{"rendered":"<div class=\"mh-excerpt\">Divendres que ve 10 de juny la localitat valenciana d&#8217;Alboraig es converteix en l&#8217;epicentre de la m\u00fasica tradicional i el folklore de la comarca de la Foia de Bunyol-Xiva.&nbsp; El projecte sota el nom \u2018Reviscola <a class=\"mh-excerpt-more\" href=\"https:\/\/tucomarca.whitekongsoftware.com\/ca\/alboraig-sede-de-la-trobada-comarcal-de-musica-tradicional-i-folklore\/\" title=\"Alboraig, sede de la trobada comarcal de m\u00fasica tradicional i folklore\">[+] <\/a><\/div>\n","protected":false},"author":12,"featured_media":158758,"comment_status":"open","ping_status":"open","sticky":false,"template":"","format":"standard","meta":{"footnotes":""},"categories":[11019,10973,11005,10894,10912,11007,10896],"tags":[11224,10914,15440,17307],"class_list":["post-158760","post","type-post","status-publish","format-standard","has-post-thumbnail","category-agenda-ca","category-alborache-ca","category-canal-musica","category-la-comarca-ca","category-la-hoya-ca","category-ocio-y-cultura-ca","category-seccion-ca","tag-alborache-ca","tag-la-hoya-de-bunol-chiva-ca","tag-musica-tradicional-ca","tag-reviscolahoya-ca"],"_links":{"self":[{"href":"https:\/\/tucomarca.whitekongsoftware.com\/ca\/wp-json\/wp\/v2\/posts\/158760","targetHints":{"allow":["GET"]}}],"collection":[{"href":"https:\/\/tucomarca.whitekongsoftware.com\/ca\/wp-json\/wp\/v2\/posts"}],"about":[{"href":"https:\/\/tucomarca.whitekongsoftware.com\/ca\/wp-json\/wp\/v2\/types\/post"}],"author":[{"embeddable":true,"href":"https:\/\/tucomarca.whitekongsoftware.com\/ca\/wp-json\/wp\/v2\/users\/12"}],"replies":[{"embeddable":true,"href":"https:\/\/tucomarca.whitekongsoftware.com\/ca\/wp-json\/wp\/v2\/comments?post=158760"}],"version-history":[{"count":0,"href":"https:\/\/tucomarca.whitekongsoftware.com\/ca\/wp-json\/wp\/v2\/posts\/158760\/revisions"}],"wp:featuredmedia":[{"embeddable":true,"href":"https:\/\/tucomarca.whitekongsoftware.com\/ca\/wp-json\/wp\/v2\/media\/158758"}],"wp:attachment":[{"href":"https:\/\/tucomarca.whitekongsoftware.com\/ca\/wp-json\/wp\/v2\/media?parent=158760"}],"wp:term":[{"taxonomy":"category","embeddable":true,"href":"https:\/\/tucomarca.whitekongsoftware.com\/ca\/wp-json\/wp\/v2\/categories?post=158760"},{"taxonomy":"post_tag","embeddable":true,"href":"https:\/\/tucomarca.whitekongsoftware.com\/ca\/wp-json\/wp\/v2\/tags?post=158760"}],"curies":[{"name":"wp","href":"https:\/\/api.w.org\/{rel}","templated":true}]}}