{"id":158692,"date":"2022-06-04T09:00:00","date_gmt":"2022-06-04T07:00:00","guid":{"rendered":"http:\/\/www.tucomarca.com\/wordpress\/segunda\/?p=158692"},"modified":"2022-06-06T13:54:13","modified_gmt":"2022-06-06T11:54:13","slug":"mor-un-camioner-a-lincendiara-la-cabina-en-un-accident-en-la-3-a-laltura-de-riba-roja","status":"publish","type":"post","link":"https:\/\/tucomarca.whitekongsoftware.com\/ca\/mor-un-camioner-a-lincendiara-la-cabina-en-un-accident-en-la-3-a-laltura-de-riba-roja\/","title":{"rendered":"Mor un camioner en incendiar-se la cabina en un accident en l&#8217;A-3 a l&#8217;altura de Riba-roja"},"content":{"rendered":"\n<p class=\"wp-block-paragraph\">El conductor d&#8217;un cami\u00f3 ha mort aquest divendres a la vesprada en un accident que ha ocorregut en l&#8217;A-3 a l&#8217;altura del terme municipal de Riba-roja en el qual s&#8217;han vist implicats dos camions.<\/p>\n\n\n\n<p class=\"wp-block-paragraph\">Fins al lloc del sinistre s&#8217;han despla\u00e7at tres dotacions de bombers dels parcs de Paterna i Xiva, un sergent i un oficial de gu\u00e0rdia del Consorci s&#8217;han mobilitzat al voltant de les sis de la vesprada despr\u00e9s de rebre l&#8217;av\u00eds del sinistre.<\/p>\n\n\n\n<p class=\"wp-block-paragraph\">Pel que sembla, un dels dos camines ha impactat per darrere al de davant i la cabina del cami\u00f3 de darrere s&#8217;ha incendiat motivant que el conductor haja perdut la vida, segons han informat fonts del Consorci Provincial de Bombers.<\/p>\n","protected":false},"excerpt":{"rendered":"<div class=\"mh-excerpt\">El conductor d&#8217;un cami\u00f3 ha mort aquest divendres a la vesprada en un accident que ha ocorregut en l&#8217;A-3 a l&#8217;altura del terme municipal de Riba-roja en el qual s&#8217;han vist implicats dos camions. Fins <a class=\"mh-excerpt-more\" href=\"https:\/\/tucomarca.whitekongsoftware.com\/ca\/mor-un-camioner-a-lincendiara-la-cabina-en-un-accident-en-la-3-a-laltura-de-riba-roja\/\" title=\"Mor un camioner en incendiar-se la cabina en un accident en l&#8217;A-3 a l&#8217;altura de Riba-roja\">[+] <\/a><\/div>\n","protected":false},"author":1,"featured_media":158690,"comment_status":"open","ping_status":"open","sticky":false,"template":"","format":"standard","meta":{"footnotes":""},"categories":[10892,10898,10948,10894,10906,10896,10897],"tags":[10899,11102,10901],"class_list":["post-158692","post","type-post","status-publish","format-standard","has-post-thumbnail","category-camp-de-turia-ca","category-ventana-ca","category-infraestructuras-ca","category-la-comarca-ca","category-riba-roja-ca","category-seccion-ca","category-sucesos-la-comarca-ca","tag-camp-de-turia-ca","tag-riba-roja-2-ca","tag-sucesos-ca"],"_links":{"self":[{"href":"https:\/\/tucomarca.whitekongsoftware.com\/ca\/wp-json\/wp\/v2\/posts\/158692","targetHints":{"allow":["GET"]}}],"collection":[{"href":"https:\/\/tucomarca.whitekongsoftware.com\/ca\/wp-json\/wp\/v2\/posts"}],"about":[{"href":"https:\/\/tucomarca.whitekongsoftware.com\/ca\/wp-json\/wp\/v2\/types\/post"}],"author":[{"embeddable":true,"href":"https:\/\/tucomarca.whitekongsoftware.com\/ca\/wp-json\/wp\/v2\/users\/1"}],"replies":[{"embeddable":true,"href":"https:\/\/tucomarca.whitekongsoftware.com\/ca\/wp-json\/wp\/v2\/comments?post=158692"}],"version-history":[{"count":0,"href":"https:\/\/tucomarca.whitekongsoftware.com\/ca\/wp-json\/wp\/v2\/posts\/158692\/revisions"}],"wp:featuredmedia":[{"embeddable":true,"href":"https:\/\/tucomarca.whitekongsoftware.com\/ca\/wp-json\/wp\/v2\/media\/158690"}],"wp:attachment":[{"href":"https:\/\/tucomarca.whitekongsoftware.com\/ca\/wp-json\/wp\/v2\/media?parent=158692"}],"wp:term":[{"taxonomy":"category","embeddable":true,"href":"https:\/\/tucomarca.whitekongsoftware.com\/ca\/wp-json\/wp\/v2\/categories?post=158692"},{"taxonomy":"post_tag","embeddable":true,"href":"https:\/\/tucomarca.whitekongsoftware.com\/ca\/wp-json\/wp\/v2\/tags?post=158692"}],"curies":[{"name":"wp","href":"https:\/\/api.w.org\/{rel}","templated":true}]}}