{"id":158660,"date":"2022-06-05T12:00:00","date_gmt":"2022-06-05T10:00:00","guid":{"rendered":"http:\/\/www.tucomarca.com\/wordpress\/segunda\/?p=158660"},"modified":"2022-06-06T14:03:34","modified_gmt":"2022-06-06T12:03:34","slug":"el-ple-de-riba-roja-de-turia-ratifica-el-seu-compromis-amb-la-igualtat-els-drets-de-les-persones-lgtbi-i-lerradicacio-de-la-violencia-contra-aquest-collectiu","status":"publish","type":"post","link":"https:\/\/tucomarca.whitekongsoftware.com\/ca\/el-ple-de-riba-roja-de-turia-ratifica-el-seu-compromis-amb-la-igualtat-els-drets-de-les-persones-lgtbi-i-lerradicacio-de-la-violencia-contra-aquest-collectiu\/","title":{"rendered":"El ple de Riba-roja de T\u00faria ratifica el seu comprom\u00eds amb la igualtat, els drets de les persones LGTBI i l&#8217;erradicaci\u00f3 de la viol\u00e8ncia contra aquest col\u00b7lectiu"},"content":{"rendered":"\n<p class=\"wp-block-paragraph\">La sessi\u00f3 plen\u00e0ria aprova un comprom\u00eds per dur a terme un pla de formaci\u00f3 dels agents socials que intervenen amb el col\u00b7lectiu per a atendre la realitat de les persones LGTBI&nbsp;<\/p>\n\n\n\n<p class=\"wp-block-paragraph\">El ple de l&#8217;Ajuntament de Riba-roja de T\u00faria ha ratificat el seu comprom\u00eds p\u00fablic sobre la igualtat, sobre la consecuci\u00f3 dels drets de les persones que formen part del col\u00b7lectiu LGTBI i l&#8217;erradicaci\u00f3 de qualsevol mena de viol\u00e8ncia contra aquestes persones. L&#8217;acord plenari ha sigut aprovat pel PSPV, PP i Comprom\u00eds com a partits signants de la moci\u00f3, als quals s&#8217;han unit Podem Riba-roja Pot, Esquerra Unida i Ciutadans i el vot en contra de Vox.&nbsp;<\/p>\n\n\n\n<p class=\"wp-block-paragraph\">El text aprovat pel ple de Riba-roja de T\u00faria \u2013una moci\u00f3 conjunta entre el PSPV, Partit Popular i Comprom\u00eds- fa constar un increment de les agressions LGTBI f\u00f2biques en l&#8217;\u00e0mbit d&#8217;Espanya, d&#8217;acord amb les dades publicades pel Ministeri d&#8217;Interior, en el qual els delictes d&#8217;odi denunciats han augmentat en un 8\u20196% en total. Les dades dels Observatoris Contra l&#8217;Homof\u00f2bia reflecteixen, a m\u00e9s, un increment del nombre d&#8217;incidents en aquest \u00e0mbit i, segons tots els par\u00e0metres manejats, es tracta d&#8217;una tend\u00e8ncia constant en els \u00faltims temps.<\/p>\n\n\n\n<p class=\"wp-block-paragraph\">La moci\u00f3 aprovada recorda que dia rere dia \u201ces coneixen nous casos de LGTBI f\u00f2bia a Espanya, un pa\u00eds pioner en el reconeixement i en la protecci\u00f3 dels drets civils i un referent en la resta del m\u00f3n quant a la defensa de les persones lesbianes, gais, persones trans i bisexuals\u201d. A m\u00e9s, s&#8217;alerta de la possibilitat que algunes situacions d&#8217;agressions no es denuncien i, per tant, les xifres que es manegen podrien ser majors.&nbsp;<\/p>\n\n\n\n<p class=\"wp-block-paragraph\">La situaci\u00f3 s&#8217;agreuja en el cas dels municipis, especialment els xicotets, en els quals persisteix la por de denunciar per temor a patir repres\u00e0lies o ser assenyalats com a integrants d&#8217;aquest col\u00b7lectiu i el conseg\u00fcent estigma social. Segons la moci\u00f3 aprovada pel ple, aquest tipus de situacions es podrien estar vivint actualment a Riba-roja de T\u00faria i, per aix\u00f2, aquesta iniciativa pret\u00e9n acabar amb aquesta realitat social.&nbsp;<\/p>\n\n\n\n<p class=\"wp-block-paragraph\">Els partits signants de la moci\u00f3 de Riba-roja de T\u00faria adverteixen que la discriminaci\u00f3 per raons d&#8217;orientaci\u00f3 sexual i d&#8217;identitat de g\u00e8nere \u00e9s una trista realitat que ha de ser erradicada mitjan\u00e7ant el comprom\u00eds social de tots, per la qual cosa es fa necessari continuar treballant a favor de la igualtat i el respecte a la diversitat afectiu-sexual, al mateix temps que es reafirma el comprom\u00eds actiu amb els drets de les lesbianes, els gais, intersexuals, transsexuals i bisexuals i una condemna rotunda contra totes les conductes que suposen una discriminaci\u00f3 i intoler\u00e0ncia que hui dia pateixen les persones que formen part del col\u00b7lectiu LGTBI.&nbsp;<\/p>\n\n\n\n<p class=\"wp-block-paragraph\">\u201cA Riba-roja de T\u00faria no t\u00e9 cabuda la discriminaci\u00f3 d&#8217;unes persones cap a altres per motius de sexe, g\u00e8nere o orientaci\u00f3 sexual, perqu\u00e8 com a municipi obert, respectu\u00f3s i educat hem de reafirmar el nostre comprom\u00eds amb el dret de les persones de ser lliures en aquells aspectes que aix\u00ed ho desitgen\u201d, se subratlla en la moci\u00f3 municipal.&nbsp;<\/p>\n\n\n\n<p class=\"wp-block-paragraph\">Finalment, el ple considera que Riba-roja de T\u00faria ha de comprometre&#8217;s de manera visible amb el treball en el respecte a la diversitat en el sentit m\u00e9s ampli, en el marc de la llibertat i en el respecte i ha de manifestar el seu comprom\u00eds per la igualtat real entre les persones i la no discriminaci\u00f3 per raons d&#8217;orientaci\u00f3 sexual, amb persones que puguen viure lliures i en igualtat de condicions entre ells. S&#8217;advoca per incloure informaci\u00f3 sobre la LGTIB en les activitats dels Consells de Participaci\u00f3 que tinguen a veure amb la igualtat i els drets socials.<\/p>\n\n\n\n<p class=\"wp-block-paragraph\"><\/p>\n","protected":false},"excerpt":{"rendered":"<div class=\"mh-excerpt\">La sessi\u00f3 plen\u00e0ria aprova un comprom\u00eds per dur a terme un pla de formaci\u00f3 dels agents socials que intervenen amb el col\u00b7lectiu per a atendre la realitat de les persones LGTBI&nbsp; El ple de l&#8217;Ajuntament <a class=\"mh-excerpt-more\" href=\"https:\/\/tucomarca.whitekongsoftware.com\/ca\/el-ple-de-riba-roja-de-turia-ratifica-el-seu-compromis-amb-la-igualtat-els-drets-de-les-persones-lgtbi-i-lerradicacio-de-la-violencia-contra-aquest-collectiu\/\" title=\"El ple de Riba-roja de T\u00faria ratifica el seu comprom\u00eds amb la igualtat, els drets de les persones LGTBI i l&#8217;erradicaci\u00f3 de la viol\u00e8ncia contra aquest col\u00b7lectiu\">[+] <\/a><\/div>\n","protected":false},"author":12,"featured_media":158659,"comment_status":"open","ping_status":"open","sticky":false,"template":"","format":"standard","meta":{"footnotes":""},"categories":[10892,10948,10894,10947,10906,10896],"tags":[15674,17297,15024],"class_list":["post-158660","post","type-post","status-publish","format-standard","has-post-thumbnail","category-camp-de-turia-ca","category-infraestructuras-ca","category-la-comarca-ca","category-politica","category-riba-roja-ca","category-seccion-ca","tag-camp-de-turia-2-ca","tag-derechos-de-las-personas-lgtbi-ca","tag-riba-roja-de-turia-ca"],"_links":{"self":[{"href":"https:\/\/tucomarca.whitekongsoftware.com\/ca\/wp-json\/wp\/v2\/posts\/158660","targetHints":{"allow":["GET"]}}],"collection":[{"href":"https:\/\/tucomarca.whitekongsoftware.com\/ca\/wp-json\/wp\/v2\/posts"}],"about":[{"href":"https:\/\/tucomarca.whitekongsoftware.com\/ca\/wp-json\/wp\/v2\/types\/post"}],"author":[{"embeddable":true,"href":"https:\/\/tucomarca.whitekongsoftware.com\/ca\/wp-json\/wp\/v2\/users\/12"}],"replies":[{"embeddable":true,"href":"https:\/\/tucomarca.whitekongsoftware.com\/ca\/wp-json\/wp\/v2\/comments?post=158660"}],"version-history":[{"count":0,"href":"https:\/\/tucomarca.whitekongsoftware.com\/ca\/wp-json\/wp\/v2\/posts\/158660\/revisions"}],"wp:featuredmedia":[{"embeddable":true,"href":"https:\/\/tucomarca.whitekongsoftware.com\/ca\/wp-json\/wp\/v2\/media\/158659"}],"wp:attachment":[{"href":"https:\/\/tucomarca.whitekongsoftware.com\/ca\/wp-json\/wp\/v2\/media?parent=158660"}],"wp:term":[{"taxonomy":"category","embeddable":true,"href":"https:\/\/tucomarca.whitekongsoftware.com\/ca\/wp-json\/wp\/v2\/categories?post=158660"},{"taxonomy":"post_tag","embeddable":true,"href":"https:\/\/tucomarca.whitekongsoftware.com\/ca\/wp-json\/wp\/v2\/tags?post=158660"}],"curies":[{"name":"wp","href":"https:\/\/api.w.org\/{rel}","templated":true}]}}