{"id":158653,"date":"2022-06-06T17:30:00","date_gmt":"2022-06-06T15:30:00","guid":{"rendered":"http:\/\/www.tucomarca.com\/wordpress\/segunda\/?p=158653"},"modified":"2022-06-07T10:22:14","modified_gmt":"2022-06-07T08:22:14","slug":"xest-presenta-graffitea-2022-amb-una-ruta-guiada-i-un-concert","status":"publish","type":"post","link":"https:\/\/tucomarca.whitekongsoftware.com\/ca\/xest-presenta-graffitea-2022-amb-una-ruta-guiada-i-un-concert\/","title":{"rendered":"Xest presenta Graffitea 2022 amb una ruta guiada i un concert"},"content":{"rendered":"\n<p class=\"wp-block-paragraph\">S&#8217;ha presentat a Xest la setena edici\u00f3 de Graffitea, a c\u00e0rrec de la seua impulsora, la regidora de Cultura, M\u00aa \u00c1ngeles Llorente Cort\u00e9s, i l&#8217;artista Toni Espinar, organitzador del festival. L&#8217;acte de presentaci\u00f3 ha tingut lloc aquest passat divendres, 3 de juny.<\/p>\n\n\n\n<figure class=\"wp-block-gallery columns-2 is-cropped wp-block-gallery-1 is-layout-flex wp-block-gallery-is-layout-flex\"><ul class=\"blocks-gallery-grid\"><li class=\"blocks-gallery-item\"><figure><img loading=\"lazy\" decoding=\"async\" width=\"1024\" height=\"682\" src=\"http:\/\/www.tucomarca.com\/wordpress\/segunda\/wp-content\/uploads\/2022\/06\/ChestePresentGraffitea22_2-1024x682.jpg\" alt=\"\" data-id=\"158648\" data-full-url=\"http:\/\/www.tucomarca.com\/wordpress\/segunda\/wp-content\/uploads\/2022\/06\/ChestePresentGraffitea22_2.jpg\" data-link=\"http:\/\/www.tucomarca.com\/wordpress\/segunda\/?attachment_id=158648\" class=\"wp-image-158648\" srcset=\"https:\/\/tucomarca.whitekongsoftware.com\/wp-content\/uploads\/2022\/06\/ChestePresentGraffitea22_2-1024x682.jpg 1024w, https:\/\/tucomarca.whitekongsoftware.com\/wp-content\/uploads\/2022\/06\/ChestePresentGraffitea22_2-300x200.jpg 300w, https:\/\/tucomarca.whitekongsoftware.com\/wp-content\/uploads\/2022\/06\/ChestePresentGraffitea22_2-768x512.jpg 768w, https:\/\/tucomarca.whitekongsoftware.com\/wp-content\/uploads\/2022\/06\/ChestePresentGraffitea22_2.jpg 1181w\" sizes=\"auto, (max-width: 1024px) 100vw, 1024px\" \/><\/figure><\/li><li class=\"blocks-gallery-item\"><figure><img loading=\"lazy\" decoding=\"async\" width=\"1024\" height=\"682\" src=\"http:\/\/www.tucomarca.com\/wordpress\/segunda\/wp-content\/uploads\/2022\/06\/ChestePresentGraffitea22_3-1024x682.jpg\" alt=\"\" data-id=\"158650\" data-full-url=\"http:\/\/www.tucomarca.com\/wordpress\/segunda\/wp-content\/uploads\/2022\/06\/ChestePresentGraffitea22_3.jpg\" data-link=\"http:\/\/www.tucomarca.com\/wordpress\/segunda\/?attachment_id=158650\" class=\"wp-image-158650\" srcset=\"https:\/\/tucomarca.whitekongsoftware.com\/wp-content\/uploads\/2022\/06\/ChestePresentGraffitea22_3-1024x682.jpg 1024w, https:\/\/tucomarca.whitekongsoftware.com\/wp-content\/uploads\/2022\/06\/ChestePresentGraffitea22_3-300x200.jpg 300w, https:\/\/tucomarca.whitekongsoftware.com\/wp-content\/uploads\/2022\/06\/ChestePresentGraffitea22_3-768x512.jpg 768w, https:\/\/tucomarca.whitekongsoftware.com\/wp-content\/uploads\/2022\/06\/ChestePresentGraffitea22_3.jpg 1181w\" sizes=\"auto, (max-width: 1024px) 100vw, 1024px\" \/><\/figure><\/li><\/ul><\/figure>\n\n\n\n<p class=\"wp-block-paragraph\">\u201c\u00c9s un orgull haver arribat a la setena edici\u00f3 amb m\u00e9s de 100 murs en la poblaci\u00f3 i haver comptat amb m\u00e9s de 100 artistes, als qui vull agrair la qualitat del seu treball i que ens hagen deixat ac\u00ed les seues obres d&#8217;una forma molt generosa. D&#8217;altra banda, vull destacar que \u00e9s possible realitzar aquest festival gr\u00e0cies a que els centres educatius ens deixen les seues instal\u00b7lacions per a pintar en els seus murs i moltes persones cedeixen les seues fa\u00e7anes perqu\u00e8 els i les artistes puguen fer les seues intervencions. Vull agrair-los l&#8217;haver volgut que les seues parets es convertisquen en finestres obertes a l&#8217;art i la cultura\u201d, manifestava Llorente.<br>Per part seua, Espinar va desgranar el programa de la present edici\u00f3 i va detallar el treball que ja han comen\u00e7at a realitzar els i les artistes participants Graffitea 2022, convidant a la poblaci\u00f3 a gaudir del proc\u00e9s art\u00edstic que s&#8217;est\u00e0 duent a terme en diferents punts de la localitat. \u201cComptem amb artistes que fan treballs de molta qualitat i enguany, com a novetat, comptem amb tres artistes locals: Pablo PIR, Juantxo i Victoria Sinistra. Sens dubte, la concepci\u00f3 del poble de Xest cap a l&#8217;art urb\u00e0 ha anat canviant any a any i crec que hem aconseguit que hi haja un patrimoni art\u00edstic del qual el poble se sent orgull\u00f3s, i no sols aix\u00f2, del qual es pot traure un atractiu cultural i tur\u00edstic\u201d, declarava Espinar.<br>En la mateixa l\u00ednia, la regidora va afirmar que el festival ha anat adquirint cada vegada m\u00e9s abast amb el pas dels anys. \u201cEls mitjans cada vegada tenen cada any m\u00e9s inter\u00e9s per Graffitea i ve gent de fora a visitar els murals. D&#8217;altra banda, des de l&#8217;organitzaci\u00f3 intentem donar-li la m\u00e0xima difusi\u00f3, tenim editades guies amb els murals de cada any, hem instal\u00b7lat codis QR en totes les obres i comptem amb l&#8217;empresa Tarasca Turisme que s&#8217;encarrega de fer rutes a un preu molt assequible tots els caps de setmana. Tamb\u00e9 cal subratllar les sinergies que ha establit el festival amb centres art\u00edstics de refer\u00e8ncia, com La Benefic\u00e8ncia, l&#8217;IVAM, o el Centre del Carmen de Cultura Contempor\u00e0nia\u201d, afegia Llorente.<\/p>\n\n\n\n<p class=\"wp-block-paragraph\">Previ a la presentaci\u00f3, es va realitzar una ruta guiada per Tarasca Turisme, en la qual es van visitar alguns dels murals de les passades edicions, per a concloure amb la intervenci\u00f3 realitzada aquest 2022 per Toni Espinar, on es reivindica l&#8217;Educaci\u00f3 P\u00fablica, amb el lema \u201cEducaci\u00f3 P\u00fablica \u00e9s llibertat i igualtat\u201d. Tal com va explicar l&#8217;autor, aquesta obra pertany a una trilogia que va comen\u00e7ar l&#8217;any passat dins de la iniciativa Murs Conscients, on va plasmar la reivindicaci\u00f3 d&#8217;una Sanitat P\u00fablica en un mur adjacent al qual ha intervingut enguany.<br>Per a finalitzar la jornada, va tindre lloc un concert a c\u00e0rrec del grup local Wireboyzz al carrer S\u00e9quia. Dem\u00e0, diumenge 5 de juny, a les 19.00, el teatre Liceu acollir\u00e0 la clausura del festival, amb la projecci\u00f3 del documental Segrelles, un il\u00b7lustrador universal. Despr\u00e9s, hi haur\u00e0 una \u00e0gape per a totes les persones assistents i s&#8217;acomiadar\u00e0 als i les artistes participants en la setena edici\u00f3 de Graffitea.<\/p>\n\n\n\n<p class=\"wp-block-paragraph\"><strong>Sobre Graffitea Xest<\/strong><\/p>\n\n\n\n<p class=\"wp-block-paragraph\">El festival ja compta amb una p\u00e0gina web pr\u00f2pia en la qual es pot consultar tot el relatiu a la present edici\u00f3 (programa, ubicaci\u00f3 dels murs, presentaci\u00f3 dels artistes, etc), i a les edicions anteriors. A m\u00e9s, es poden fer les reserves a les rutes culturals que es realitzen durant gran part dels caps de setmana de l&#8217;any per part de l&#8217;empresa especialitzada Tarasca Turisme, aix\u00ed com accedir als perfils de Facebook i Instagram de projecte.&nbsp;<br>El projecte forma part des de 2017 de la Xarxa de Centres d&#8217;Art Contemporani en l&#8217;entorn rural de l&#8217;Ag\u00e8ncia Valenciana de Turisme de la Comunitat Valenciana i, en 2020, va rebre el premi al Bon Govern de la Federaci\u00f3 Valenciana de Municipis i Prov\u00edncies com a millor iniciativa cultural.<br>El festival integra des de 2020 la iniciativa Feminist Art, en la qual el col\u00b7lectiu d&#8217;artistes feministes que el formen pinta durant tota una jornada en un espai concret de la localitat. En 2021 es va posar en marxa tamb\u00e9 Murs Conscients, amb l&#8217;objectiu de reivindicar els serveis p\u00fablics essencials.&nbsp;<br>El programa complet de la 7a edici\u00f3 de Graffitea est\u00e0 disponible en la web municipal cheste.es i en la web del festival graffiteacheste.com<\/p>\n","protected":false},"excerpt":{"rendered":"<div class=\"mh-excerpt\">S&#8217;ha presentat a Xest la setena edici\u00f3 de Graffitea, a c\u00e0rrec de la seua impulsora, la regidora de Cultura, M\u00aa \u00c1ngeles Llorente Cort\u00e9s, i l&#8217;artista Toni Espinar, organitzador del festival. L&#8217;acte de presentaci\u00f3 ha tingut <a class=\"mh-excerpt-more\" href=\"https:\/\/tucomarca.whitekongsoftware.com\/ca\/xest-presenta-graffitea-2022-amb-una-ruta-guiada-i-un-concert\/\" title=\"Xest presenta Graffitea 2022 amb una ruta guiada i un concert\">[+] <\/a><\/div>\n","protected":false},"author":12,"featured_media":158647,"comment_status":"open","ping_status":"open","sticky":false,"template":"","format":"standard","meta":{"footnotes":""},"categories":[10894,10912,11007,11063,10896,10974],"tags":[11071,14514,16255,10914],"class_list":["post-158653","post","type-post","status-publish","format-standard","has-post-thumbnail","category-la-comarca-ca","category-la-hoya-ca","category-ocio-y-cultura-ca","category-pintura-ca","category-seccion-ca","category-cheste-ca","tag-cheste","tag-festival-de-street-art-graffitea-ca","tag-graffitea-2022-ca","tag-la-hoya-de-bunol-chiva-ca"],"_links":{"self":[{"href":"https:\/\/tucomarca.whitekongsoftware.com\/ca\/wp-json\/wp\/v2\/posts\/158653","targetHints":{"allow":["GET"]}}],"collection":[{"href":"https:\/\/tucomarca.whitekongsoftware.com\/ca\/wp-json\/wp\/v2\/posts"}],"about":[{"href":"https:\/\/tucomarca.whitekongsoftware.com\/ca\/wp-json\/wp\/v2\/types\/post"}],"author":[{"embeddable":true,"href":"https:\/\/tucomarca.whitekongsoftware.com\/ca\/wp-json\/wp\/v2\/users\/12"}],"replies":[{"embeddable":true,"href":"https:\/\/tucomarca.whitekongsoftware.com\/ca\/wp-json\/wp\/v2\/comments?post=158653"}],"version-history":[{"count":0,"href":"https:\/\/tucomarca.whitekongsoftware.com\/ca\/wp-json\/wp\/v2\/posts\/158653\/revisions"}],"wp:featuredmedia":[{"embeddable":true,"href":"https:\/\/tucomarca.whitekongsoftware.com\/ca\/wp-json\/wp\/v2\/media\/158647"}],"wp:attachment":[{"href":"https:\/\/tucomarca.whitekongsoftware.com\/ca\/wp-json\/wp\/v2\/media?parent=158653"}],"wp:term":[{"taxonomy":"category","embeddable":true,"href":"https:\/\/tucomarca.whitekongsoftware.com\/ca\/wp-json\/wp\/v2\/categories?post=158653"},{"taxonomy":"post_tag","embeddable":true,"href":"https:\/\/tucomarca.whitekongsoftware.com\/ca\/wp-json\/wp\/v2\/tags?post=158653"}],"curies":[{"name":"wp","href":"https:\/\/api.w.org\/{rel}","templated":true}]}}