{"id":158442,"date":"2022-06-02T11:00:00","date_gmt":"2022-06-02T09:00:00","guid":{"rendered":"http:\/\/www.tucomarca.com\/wordpress\/segunda\/?p=158442"},"modified":"2022-06-02T11:23:49","modified_gmt":"2022-06-02T09:23:49","slug":"la-guardia-civil-dete-a-un-individu-i-esclareix-47-robatoris-a-linterior-de-vehicles-a-xiva-xeste-godelleta-y-turis","status":"publish","type":"post","link":"https:\/\/tucomarca.whitekongsoftware.com\/ca\/la-guardia-civil-dete-a-un-individu-i-esclareix-47-robatoris-a-linterior-de-vehicles-a-xiva-xeste-godelleta-y-turis\/","title":{"rendered":"La Gu\u00e0rdia Civil det\u00e9 a un individu i esclareix 47 robatoris a l&#8217;interior de vehicles a Xiva, Xeste, Godelleta y Tur\u00eds"},"content":{"rendered":"\n<h4 class=\"wp-block-heading\"><strong>L&#8217;autor robava de l&#8217;interior de vehicles objectes i eines de valor que podien aconseguir un alt valor en el mercat negre<\/strong><\/h4>\n\n\n\n<h4 class=\"wp-block-heading\"><strong>L&#8217;autor, que es troba a la pres\u00f3, es movia en el seu propi vehicle per a perpetrar els delictes en les localitats de Xiva, Xest, Godelleta i Tor\u00eds&nbsp;<\/strong><\/h4>\n\n\n\n<p class=\"wp-block-paragraph\">La Gu\u00e0rdia Civil de Val\u00e8ncia ha detingut a l&#8217;autor de 47 robatoris comesos a l&#8217;interior de vehicles en les localitats de Xiva, Xest, Godelleta i Tor\u00eds, per als quals es despla\u00e7ava en el seu propi vehicle.&nbsp;<\/p>\n\n\n\n<p class=\"wp-block-paragraph\">La Gu\u00e0rdia Civil aconsegueix identificar a l&#8217;autor de quasi mig centenar de furts i robatoris a l&#8217;interior de vehicles en diferents localitats de Val\u00e8ncia. L&#8217;operaci\u00f3, anomenada \u2018LEONCAR\u2019, va comen\u00e7ar a mitjan agost de l&#8217;any 2021, quan els investigadors van observar un augment considerable d&#8217;aquesta mena de delictes amb un modus operandi similar (for\u00e7ament de barret fort).<\/p>\n\n\n\n<p class=\"wp-block-paragraph\">Els agents de la Gu\u00e0rdia Civil van comptar amb la col\u00b7laboraci\u00f3 de denunciants i testimonis per a l&#8217;esclariment dels fets, a m\u00e9s de diferents perquisicions que van permetre identificar el radi d&#8217;acci\u00f3 en el qual actuava el detingut.&nbsp;<\/p>\n\n\n\n<p class=\"wp-block-paragraph\">L&#8217;autor, un home de 47 anys i de nacionalitat espanyola, es dedicava a cometre furts, danys i robatoris a l&#8217;interior de vehicles, fent-se amb qualsevol objecte de valor que hi haguera en el seu interior, encara que tenia prefer\u00e8ncia per eines, ja que algunes de les aquestes podien aconseguir un alt valor en el mercat negre.&nbsp;<\/p>\n\n\n\n<p class=\"wp-block-paragraph\">L&#8217;augment de delictes, al juliol de l&#8217;any 2021, va coincidir amb l&#8217;eixida a la pres\u00f3 de l&#8217;autor, el qual es troba de nou en el centre penitenciari de Picassent des d&#8217;abril.&nbsp;<\/p>\n\n\n\n<p class=\"wp-block-paragraph\">La detenci\u00f3 es va produir a la fi de maig en el propi centre penitenciari. Les dilig\u00e8ncies han sigut entregades en el Jutjat de Primera Inst\u00e0ncia i Instrucci\u00f3 N\u00famero 3 de Requena.\u00a0<\/p>\n\n\n\n<p class=\"wp-block-paragraph\"><\/p>\n","protected":false},"excerpt":{"rendered":"<div class=\"mh-excerpt\">L&#8217;autor robava de l&#8217;interior de vehicles objectes i eines de valor que podien aconseguir un alt valor en el mercat negre L&#8217;autor, que es troba a la pres\u00f3, es movia en el seu propi vehicle <a class=\"mh-excerpt-more\" href=\"https:\/\/tucomarca.whitekongsoftware.com\/ca\/la-guardia-civil-dete-a-un-individu-i-esclareix-47-robatoris-a-linterior-de-vehicles-a-xiva-xeste-godelleta-y-turis\/\" title=\"La Gu\u00e0rdia Civil det\u00e9 a un individu i esclareix 47 robatoris a l&#8217;interior de vehicles a Xiva, Xeste, Godelleta y Tur\u00eds\">[+] <\/a><\/div>\n","protected":false},"author":1,"featured_media":158439,"comment_status":"open","ping_status":"open","sticky":false,"template":"","format":"standard","meta":{"footnotes":""},"categories":[10898,10977,10894,10904,10912,10902,10896,10897,11047,10974,10975],"tags":[11071,11195,11087,10914,10901,11093],"class_list":["post-158442","post","type-post","status-publish","format-standard","has-post-thumbnail","category-ventana-ca","category-godelleta-ca","category-la-comarca-ca","category-sin-categorizar-ca","category-la-hoya-ca","category-la-ribera-ca","category-seccion-ca","category-sucesos-la-comarca-ca","category-turis-ca","category-cheste-ca","category-chiva-ca","tag-cheste","tag-chiva-ca","tag-godelleta-ca","tag-la-hoya-de-bunol-chiva-ca","tag-sucesos-ca","tag-turis-ca"],"_links":{"self":[{"href":"https:\/\/tucomarca.whitekongsoftware.com\/ca\/wp-json\/wp\/v2\/posts\/158442","targetHints":{"allow":["GET"]}}],"collection":[{"href":"https:\/\/tucomarca.whitekongsoftware.com\/ca\/wp-json\/wp\/v2\/posts"}],"about":[{"href":"https:\/\/tucomarca.whitekongsoftware.com\/ca\/wp-json\/wp\/v2\/types\/post"}],"author":[{"embeddable":true,"href":"https:\/\/tucomarca.whitekongsoftware.com\/ca\/wp-json\/wp\/v2\/users\/1"}],"replies":[{"embeddable":true,"href":"https:\/\/tucomarca.whitekongsoftware.com\/ca\/wp-json\/wp\/v2\/comments?post=158442"}],"version-history":[{"count":0,"href":"https:\/\/tucomarca.whitekongsoftware.com\/ca\/wp-json\/wp\/v2\/posts\/158442\/revisions"}],"wp:featuredmedia":[{"embeddable":true,"href":"https:\/\/tucomarca.whitekongsoftware.com\/ca\/wp-json\/wp\/v2\/media\/158439"}],"wp:attachment":[{"href":"https:\/\/tucomarca.whitekongsoftware.com\/ca\/wp-json\/wp\/v2\/media?parent=158442"}],"wp:term":[{"taxonomy":"category","embeddable":true,"href":"https:\/\/tucomarca.whitekongsoftware.com\/ca\/wp-json\/wp\/v2\/categories?post=158442"},{"taxonomy":"post_tag","embeddable":true,"href":"https:\/\/tucomarca.whitekongsoftware.com\/ca\/wp-json\/wp\/v2\/tags?post=158442"}],"curies":[{"name":"wp","href":"https:\/\/api.w.org\/{rel}","templated":true}]}}