{"id":158378,"date":"2022-05-31T14:00:00","date_gmt":"2022-05-31T12:00:00","guid":{"rendered":"http:\/\/www.tucomarca.com\/wordpress\/segunda\/?p=158378"},"modified":"2022-06-02T10:28:14","modified_gmt":"2022-06-02T08:28:14","slug":"rosario-pardo-garcia-reelegida-presidenta-del-cim-larmonica-de-bunyol","status":"publish","type":"post","link":"https:\/\/tucomarca.whitekongsoftware.com\/ca\/rosario-pardo-garcia-reelegida-presidenta-del-cim-larmonica-de-bunyol\/","title":{"rendered":"Rosario Pardo Garc\u00eda, reelegida presidenta del CIM &#8220;L&#8217;Arm\u00f2nica&#8221; de Bunyol"},"content":{"rendered":"\n<p class=\"wp-block-paragraph\">Despr\u00e9s de l&#8217;Assemblea general ordin\u00e0ria corresponent a l&#8217;exercici 2021 que es va celebrar el passat 22 d&#8217;abril, es va obrir el proc\u00e9s electoral per a la renovaci\u00f3 de l&#8217;actual Junta Directiva despr\u00e9s dels seus primers 4 anys de mandat. &nbsp;<\/p>\n\n\n\n<p class=\"wp-block-paragraph\">El termini per a la presentaci\u00f3 de llistes va finalitzar el passat 11 de maig. Tal com estableix el reglament electoral aprovat recentment per l&#8217;Assemblea de Socis, el 13 de maig coincidint amb la publicaci\u00f3 de les llistes, es va proclamar l&#8217;\u00fanica candidatura presentada com a nova Junta directiva.&nbsp;<\/p>\n\n\n\n<p class=\"wp-block-paragraph\">Rosario Pardo ja havia expressat a l&#8217;Assemblea de Socis la seua intenci\u00f3 de &#8220;presentar-se a la reelecci\u00f3 amb tot el seu equip i la il\u00b7lusi\u00f3 en els projectes en marxa i la nova etapa que s&#8217;obri per a la societat una vegada recuperada la normalitat i amb la base del treball social, musical i de gesti\u00f3 realitzat en els \u00faltims anys pel seu equip&#8221;, segons fonts de l&#8217;entitat.&nbsp;<\/p>\n\n\n\n<p class=\"wp-block-paragraph\">E&#8221;l primer mandat de la presidenta del Litre s&#8217;ha caracteritzat per una forta inversi\u00f3 per a la renovaci\u00f3 i adequaci\u00f3 del patrimoni de la societat (nova escola de m\u00fasica, noves instal\u00b7lacions de climatitzaci\u00f3 en el Palau de la M\u00fasica, renovaci\u00f3 Sal\u00f3 Assajos, adequaci\u00f3 de l&#8217;antiga escola,&nbsp; restauraci\u00f3 de fa\u00e7anes del&nbsp; conjunt d&#8217;edificis del Litre, renovaci\u00f3 del gran instrumental de la Banda Simf\u00f2nica, etc)&#8221;. Rosario Pardo ha declarat que aquesta labor &#8220;continuar\u00e0 en aquest nou mandat amb la remodelaci\u00f3 integral del local social, que s&#8217;iniciar\u00e0 en breu.&nbsp; Darrere d&#8217;aquesta gran inversi\u00f3 hi ha una \u00f2ptima gesti\u00f3 econ\u00f2mica per al finan\u00e7ament i la reeixida gesti\u00f3 de subvencions aix\u00ed com un equip&nbsp; directiu expert en execuci\u00f3 d&#8217;obra. D&#8217;altra banda, cal ressaltar que el Litre s&#8217;ha destacat en la continu\u00eftat de les activitats de les seues agrupacions durant la pand\u00e8mia, la qual cosa li ha valgut fins i tot el reconeixement del IVC i de la FSMCV, i que acaba de finalitzar un innovador proc\u00e9s per a la selecci\u00f3 del seu director art\u00edstic, Sa\u00fcl G\u00f3mez Soler, recentment nomenat&#8221;.&nbsp;<\/p>\n\n\n\n<p class=\"wp-block-paragraph\">En qualsevol cas, per a la junta encap\u00e7alada per Rosario Pardo, &#8220;el major \u00e8xit \u00e9s el suport dels socis en desistir de qualsevol compet\u00e8ncia electoral, i el context de pau social i uni\u00f3 que es respira en la Societat i que els permet afrontar aquesta nova etapa amb renovat optimisme i amb un equip de directius i directives molt s\u00f2lid, experimentat i compenetrado&#8221;.&nbsp;<\/p>\n\n\n\n<p class=\"wp-block-paragraph\"><\/p>\n","protected":false},"excerpt":{"rendered":"<div class=\"mh-excerpt\">Despr\u00e9s de l&#8217;Assemblea general ordin\u00e0ria corresponent a l&#8217;exercici 2021 que es va celebrar el passat 22 d&#8217;abril, es va obrir el proc\u00e9s electoral per a la renovaci\u00f3 de l&#8217;actual Junta Directiva despr\u00e9s dels seus primers <a class=\"mh-excerpt-more\" href=\"https:\/\/tucomarca.whitekongsoftware.com\/ca\/rosario-pardo-garcia-reelegida-presidenta-del-cim-larmonica-de-bunyol\/\" title=\"Rosario Pardo Garc\u00eda, reelegida presidenta del CIM &#8220;L&#8217;Arm\u00f2nica&#8221; de Bunyol\">[+] <\/a><\/div>\n","protected":false},"author":12,"featured_media":158376,"comment_status":"open","ping_status":"open","sticky":false,"template":"","format":"standard","meta":{"footnotes":""},"categories":[10911,11005,10912,11007,10896],"tags":[10913,11209,10914],"class_list":["post-158378","post","type-post","status-publish","format-standard","has-post-thumbnail","category-bunol-ca","category-canal-musica","category-la-hoya-ca","category-ocio-y-cultura-ca","category-seccion-ca","tag-bunol-ca","tag-cim-la-armonica-de-bunol-ca","tag-la-hoya-de-bunol-chiva-ca"],"_links":{"self":[{"href":"https:\/\/tucomarca.whitekongsoftware.com\/ca\/wp-json\/wp\/v2\/posts\/158378","targetHints":{"allow":["GET"]}}],"collection":[{"href":"https:\/\/tucomarca.whitekongsoftware.com\/ca\/wp-json\/wp\/v2\/posts"}],"about":[{"href":"https:\/\/tucomarca.whitekongsoftware.com\/ca\/wp-json\/wp\/v2\/types\/post"}],"author":[{"embeddable":true,"href":"https:\/\/tucomarca.whitekongsoftware.com\/ca\/wp-json\/wp\/v2\/users\/12"}],"replies":[{"embeddable":true,"href":"https:\/\/tucomarca.whitekongsoftware.com\/ca\/wp-json\/wp\/v2\/comments?post=158378"}],"version-history":[{"count":0,"href":"https:\/\/tucomarca.whitekongsoftware.com\/ca\/wp-json\/wp\/v2\/posts\/158378\/revisions"}],"wp:featuredmedia":[{"embeddable":true,"href":"https:\/\/tucomarca.whitekongsoftware.com\/ca\/wp-json\/wp\/v2\/media\/158376"}],"wp:attachment":[{"href":"https:\/\/tucomarca.whitekongsoftware.com\/ca\/wp-json\/wp\/v2\/media?parent=158378"}],"wp:term":[{"taxonomy":"category","embeddable":true,"href":"https:\/\/tucomarca.whitekongsoftware.com\/ca\/wp-json\/wp\/v2\/categories?post=158378"},{"taxonomy":"post_tag","embeddable":true,"href":"https:\/\/tucomarca.whitekongsoftware.com\/ca\/wp-json\/wp\/v2\/tags?post=158378"}],"curies":[{"name":"wp","href":"https:\/\/api.w.org\/{rel}","templated":true}]}}