{"id":158356,"date":"2022-05-31T17:00:00","date_gmt":"2022-05-31T15:00:00","guid":{"rendered":"http:\/\/www.tucomarca.com\/wordpress\/segunda\/?p=158356"},"modified":"2022-05-31T22:19:14","modified_gmt":"2022-05-31T20:19:14","slug":"lajuntament-de-bunyol-sollicitara-una-prorroga-de-la-suspensio-de-llicencies-per-a-mantindre-paralitzada-la-planta-solar-fotovoltaica","status":"publish","type":"post","link":"https:\/\/tucomarca.whitekongsoftware.com\/ca\/lajuntament-de-bunyol-sollicitara-una-prorroga-de-la-suspensio-de-llicencies-per-a-mantindre-paralitzada-la-planta-solar-fotovoltaica\/","title":{"rendered":"L&#8217;Ajuntament de Bunyol sol\u00b7licitar\u00e0 una pr\u00f2rroga de la suspensi\u00f3 de llic\u00e8ncies per a mantindre paralitzada la planta solar fotovoltaica"},"content":{"rendered":"\n<figure class=\"wp-block-image size-large\"><img loading=\"lazy\" decoding=\"async\" width=\"1024\" height=\"1024\" src=\"http:\/\/www.tucomarca.com\/wordpress\/segunda\/wp-content\/uploads\/2022\/05\/BunolPlenoSalvemosFarrajon2-1024x1024.jpg\" alt=\"\" class=\"wp-image-158353\" srcset=\"https:\/\/tucomarca.whitekongsoftware.com\/wp-content\/uploads\/2022\/05\/BunolPlenoSalvemosFarrajon2-1024x1024.jpg 1024w, https:\/\/tucomarca.whitekongsoftware.com\/wp-content\/uploads\/2022\/05\/BunolPlenoSalvemosFarrajon2-300x300.jpg 300w, https:\/\/tucomarca.whitekongsoftware.com\/wp-content\/uploads\/2022\/05\/BunolPlenoSalvemosFarrajon2-290x290.jpg 290w, https:\/\/tucomarca.whitekongsoftware.com\/wp-content\/uploads\/2022\/05\/BunolPlenoSalvemosFarrajon2-768x768.jpg 768w, https:\/\/tucomarca.whitekongsoftware.com\/wp-content\/uploads\/2022\/05\/BunolPlenoSalvemosFarrajon2.jpg 1181w\" sizes=\"auto, (max-width: 1024px) 100vw, 1024px\" \/><\/figure>\n\n\n\n<p class=\"wp-block-paragraph\">L&#8217;Ajuntament de Bunyol va celebrar ahir, dilluns, el ple ordinari corresponent al mes de maig, en el qual es va aprovar una moci\u00f3 del Govern local per a sol\u00b7licitar a la Generalitat Valenciana una pr\u00f2rroga en la suspensi\u00f3 de llic\u00e8ncies, amb l&#8217;objectiu de mantindre paralitzada la possibilitat que s&#8217;instal\u00b7le una planta solar fotovoltaica en Farraj\u00f3n.<br>La proposta del Govern contempla demanar una pr\u00f2rroga d&#8217;aqueixa suspensi\u00f3 de llic\u00e8ncies, tal com va explicar Rafa P\u00e9rez, \u201cperqu\u00e8 estem amb una reforma de normes subsidi\u00e0ries, que ja est\u00e0 en marxa, amb dotaci\u00f3 econ\u00f2mica, \u00e9s la major justificaci\u00f3 possible perqu\u00e8 es prorrogue un any la suspensi\u00f3 de llic\u00e8ncies\u201d.&nbsp;<br>L&#8217;alcaldessa, Juncal Carrascosa, va assegurar que s&#8217;han complit \u201ctots els passos, sab\u00edem que no anava a ser senzill, per\u00f2 la modificaci\u00f3 de les normes subsidi\u00e0ries era impossible tindre-ho en menys d&#8217;un any pels propis terminis administratius\u201d. Una modificaci\u00f3 de les normes subsidi\u00e0ries essencials per a protegir la zona de Farraj\u00f3n.<br>IAB va presentar una moci\u00f3 inicial amb el mateix objectiu, amb algunes modificacions despr\u00e9s d&#8217;un informe de la secretari del consistori, i el Govern local va presentar tamb\u00e9 una moci\u00f3 amb m\u00e9s aspectes, que es va considerar m\u00e9s ajustada i encertada que les de l&#8217;oposici\u00f3.<br>Va ser el punt que major debat va suscitar per a oposar-se a l&#8217;\u00faltim decret llei aprovat pel govern auton\u00f2mic que regula la instal\u00b7laci\u00f3 de plantes d&#8217;energies renovables, i que, entre altres coses, limita la suspensi\u00f3 de llic\u00e8ncies per a la instal\u00b7laci\u00f3 d&#8217;aquestes plantes a sis mesos sense que els ajuntaments les justifiquen. Aqueix termini a Bunyol vencer\u00e0 el 22 de juliol.<\/p>\n\n\n\n<p class=\"wp-block-paragraph\"><strong>Ajuda a la Diputaci\u00f3<\/strong><\/p>\n\n\n\n<p class=\"wp-block-paragraph\">En el ple tamb\u00e9 es va aprovar sol\u00b7licitar una ajuda a la Diputaci\u00f3 de Val\u00e8ncia per import de 39.900 euros. La subvenci\u00f3 sol\u00b7licitada anir\u00e0 destinada a les millores en el Barranc dels Muts, en el tram entre Borrunes i les Vendes.<br>Tamb\u00e9 es va debatre l&#8217;actualitzaci\u00f3 de l&#8217;impost sobre l&#8217;increment del valor dels terrenys de naturalesa urbana, segons obliga l&#8217;\u00faltima legislaci\u00f3 nacional, el conegut com a plusv\u00e0lua. L&#8217;edil d&#8217;Hisenda, Manuel Sierra, va explicar que \u00e9s obligat\u00f2ria aquesta actualitzaci\u00f3 i que no afectar\u00e0 l&#8217;execuci\u00f3 del pressupost d&#8217;enguany. El punt es va aprovar amb el vot a favor de tots els grups pol\u00edtics, excepte el PP que es va abstindre.<br>En un altre dels punts de l&#8217;ordre del dia es va aprovar per unanimitat convertir una pla\u00e7a d&#8217;agent de policia local en una d&#8217;oficial. Segons va explicar l&#8217;edil Mar\u00eda Vall\u00e9s, \u00e9s necessari tindre dos oficials, quan la plantilla actualment nom\u00e9s t\u00e9 un, d&#8217;ac\u00ed la proposta que va tirar avant.<br>Avan\u00e7at el ple es va aprovar tamb\u00e9 per unanimitat una proposta del grup socialista amb motiu del Dia Internacional contra l&#8217;homof\u00f2bia, la transf\u00f2bia i la bif\u00f2bia.<\/p>\n\n\n\n<p class=\"wp-block-paragraph\"><strong>Resolucions i daci\u00f3 de comptes<\/strong><\/p>\n\n\n\n<p class=\"wp-block-paragraph\">El Govern tamb\u00e9 va presentar la liquidaci\u00f3 del pressupost de 2021, que es liquida sense objeccions legals, com va destacar l&#8217;edil de l&#8217;\u00e0rea d&#8217;Hisenda, Manuel Sierra.<br>A m\u00e9s, s&#8217;ha redu\u00eft en 6 dies el pagament mitj\u00e0 a prove\u00efdors.<\/p>\n","protected":false},"excerpt":{"rendered":"<div class=\"mh-excerpt\">L&#8217;Ajuntament de Bunyol va celebrar ahir, dilluns, el ple ordinari corresponent al mes de maig, en el qual es va aprovar una moci\u00f3 del Govern local per a sol\u00b7licitar a la Generalitat Valenciana una pr\u00f2rroga <a class=\"mh-excerpt-more\" href=\"https:\/\/tucomarca.whitekongsoftware.com\/ca\/lajuntament-de-bunyol-sollicitara-una-prorroga-de-la-suspensio-de-llicencies-per-a-mantindre-paralitzada-la-planta-solar-fotovoltaica\/\" title=\"L&#8217;Ajuntament de Bunyol sol\u00b7licitar\u00e0 una pr\u00f2rroga de la suspensi\u00f3 de llic\u00e8ncies per a mantindre paralitzada la planta solar fotovoltaica\">[+] <\/a><\/div>\n","protected":false},"author":12,"featured_media":158352,"comment_status":"open","ping_status":"open","sticky":false,"template":"","format":"standard","meta":{"footnotes":""},"categories":[10911,10948,10894,10912,10947,10896],"tags":[10913,10914,17254,14227],"class_list":["post-158356","post","type-post","status-publish","format-standard","has-post-thumbnail","category-bunol-ca","category-infraestructuras-ca","category-la-comarca-ca","category-la-hoya-ca","category-politica","category-seccion-ca","tag-bunol-ca","tag-la-hoya-de-bunol-chiva-ca","tag-planta-solar-fotovoltaica-ca","tag-pleno-de-bunol-ca"],"_links":{"self":[{"href":"https:\/\/tucomarca.whitekongsoftware.com\/ca\/wp-json\/wp\/v2\/posts\/158356","targetHints":{"allow":["GET"]}}],"collection":[{"href":"https:\/\/tucomarca.whitekongsoftware.com\/ca\/wp-json\/wp\/v2\/posts"}],"about":[{"href":"https:\/\/tucomarca.whitekongsoftware.com\/ca\/wp-json\/wp\/v2\/types\/post"}],"author":[{"embeddable":true,"href":"https:\/\/tucomarca.whitekongsoftware.com\/ca\/wp-json\/wp\/v2\/users\/12"}],"replies":[{"embeddable":true,"href":"https:\/\/tucomarca.whitekongsoftware.com\/ca\/wp-json\/wp\/v2\/comments?post=158356"}],"version-history":[{"count":0,"href":"https:\/\/tucomarca.whitekongsoftware.com\/ca\/wp-json\/wp\/v2\/posts\/158356\/revisions"}],"wp:featuredmedia":[{"embeddable":true,"href":"https:\/\/tucomarca.whitekongsoftware.com\/ca\/wp-json\/wp\/v2\/media\/158352"}],"wp:attachment":[{"href":"https:\/\/tucomarca.whitekongsoftware.com\/ca\/wp-json\/wp\/v2\/media?parent=158356"}],"wp:term":[{"taxonomy":"category","embeddable":true,"href":"https:\/\/tucomarca.whitekongsoftware.com\/ca\/wp-json\/wp\/v2\/categories?post=158356"},{"taxonomy":"post_tag","embeddable":true,"href":"https:\/\/tucomarca.whitekongsoftware.com\/ca\/wp-json\/wp\/v2\/tags?post=158356"}],"curies":[{"name":"wp","href":"https:\/\/api.w.org\/{rel}","templated":true}]}}