{"id":158335,"date":"2022-05-31T09:00:00","date_gmt":"2022-05-31T07:00:00","guid":{"rendered":"http:\/\/www.tucomarca.com\/wordpress\/segunda\/?p=158335"},"modified":"2022-05-31T13:40:44","modified_gmt":"2022-05-31T11:40:44","slug":"riba-roja-sollicita-permis-a-la-generalitat-per-a-llancar-focs-artificials-durant-les-festes-patronals-i-festives-per-la-seua-proximitat-a-arees-forestals-del-parc-del-turia","status":"publish","type":"post","link":"https:\/\/tucomarca.whitekongsoftware.com\/ca\/riba-roja-sollicita-permis-a-la-generalitat-per-a-llancar-focs-artificials-durant-les-festes-patronals-i-festives-per-la-seua-proximitat-a-arees-forestals-del-parc-del-turia\/","title":{"rendered":"Riba-roja sol\u00b7licita perm\u00eds a la Generalitat per a llan\u00e7ar focs artificials durant les festes patronals i festives per la seua proximitat a \u00e0rees forestals del Parc del T\u00faria"},"content":{"rendered":"\n<h4 class=\"wp-block-heading\">L&#8217;ajuntament prepara un total de cinc empla\u00e7aments per al llan\u00e7ament dels focs artificials que es troben a menys de 500 metres lineals de zones amb caracter\u00edstiques forestals<\/h4>\n\n\n\n<p class=\"wp-block-paragraph\">El ple de l&#8217;Ajuntament de Riba-roja de T\u00faria ha sol\u00b7licitat perm\u00eds a la Generalitat Valenciana per al llan\u00e7ament de focs artificials i pirot\u00e8cnics amb motius de les diverses celebracions l\u00fadiques i festives que es realitzaran en el terme municipal al llarg dels pr\u00f2xims mesos. La proposta de l&#8217;actual equip de govern del PSPV ha comptat amb el suport de Comprom\u00eds, Esquerra Unida i Podem Riba-roja Pot, l&#8217;abstenci\u00f3 del PP i el vot en contra de Ciutadans i Vox.&nbsp;<\/p>\n\n\n\n<p class=\"wp-block-paragraph\">L&#8217;Ajuntament de Riba-roja de T\u00faria ha sol\u00b7licitat el citat perm\u00eds a la conselleria d&#8217;Agricultura, Medi Ambient i Desenvolupament Rural sobre els empla\u00e7aments per a dur a terme el llan\u00e7ament dels focs artificials, que els esdeveniments que tindran lloc els mateixos estan situats a una proximitat inferior als 500 metres totals de les \u00e0rees forestals, especialment aquelles que estan radicades en les \u00e0rees d&#8217;afectaci\u00f3 del Parc Natural del T\u00faria.&nbsp;<\/p>\n\n\n\n<p class=\"wp-block-paragraph\">La proposta del ple municipal ha fixat un total de 5 empla\u00e7aments on es duran a terme el llan\u00e7ament dels focs artificials, amb la pla\u00e7a de l&#8217;ajuntament, l&#8217;antiga f\u00e0brica de Pacadar, el carrer Sagunt amb Adolfo Su\u00e1rez, la pla\u00e7a de Vicent Andr\u00e9s Estell\u00e9s i, finalment, l&#8217;avinguda del Poliesportiu de Riba-roja de T\u00faria. En tots els casos es tracta d&#8217;\u00e0rees que confronten de zones forestals situades a menys de 500 metres lineals amb caracter\u00edstiques forestals.<\/p>\n\n\n\n<p class=\"wp-block-paragraph\">El llan\u00e7ament d&#8217;aquesta mena de focs artificials en zones forestals requereix del perm\u00eds previ per part de la Generalitat Valenciana amb l&#8217;objectiu que es puguen provocar incendis en aquestes \u00e0rees d&#8217;alt valor ecol\u00f2gic. L&#8217;administraci\u00f3 estudia cadascun dels casos que se li sol\u00b7liciten per part de les administracions locals en funci\u00f3 de les caracter\u00edstiques dels focs que es llan\u00e7aran i de la proximitat als llocs amb riquesa forestal.&nbsp;<\/p>\n\n\n\n<p class=\"wp-block-paragraph\">En el cas dels empla\u00e7aments de Riba-roja de T\u00faria, els t\u00e8cnics municipals han elaborat els corresponents informes on es raona i argumenta la possibilitat de dur a terme el llan\u00e7ament dels artefactes pirot\u00e8cnics sense que es puguen provocar un risc de possibles incendis o accidents d&#8217;un altre qualsevol tipus. Per aix\u00f2, els informes s\u00f3n una part essencial en les sol\u00b7licituds aprovades pel ple municipal de Riba-roja de T\u00faria com a pas previ al seu enviament a la conselleria d&#8217;Agricultura, Medi Ambient i Desenvolupament Rural.&nbsp;<\/p>\n\n\n\n<p class=\"wp-block-paragraph\">D&#8217;aquesta manera, en la pla\u00e7a de l&#8217;ajuntament es llan\u00e7aran artefactes pirot\u00e8cnics terrestres i aeris de fins a 50 mil\u00b7l\u00edmetres de calibre i esdeveniments amb una mat\u00e8ria reglamentada inferior als 50 quilograms. En l&#8217;antiga f\u00e0brica de Pacadar, al seu torn els artefactes seran de fins a 125 mm de calibre i uns esdeveniments amb una mat\u00e8ria reglamentada inferior als 100 quilograms. En aquesta mateixa situaci\u00f3 se situar\u00e0 la celebraci\u00f3 de l&#8217;avinguda del Poliesportiu.&nbsp;<\/p>\n\n\n\n<p class=\"wp-block-paragraph\">Per part seua, al carrer Sagunt amb Adolfo Su\u00e1rez els artefactes tindran fins a 75 mm de calibre i uns esdeveniments amb una mat\u00e8ria reglamentada inferior als 100 quilograms. Tamb\u00e9 s&#8217;emprar\u00e0 s la seua vegada per a la realitzaci\u00f3 d&#8217;una cord\u00e0 a Riba-roja de T\u00faria en la qual s&#8217;arribaran a aconseguir els 250 quilograms de massa reglamentada en total. Finalment, en la pla\u00e7a Vicent Anfr\u00e9s Estell\u00e9s es llan\u00e7aran artefactes de fins a 50 mm de calibre i uns esdeveniments amb una mat\u00e8ria reglamentada inferior als 5 quilograms.&nbsp;<\/p>\n\n\n\n<p class=\"wp-block-paragraph\">Cal recordar que el ple de Riba-roja de T\u00faria va aprovar al gener del passat any 2021 el Primer Pla Local d&#8217;Incendis Forestals amb l&#8217;objectiu de protegir i preservar un total de 1.329 hect\u00e0rees de zona forestal i, d&#8217;aquesta manera, evitar possibles focs en les zones del terme municipal. El pla detalla de forma detallada la situaci\u00f3 actual i l&#8217;evoluci\u00f3 de la problem\u00e0tica dels incendis forestals, a m\u00e9s d&#8217;una zonificaci\u00f3 del territori en funci\u00f3 del risc i una regulaci\u00f3 i conscienciaci\u00f3 sobre les pr\u00e0ctiques i activitats que poden provocar aquest tipus d&#8217;incidents.&nbsp;<\/p>\n\n\n\n<p class=\"wp-block-paragraph\">El pla municipal detecta que el 23\u20192% de la superf\u00edcie del terme municipal de Riba-roja de T\u00faria est\u00e0 catalogada com a terreny forestal, format principalment per pinedes, acompanyats de vegetaci\u00f3 arbustiva t\u00edpica mediterr\u00e0nia, encara que tamb\u00e9 hi ha uns altres amb predominaci\u00f3 de garrigas, matolls, vegetaci\u00f3 de ribera, altres formacions arb\u00f2ries i matolls i herbassars mediterranis. S&#8217;estableixen les \u00e0rees del nucli urb\u00e0 i de la resta del terme municipal.&nbsp;<\/p>\n\n\n\n<p class=\"wp-block-paragraph\">L&#8217;alcalde de Riba-roja de T\u00faria, Robert Raga, ha afirmat que aquesta sol\u00b7licitud \u201c\u00e9s una obligaci\u00f3 dels municipis que compta amb un important patrimoni natural, ecol\u00f2gic i ambiental amb l&#8217;objectiu de poder conjuminar, al mateix temps, la possibilitat de dur a terme el llan\u00e7ament dels focs artificials per les festes patronals i celebracions d&#8217;\u00edndole general amb la necessitat de preservar i protegir la notable massa forestal que posse\u00efm actualment\u201d.<\/p>\n\n\n\n<p class=\"wp-block-paragraph\"><\/p>\n","protected":false},"excerpt":{"rendered":"<div class=\"mh-excerpt\">L&#8217;ajuntament prepara un total de cinc empla\u00e7aments per al llan\u00e7ament dels focs artificials que es troben a menys de 500 metres lineals de zones amb caracter\u00edstiques forestals El ple de l&#8217;Ajuntament de Riba-roja de T\u00faria <a class=\"mh-excerpt-more\" href=\"https:\/\/tucomarca.whitekongsoftware.com\/ca\/riba-roja-sollicita-permis-a-la-generalitat-per-a-llancar-focs-artificials-durant-les-festes-patronals-i-festives-per-la-seua-proximitat-a-arees-forestals-del-parc-del-turia\/\" title=\"Riba-roja sol\u00b7licita perm\u00eds a la Generalitat per a llan\u00e7ar focs artificials durant les festes patronals i festives per la seua proximitat a \u00e0rees forestals del Parc del T\u00faria\">[+] <\/a><\/div>\n","protected":false},"author":12,"featured_media":126424,"comment_status":"open","ping_status":"open","sticky":false,"template":"","format":"standard","meta":{"footnotes":""},"categories":[10892,10894,10903,10947,10906,10896],"tags":[10899,17252,15024],"class_list":["post-158335","post","type-post","status-publish","format-standard","has-post-thumbnail","category-camp-de-turia-ca","category-la-comarca-ca","category-medio-ambiente-la-comarca-ca","category-politica","category-riba-roja-ca","category-seccion-ca","tag-camp-de-turia-ca","tag-fuegos-artificiales-ca","tag-riba-roja-de-turia-ca"],"_links":{"self":[{"href":"https:\/\/tucomarca.whitekongsoftware.com\/ca\/wp-json\/wp\/v2\/posts\/158335","targetHints":{"allow":["GET"]}}],"collection":[{"href":"https:\/\/tucomarca.whitekongsoftware.com\/ca\/wp-json\/wp\/v2\/posts"}],"about":[{"href":"https:\/\/tucomarca.whitekongsoftware.com\/ca\/wp-json\/wp\/v2\/types\/post"}],"author":[{"embeddable":true,"href":"https:\/\/tucomarca.whitekongsoftware.com\/ca\/wp-json\/wp\/v2\/users\/12"}],"replies":[{"embeddable":true,"href":"https:\/\/tucomarca.whitekongsoftware.com\/ca\/wp-json\/wp\/v2\/comments?post=158335"}],"version-history":[{"count":0,"href":"https:\/\/tucomarca.whitekongsoftware.com\/ca\/wp-json\/wp\/v2\/posts\/158335\/revisions"}],"wp:featuredmedia":[{"embeddable":true,"href":"https:\/\/tucomarca.whitekongsoftware.com\/ca\/wp-json\/wp\/v2\/media\/126424"}],"wp:attachment":[{"href":"https:\/\/tucomarca.whitekongsoftware.com\/ca\/wp-json\/wp\/v2\/media?parent=158335"}],"wp:term":[{"taxonomy":"category","embeddable":true,"href":"https:\/\/tucomarca.whitekongsoftware.com\/ca\/wp-json\/wp\/v2\/categories?post=158335"},{"taxonomy":"post_tag","embeddable":true,"href":"https:\/\/tucomarca.whitekongsoftware.com\/ca\/wp-json\/wp\/v2\/tags?post=158335"}],"curies":[{"name":"wp","href":"https:\/\/api.w.org\/{rel}","templated":true}]}}