{"id":158232,"date":"2022-05-30T10:00:00","date_gmt":"2022-05-30T08:00:00","guid":{"rendered":"http:\/\/www.tucomarca.com\/wordpress\/segunda\/?p=158232"},"modified":"2022-05-31T11:34:36","modified_gmt":"2022-05-31T09:34:36","slug":"borja-escoto-sera-el-nou-coordinador-esportiu-del-ud-mancomunitat-la-foia","status":"publish","type":"post","link":"https:\/\/tucomarca.whitekongsoftware.com\/ca\/borja-escoto-sera-el-nou-coordinador-esportiu-del-ud-mancomunitat-la-foia\/","title":{"rendered":"Borja Escoto ser\u00e0 el nou coordinador esportiu del UD Mancomunitat La Foia"},"content":{"rendered":"\n<p class=\"wp-block-paragraph\">Sergio Galarza deixar\u00e0 de ser el coordinador esportiu per a la pr\u00f2xima temporada, motius laborals fan que la gran faena que estava realitzant al capdavant de la direcci\u00f3 esportiva es veja interromput per part seua, encara que seguir\u00e0 vinculat al club i per descomptat ser\u00e0 un dels pilars d&#8217;aquest.<\/p>\n\n\n\n<p class=\"wp-block-paragraph\">El seu lloc ser\u00e0 ocupat per l&#8217;entrenador de l&#8217;Amateur A Borja Escoto, que tamb\u00e9 ha entrenat al cadet i femen\u00ed, home que coneix perfectament la casa i que assumeix el c\u00e0rrec amb molta il\u00b7lusi\u00f3 i amb el convenciment de seguir la l\u00ednia iniciat per Sergio.<\/p>\n\n\n\n<p class=\"wp-block-paragraph\">La directiva &#8220;confia plenament en Borja i est\u00e0 plenament conven\u00e7uda que realitzar\u00e0 una molt bona faena, de fet, ja s&#8217;han posat a treballar en la temporada 2022-23 solapant amb Sergio i el seu nou equip de treball. El club agraeix a &#8220;Primito&#8221; la seua gran faena realitzada i li desitja la major de les sorts a Borja, ja que la seua ser\u00e0 l&#8217;\u00e8xit del club&#8221;. <\/p>\n\n\n\n<p class=\"wp-block-paragraph\"><\/p>\n","protected":false},"excerpt":{"rendered":"<div class=\"mh-excerpt\">Sergio Galarza deixar\u00e0 de ser el coordinador esportiu per a la pr\u00f2xima temporada, motius laborals fan que la gran faena que estava realitzant al capdavant de la direcci\u00f3 esportiva es veja interromput per part seua, <a class=\"mh-excerpt-more\" href=\"https:\/\/tucomarca.whitekongsoftware.com\/ca\/borja-escoto-sera-el-nou-coordinador-esportiu-del-ud-mancomunitat-la-foia\/\" title=\"Borja Escoto ser\u00e0 el nou coordinador esportiu del UD Mancomunitat La Foia\">[+] <\/a><\/div>\n","protected":false},"author":12,"featured_media":158229,"comment_status":"open","ping_status":"open","sticky":false,"template":"","format":"standard","meta":{"footnotes":""},"categories":[10973,11015,11003,10980,10894,10912,10978,10896],"tags":[17237,10914,11514,17238],"class_list":["post-158232","post","type-post","status-publish","format-standard","has-post-thumbnail","category-alborache-ca","category-canal-futbol","category-sports","category-yatova-ca","category-la-comarca-ca","category-la-hoya-ca","category-macastre-ca","category-seccion-ca","tag-borja-escoto-ca","tag-la-hoya-de-bunol-chiva-ca","tag-mancomunidad-de-la-hoya-de-bunol-chiva-ca","tag-ud-mancomunidad-la-hoya-ca"],"_links":{"self":[{"href":"https:\/\/tucomarca.whitekongsoftware.com\/ca\/wp-json\/wp\/v2\/posts\/158232","targetHints":{"allow":["GET"]}}],"collection":[{"href":"https:\/\/tucomarca.whitekongsoftware.com\/ca\/wp-json\/wp\/v2\/posts"}],"about":[{"href":"https:\/\/tucomarca.whitekongsoftware.com\/ca\/wp-json\/wp\/v2\/types\/post"}],"author":[{"embeddable":true,"href":"https:\/\/tucomarca.whitekongsoftware.com\/ca\/wp-json\/wp\/v2\/users\/12"}],"replies":[{"embeddable":true,"href":"https:\/\/tucomarca.whitekongsoftware.com\/ca\/wp-json\/wp\/v2\/comments?post=158232"}],"version-history":[{"count":0,"href":"https:\/\/tucomarca.whitekongsoftware.com\/ca\/wp-json\/wp\/v2\/posts\/158232\/revisions"}],"wp:featuredmedia":[{"embeddable":true,"href":"https:\/\/tucomarca.whitekongsoftware.com\/ca\/wp-json\/wp\/v2\/media\/158229"}],"wp:attachment":[{"href":"https:\/\/tucomarca.whitekongsoftware.com\/ca\/wp-json\/wp\/v2\/media?parent=158232"}],"wp:term":[{"taxonomy":"category","embeddable":true,"href":"https:\/\/tucomarca.whitekongsoftware.com\/ca\/wp-json\/wp\/v2\/categories?post=158232"},{"taxonomy":"post_tag","embeddable":true,"href":"https:\/\/tucomarca.whitekongsoftware.com\/ca\/wp-json\/wp\/v2\/tags?post=158232"}],"curies":[{"name":"wp","href":"https:\/\/api.w.org\/{rel}","templated":true}]}}