{"id":158192,"date":"2022-05-29T23:48:28","date_gmt":"2022-05-29T21:48:28","guid":{"rendered":"http:\/\/www.tucomarca.com\/wordpress\/segunda\/?p=158192"},"modified":"2022-05-29T23:56:15","modified_gmt":"2022-05-29T21:56:15","slug":"el-cd-bunyol-es-mesurara-al-gandia-en-la-final-dascens-a-tercera-divisio-despres-de-superar-a-la-ud-vall-de-uxo","status":"publish","type":"post","link":"https:\/\/tucomarca.whitekongsoftware.com\/ca\/el-cd-bunyol-es-mesurara-al-gandia-en-la-final-dascens-a-tercera-divisio-despres-de-superar-a-la-ud-vall-de-uxo\/","title":{"rendered":"El CD Bunyol es mesurar\u00e0 al Gandia en la final d&#8217;ascens a Tercera Divisi\u00f3 despr\u00e9s de superar a la UD Vall de Ux\u00f3"},"content":{"rendered":"\n<p class=\"wp-block-paragraph\">El Club Esportiu Bunyol s&#8217;ha tornat a ficar en la seua segona final consecutiva per a intentar l&#8217;anhelat ascens a Tercera Divisi\u00f3, despr\u00e9s de desfer-se de la UD Vall de Ux\u00f3 en un terreny de joc que els castellonencs havien convertit en tota una olla de pressi\u00f3.<\/p>\n\n\n\n<p class=\"wp-block-paragraph\">Malgrat caure per 2 gols a a 1, el CD Bunyol ha fet valdre la seua vict\u00f2ria a casa per 2 gols a zero aconseguida en el Beltr\u00e1n B\u00e1guena la setmana passada per a superar en el c\u00f2mput global (els gols fora de casa valen el doble) a la UD Vall de Ux\u00f3 en l&#8217;eliminat\u00f2ria.<\/p>\n\n\n\n<p class=\"wp-block-paragraph\">Els de Jos\u00e9 Manuel Descalzo han sabut portar molt b\u00e9 el partit i han aguantat la pressi\u00f3 que s&#8217;ha intensificat per part dels locals en els minuts finals de la trobada, en els quals el gol de Nico Reyes en el minut 26 per al Bunyol ha valgut el seu pes en or.<\/p>\n\n\n\n<p class=\"wp-block-paragraph\">El rival en la final del conjunt blanc a m\u00e9s ser\u00e0 un vell conegut dels bunyolenses: el CF Gandia, contra el qual ja es van mesurar en una altra final d&#8217;ascens a Tercera a doble partit l&#8217;any 2008 i d&#8217;infaust record per al Bunyol, at\u00e9s que es va perdre injustament. El partit d&#8217;anada es va jugar en el camp del Gandia i va acabar sense gols; no obstant aix\u00f2, en la volta disputada el 22 de juny de 2008 en el vell Beltr\u00e1n el CD Bunyol va patir una de les cares m\u00e9s amargues del futbol, ja que encara que l&#8217;equip local es va avan\u00e7ar amb un gol de Da Silva molt matiner, en el minut 76 *Naveiro va marcar per al Gandia i va fer valdre el valor doble dels gols fora de casa, per la qual cosa l&#8217;empat va donar l&#8217;ascens entones al Gandia.<\/p>\n\n\n\n<p class=\"wp-block-paragraph\">Capritxos del f\u00b4utbol, l&#8217;entrenador actual del Gandia \u00e9s Adri\u00e1n Ferrandis, amb qui el CD Bunyol ha arribat a les fases d&#8217;ascens les temporades 2019-20 i 2020-21; i tamb\u00e9 va ser l&#8217;entrenador del CD Bunyol l&#8217;any 2008, quan el Bunyol va caure davant el Gandia.<\/p>\n\n\n\n<p class=\"wp-block-paragraph\">Ser\u00e0 el camp neutral de la UD Quart de Poblet el que acollir\u00e0 dissabte que ve, 4 de juny, a partir de les 19,30 hores la decisiva trobada en el qual o b\u00e9 el Gandia o b\u00e9 el CD Bunyol es convertiran en equip de Tercera Divisi\u00f3.<\/p>\n","protected":false},"excerpt":{"rendered":"<div class=\"mh-excerpt\">El Club Esportiu Bunyol s&#8217;ha tornat a ficar en la seua segona final consecutiva per a intentar l&#8217;anhelat ascens a Tercera Divisi\u00f3, despr\u00e9s de desfer-se de la UD Vall de Ux\u00f3 en un terreny de <a class=\"mh-excerpt-more\" href=\"https:\/\/tucomarca.whitekongsoftware.com\/ca\/el-cd-bunyol-es-mesurara-al-gandia-en-la-final-dascens-a-tercera-divisio-despres-de-superar-a-la-ud-vall-de-uxo\/\" title=\"El CD Bunyol es mesurar\u00e0 al Gandia en la final d&#8217;ascens a Tercera Divisi\u00f3 despr\u00e9s de superar a la UD Vall de Ux\u00f3\">[+] <\/a><\/div>\n","protected":false},"author":1,"featured_media":158190,"comment_status":"open","ping_status":"open","sticky":false,"template":"","format":"standard","meta":{"footnotes":""},"categories":[10911,11015,11003,10898,10904,10912,10896],"tags":[11126,11074,11264,11075,10914,14916],"class_list":["post-158192","post","type-post","status-publish","format-standard","has-post-thumbnail","category-bunol-ca","category-canal-futbol","category-sports","category-ventana-ca","category-sin-categorizar-ca","category-la-hoya-ca","category-seccion-ca","tag-cd-bunol-ca","tag-deportes-ca","tag-esports-ca","tag-futbol-ca","tag-la-hoya-de-bunol-chiva-ca","tag-tercera-division-ca"],"_links":{"self":[{"href":"https:\/\/tucomarca.whitekongsoftware.com\/ca\/wp-json\/wp\/v2\/posts\/158192","targetHints":{"allow":["GET"]}}],"collection":[{"href":"https:\/\/tucomarca.whitekongsoftware.com\/ca\/wp-json\/wp\/v2\/posts"}],"about":[{"href":"https:\/\/tucomarca.whitekongsoftware.com\/ca\/wp-json\/wp\/v2\/types\/post"}],"author":[{"embeddable":true,"href":"https:\/\/tucomarca.whitekongsoftware.com\/ca\/wp-json\/wp\/v2\/users\/1"}],"replies":[{"embeddable":true,"href":"https:\/\/tucomarca.whitekongsoftware.com\/ca\/wp-json\/wp\/v2\/comments?post=158192"}],"version-history":[{"count":0,"href":"https:\/\/tucomarca.whitekongsoftware.com\/ca\/wp-json\/wp\/v2\/posts\/158192\/revisions"}],"wp:featuredmedia":[{"embeddable":true,"href":"https:\/\/tucomarca.whitekongsoftware.com\/ca\/wp-json\/wp\/v2\/media\/158190"}],"wp:attachment":[{"href":"https:\/\/tucomarca.whitekongsoftware.com\/ca\/wp-json\/wp\/v2\/media?parent=158192"}],"wp:term":[{"taxonomy":"category","embeddable":true,"href":"https:\/\/tucomarca.whitekongsoftware.com\/ca\/wp-json\/wp\/v2\/categories?post=158192"},{"taxonomy":"post_tag","embeddable":true,"href":"https:\/\/tucomarca.whitekongsoftware.com\/ca\/wp-json\/wp\/v2\/tags?post=158192"}],"curies":[{"name":"wp","href":"https:\/\/api.w.org\/{rel}","templated":true}]}}