{"id":158146,"date":"2022-05-29T11:00:00","date_gmt":"2022-05-29T09:00:00","guid":{"rendered":"http:\/\/www.tucomarca.com\/wordpress\/segunda\/?p=158146"},"modified":"2022-05-29T14:26:02","modified_gmt":"2022-05-29T12:26:02","slug":"el-campionat-de-futbol-sala-de-bunyol-se-celebrara-despres-de-dos-anys-dabsencia-en-el-poliesportiu-de-la-piscina","status":"publish","type":"post","link":"https:\/\/tucomarca.whitekongsoftware.com\/ca\/el-campionat-de-futbol-sala-de-bunyol-se-celebrara-despres-de-dos-anys-dabsencia-en-el-poliesportiu-de-la-piscina\/","title":{"rendered":"El campionat de futbol sala de Bunyol se celebrar\u00e0, despr\u00e9s de dos anys d&#8217;abs\u00e8ncia, en el poliesportiu de la piscina"},"content":{"rendered":"\n<p class=\"wp-block-paragraph\">Des de la regidoria d&#8217;Esports de l&#8217;Ajuntament de Bunyol s&#8217;informa que enguany es portar\u00e0 avant el campionat d&#8217;estiu de futbol sala en el poliesportiu de la piscina, despr\u00e9s de dos anys susp\u00e9s per la Covid-19. En poques setmanes s&#8217;informar\u00e0 sobre el procediment per a inscriure&#8217;s com a jugador\/a i\/o col\u00b7laborador\/a.<\/p>\n\n\n\n<p class=\"wp-block-paragraph\"><\/p>\n","protected":false},"excerpt":{"rendered":"<div class=\"mh-excerpt\">Des de la regidoria d&#8217;Esports de l&#8217;Ajuntament de Bunyol s&#8217;informa que enguany es portar\u00e0 avant el campionat d&#8217;estiu de futbol sala en el poliesportiu de la piscina, despr\u00e9s de dos anys susp\u00e9s per la Covid-19. <a class=\"mh-excerpt-more\" href=\"https:\/\/tucomarca.whitekongsoftware.com\/ca\/el-campionat-de-futbol-sala-de-bunyol-se-celebrara-despres-de-dos-anys-dabsencia-en-el-poliesportiu-de-la-piscina\/\" title=\"El campionat de futbol sala de Bunyol se celebrar\u00e0, despr\u00e9s de dos anys d&#8217;abs\u00e8ncia, en el poliesportiu de la piscina\">[+] <\/a><\/div>\n","protected":false},"author":12,"featured_media":91890,"comment_status":"open","ping_status":"open","sticky":false,"template":"","format":"standard","meta":{"footnotes":""},"categories":[10911,11003,11012,10894,10912,11009,10896],"tags":[10913,17234,10914],"class_list":["post-158146","post","type-post","status-publish","format-standard","has-post-thumbnail","category-bunol-ca","category-sports","category-futbol-sala-ca","category-la-comarca-ca","category-la-hoya-ca","category-polideportivo-ca","category-seccion-ca","tag-bunol-ca","tag-campeonato-de-futbol-sala-ca","tag-la-hoya-de-bunol-chiva-ca"],"_links":{"self":[{"href":"https:\/\/tucomarca.whitekongsoftware.com\/ca\/wp-json\/wp\/v2\/posts\/158146","targetHints":{"allow":["GET"]}}],"collection":[{"href":"https:\/\/tucomarca.whitekongsoftware.com\/ca\/wp-json\/wp\/v2\/posts"}],"about":[{"href":"https:\/\/tucomarca.whitekongsoftware.com\/ca\/wp-json\/wp\/v2\/types\/post"}],"author":[{"embeddable":true,"href":"https:\/\/tucomarca.whitekongsoftware.com\/ca\/wp-json\/wp\/v2\/users\/12"}],"replies":[{"embeddable":true,"href":"https:\/\/tucomarca.whitekongsoftware.com\/ca\/wp-json\/wp\/v2\/comments?post=158146"}],"version-history":[{"count":0,"href":"https:\/\/tucomarca.whitekongsoftware.com\/ca\/wp-json\/wp\/v2\/posts\/158146\/revisions"}],"wp:featuredmedia":[{"embeddable":true,"href":"https:\/\/tucomarca.whitekongsoftware.com\/ca\/wp-json\/wp\/v2\/media\/91890"}],"wp:attachment":[{"href":"https:\/\/tucomarca.whitekongsoftware.com\/ca\/wp-json\/wp\/v2\/media?parent=158146"}],"wp:term":[{"taxonomy":"category","embeddable":true,"href":"https:\/\/tucomarca.whitekongsoftware.com\/ca\/wp-json\/wp\/v2\/categories?post=158146"},{"taxonomy":"post_tag","embeddable":true,"href":"https:\/\/tucomarca.whitekongsoftware.com\/ca\/wp-json\/wp\/v2\/tags?post=158146"}],"curies":[{"name":"wp","href":"https:\/\/api.w.org\/{rel}","templated":true}]}}