{"id":157890,"date":"2022-05-24T10:00:00","date_gmt":"2022-05-24T08:00:00","guid":{"rendered":"http:\/\/www.tucomarca.com\/wordpress\/segunda\/?p=157890"},"modified":"2022-05-24T13:53:42","modified_gmt":"2022-05-24T11:53:42","slug":"requena-acollira-ii-jornades-sobre-microcellers","status":"publish","type":"post","link":"https:\/\/tucomarca.whitekongsoftware.com\/ca\/requena-acollira-ii-jornades-sobre-microcellers\/","title":{"rendered":"Requena acollir\u00e0 II Jornades sobre microcellers"},"content":{"rendered":"\n<p class=\"wp-block-paragraph\">La vitivinicultura realitzada a petita escala s&#8217;obri cam\u00ed com a resposta als desafiaments que travessa el sector. L&#8217;excedent vitivin\u00edcola, les dificultats per a obtindre un preu just, els obstacles per a accedir a l&#8217;activitat o els impactes del canvi clim\u00e0tic dificulten, entre altres factors, el rejoveniment del sector.&nbsp;<br>En aquest context, els microcellers s&#8217;estan estenent com un model que tracta d&#8217;adaptar-se al context incorporant nous valors agroecol\u00f2gics tant en el cultiu com en l&#8217;elaboraci\u00f3 dels caldos. El resultat s\u00f3n xicotetes produccions de vins diversos amb un alt valor afegit.<br>\u00c9s per aix\u00f2 que la Coordinadora Llauradora del Pa\u00eds Valenci\u00e0 (CCPV-COAG) organitza les \u201cII Jornades sobre microcellers\u201d, amb l&#8217;objectiu de &#8220;impulsar aquest nou model vitivin\u00edcola, incentivar la incorporaci\u00f3 de joves al sector i el relleu generacional, aix\u00ed com visibilitzar alternatives agroecol\u00f2giques i els problemes de les dones dins del m\u00f3n rural&#8221; afirmen des de l&#8217;organitzaci\u00f3 agr\u00e0ria.<br>Les jornades, que es duran a terme de manera presencial en el centre hist\u00f2ric de Requena del 2 al 6 de juny, s\u00f3n gratu\u00eftes i estan obertes (pr\u00e8via inscripci\u00f3) a la participaci\u00f3 de qualsevol persona interessada en la mat\u00e8ria, amb especial recalcament en els professionals del sector vitivin\u00edcola, la restauraci\u00f3 i estudiants d&#8217;enologia.<br>En aquesta segona edici\u00f3 s&#8217;abordar\u00e0 el context i les alternatives a la crisi vin\u00edcola, donant a con\u00e9ixer els obstacles i solucions per a muntar un microceller, aix\u00ed com es continuar\u00e0 subratllant la import\u00e0ncia de les estrat\u00e8gies de venda per a fer viables aquests vins tan singulars. Per a aix\u00f2, es comptar\u00e0 amb els millors ponents, amb els quals els assistents podran treballar en tallers participatius, i es visitaran microcellers de Requena per a con\u00e9ixer les seues diverses realitats. Les Jornades es tancaran el dilluns 6 de juny amb una mostra de vins de microcellers orientada al p\u00fablic professional, ja siga del m\u00f3n de l&#8217;hostaleria o l&#8217;enologia.<br>L&#8217;esdeveniment compta amb la col\u00b7laboraci\u00f3 de l&#8217;Escola de Viticultura i Enologia de Requena, l&#8217;Ajuntament de Requena, la Diputaci\u00f3 de Val\u00e8ncia i PROAVA; amb el patrocini de Caixa Popular. Informe, Luis Ib\u00e1\u00f1ez.<\/p>\n\n\n\n<p class=\"wp-block-paragraph\"><\/p>\n","protected":false},"excerpt":{"rendered":"<div class=\"mh-excerpt\">La vitivinicultura realitzada a petita escala s&#8217;obri cam\u00ed com a resposta als desafiaments que travessa el sector. L&#8217;excedent vitivin\u00edcola, les dificultats per a obtindre un preu just, els obstacles per a accedir a l&#8217;activitat o <a class=\"mh-excerpt-more\" href=\"https:\/\/tucomarca.whitekongsoftware.com\/ca\/requena-acollira-ii-jornades-sobre-microcellers\/\" title=\"Requena acollir\u00e0 II Jornades sobre microcellers\">[+] <\/a><\/div>\n","protected":false},"author":12,"featured_media":157888,"comment_status":"open","ping_status":"open","sticky":false,"template":"","format":"standard","meta":{"footnotes":""},"categories":[11019,10905,11006,10948,10894,10908,10909,10896],"tags":[17190,10910],"class_list":["post-157890","post","type-post","status-publish","format-standard","has-post-thumbnail","category-agenda-ca","category-agricultura-la-comarca-ca","category-canal-vinos","category-infraestructuras-ca","category-la-comarca-ca","category-requena-ca","category-requena-utiel-ca","category-seccion-ca","tag-ii-jornadas-sobre-microbodegas-ca","tag-requena-utiel-ca"],"_links":{"self":[{"href":"https:\/\/tucomarca.whitekongsoftware.com\/ca\/wp-json\/wp\/v2\/posts\/157890","targetHints":{"allow":["GET"]}}],"collection":[{"href":"https:\/\/tucomarca.whitekongsoftware.com\/ca\/wp-json\/wp\/v2\/posts"}],"about":[{"href":"https:\/\/tucomarca.whitekongsoftware.com\/ca\/wp-json\/wp\/v2\/types\/post"}],"author":[{"embeddable":true,"href":"https:\/\/tucomarca.whitekongsoftware.com\/ca\/wp-json\/wp\/v2\/users\/12"}],"replies":[{"embeddable":true,"href":"https:\/\/tucomarca.whitekongsoftware.com\/ca\/wp-json\/wp\/v2\/comments?post=157890"}],"version-history":[{"count":0,"href":"https:\/\/tucomarca.whitekongsoftware.com\/ca\/wp-json\/wp\/v2\/posts\/157890\/revisions"}],"wp:featuredmedia":[{"embeddable":true,"href":"https:\/\/tucomarca.whitekongsoftware.com\/ca\/wp-json\/wp\/v2\/media\/157888"}],"wp:attachment":[{"href":"https:\/\/tucomarca.whitekongsoftware.com\/ca\/wp-json\/wp\/v2\/media?parent=157890"}],"wp:term":[{"taxonomy":"category","embeddable":true,"href":"https:\/\/tucomarca.whitekongsoftware.com\/ca\/wp-json\/wp\/v2\/categories?post=157890"},{"taxonomy":"post_tag","embeddable":true,"href":"https:\/\/tucomarca.whitekongsoftware.com\/ca\/wp-json\/wp\/v2\/tags?post=157890"}],"curies":[{"name":"wp","href":"https:\/\/api.w.org\/{rel}","templated":true}]}}