{"id":157884,"date":"2022-05-24T11:00:00","date_gmt":"2022-05-24T09:00:00","guid":{"rendered":"http:\/\/www.tucomarca.com\/wordpress\/segunda\/?p=157884"},"modified":"2022-05-24T13:49:42","modified_gmt":"2022-05-24T11:49:42","slug":"el-pont-de-la-republica-i-la-placa-del-poble-de-bunyol-tancades-al-transit-els-divendres-i-dissabtes-a-la-vesprada-a-mes-de-tot-el-dia-els-diumenges","status":"publish","type":"post","link":"https:\/\/tucomarca.whitekongsoftware.com\/ca\/el-pont-de-la-republica-i-la-placa-del-poble-de-bunyol-tancades-al-transit-els-divendres-i-dissabtes-a-la-vesprada-a-mes-de-tot-el-dia-els-diumenges\/","title":{"rendered":"El Pont de la Rep\u00fablica i la Pla\u00e7a del Poble de Bunyol, tancades al tr\u00e0nsit els divendres i dissabtes a la vesprada, a m\u00e9s de tot el dia els diumenges"},"content":{"rendered":"\n<p class=\"wp-block-paragraph\">La Policia Local de Bunyol informa que des del passat cap de setmana el Pont de la Rep\u00fablica i la Pla\u00e7a del Poble romanen tancats al tr\u00e0nsit rodat els divendres des de les 21h, els dissabtes des de les 20h i el diumenge des de les 12h. Ser\u00e0 \u00fas exclusiu per als vianants en aqueixos horaris indicats.&nbsp;<br>Aix\u00ed ha sigut informat a trav\u00e9s de les xarxes socials de Policia Local de Bunyol. L&#8217;Ajuntament de Bunyol, a trav\u00e9s de la Regidoria d&#8217;Interior, recorda l&#8217;obligatorietat de compliment d&#8217;aqueixa norma per a tot el tr\u00e0nsit de cotxes i motos en aqueixos horaris. Ser\u00e0 durant tot el per\u00edode estival.<\/p>\n\n\n\n<p class=\"wp-block-paragraph\"><\/p>\n","protected":false},"excerpt":{"rendered":"<div class=\"mh-excerpt\">La Policia Local de Bunyol informa que des del passat cap de setmana el Pont de la Rep\u00fablica i la Pla\u00e7a del Poble romanen tancats al tr\u00e0nsit rodat els divendres des de les 21h, els <a class=\"mh-excerpt-more\" href=\"https:\/\/tucomarca.whitekongsoftware.com\/ca\/el-pont-de-la-republica-i-la-placa-del-poble-de-bunyol-tancades-al-transit-els-divendres-i-dissabtes-a-la-vesprada-a-mes-de-tot-el-dia-els-diumenges\/\" title=\"El Pont de la Rep\u00fablica i la Pla\u00e7a del Poble de Bunyol, tancades al tr\u00e0nsit els divendres i dissabtes a la vesprada, a m\u00e9s de tot el dia els diumenges\">[+] <\/a><\/div>\n","protected":false},"author":12,"featured_media":157881,"comment_status":"open","ping_status":"open","sticky":false,"template":"","format":"standard","meta":{"footnotes":""},"categories":[10911,10948,10894,10912,10947,10896],"tags":[10913,17188,10914,13976],"class_list":["post-157884","post","type-post","status-publish","format-standard","has-post-thumbnail","category-bunol-ca","category-infraestructuras-ca","category-la-comarca-ca","category-la-hoya-ca","category-politica","category-seccion-ca","tag-bunol-ca","tag-cerrado-al-trafico-ca","tag-la-hoya-de-bunol-chiva-ca","tag-policia-local-de-bunol-ca"],"_links":{"self":[{"href":"https:\/\/tucomarca.whitekongsoftware.com\/ca\/wp-json\/wp\/v2\/posts\/157884","targetHints":{"allow":["GET"]}}],"collection":[{"href":"https:\/\/tucomarca.whitekongsoftware.com\/ca\/wp-json\/wp\/v2\/posts"}],"about":[{"href":"https:\/\/tucomarca.whitekongsoftware.com\/ca\/wp-json\/wp\/v2\/types\/post"}],"author":[{"embeddable":true,"href":"https:\/\/tucomarca.whitekongsoftware.com\/ca\/wp-json\/wp\/v2\/users\/12"}],"replies":[{"embeddable":true,"href":"https:\/\/tucomarca.whitekongsoftware.com\/ca\/wp-json\/wp\/v2\/comments?post=157884"}],"version-history":[{"count":0,"href":"https:\/\/tucomarca.whitekongsoftware.com\/ca\/wp-json\/wp\/v2\/posts\/157884\/revisions"}],"wp:featuredmedia":[{"embeddable":true,"href":"https:\/\/tucomarca.whitekongsoftware.com\/ca\/wp-json\/wp\/v2\/media\/157881"}],"wp:attachment":[{"href":"https:\/\/tucomarca.whitekongsoftware.com\/ca\/wp-json\/wp\/v2\/media?parent=157884"}],"wp:term":[{"taxonomy":"category","embeddable":true,"href":"https:\/\/tucomarca.whitekongsoftware.com\/ca\/wp-json\/wp\/v2\/categories?post=157884"},{"taxonomy":"post_tag","embeddable":true,"href":"https:\/\/tucomarca.whitekongsoftware.com\/ca\/wp-json\/wp\/v2\/tags?post=157884"}],"curies":[{"name":"wp","href":"https:\/\/api.w.org\/{rel}","templated":true}]}}