{"id":157842,"date":"2022-05-23T08:55:00","date_gmt":"2022-05-23T06:55:00","guid":{"rendered":"http:\/\/www.tucomarca.com\/wordpress\/segunda\/?p=157842"},"modified":"2022-05-23T22:09:16","modified_gmt":"2022-05-23T20:09:16","slug":"el-cicle-musica-a-la-primavera-porta-al-liceu-de-xest-una-trobada-de-bandes-juvenils-i-lespectacle-divina-aberracio-de-cashalada","status":"publish","type":"post","link":"https:\/\/tucomarca.whitekongsoftware.com\/ca\/el-cicle-musica-a-la-primavera-porta-al-liceu-de-xest-una-trobada-de-bandes-juvenils-i-lespectacle-divina-aberracio-de-cashalada\/","title":{"rendered":"El cicle M\u00fasica a la primavera porta al Liceu de Xest una trobada de bandes juvenils i l&#8217;espectacle &#8216;Divina Aberraci\u00f3&#8217; de Cashalada"},"content":{"rendered":"\n<h4 class=\"wp-block-heading\">Continuan les actuacions del cicle M\u00fasica a la primavera, organitzat per la regidoria de Cultura de l&#8217;Ajuntament de Xest.<\/h4>\n\n\n\n<p class=\"wp-block-paragraph\">El dissabte, 21 de maig, les agrupacions juvenils de les associacions musicals La Primitiva de Ll\u00edria i La Lira de Xest van oferir un concert en el teatre Liceu que va atraure a p\u00fablic de les dues poblacions.<br>En la primera part, la banda juvenil edetana va interpretar Llavor Greus, de Pascual P\u00e9rez; Blue Overture, de Xavier Zamorano; The Beatles in Concert, de John Lennon i Paul McCartney i La m\u00e0scara de la rabosa, de James Horner. Per part seua, la banda juvenil de Xest va interpretar en la segona part del concert Youth Music, de Frank Cogollos; Bolero per a Llu\u00eds, de Azael Tormo; Baghira, de Ferrer Ferr\u00e1n i Coliseum, d&#8217;Hugo Chinesta.<br>L&#8217;esdeveniment va comptar amb la pres\u00e8ncia del president de la Banda Primitiva de Ll\u00edria, Jos\u00e9 Luis P\u00e9rez Veses, qui va rebre un detall de mans del president de l&#8217;associaci\u00f3 amfitriona, Gerardo P\u00e9rez Checa.<br>El diumenge, 22 de maig, la companyia valenciana Cashalada va posar en escena el seu espectacle Divina aberraci\u00f3. Sota la direcci\u00f3 de Joan Font, el duo format per No\u00e8lia P\u00e9rez i Josep Zapater va plantejar un cant a la feblesa humana, q\u00fcestionant el b\u00e9 i el mal a trav\u00e9s de moments musicals i dramat\u00fargicos constru\u00efts amb una mirada \u00e0mplia, oberta i disbauxada que no va deixar impassible al p\u00fablic.<br>Pr\u00f2ximes actuacions<br>El cicle musical continuar\u00e0 el diumenge, 29 de maig, amb l&#8217;actuaci\u00f3 de Triapas\u00f3n i el seu muntatge Sobrepassades. A les 19.00 en el teatre Liceu.<\/p>\n\n\n\n<figure class=\"wp-block-gallery columns-2 is-cropped wp-block-gallery-1 is-layout-flex wp-block-gallery-is-layout-flex\"><ul class=\"blocks-gallery-grid\"><li class=\"blocks-gallery-item\"><figure><img loading=\"lazy\" decoding=\"async\" width=\"1024\" height=\"682\" src=\"http:\/\/www.tucomarca.com\/wordpress\/segunda\/wp-content\/uploads\/2022\/05\/ChesteConciertoBandasJuveniles02-1024x682.jpg\" alt=\"\" data-id=\"157837\" data-full-url=\"http:\/\/www.tucomarca.com\/wordpress\/segunda\/wp-content\/uploads\/2022\/05\/ChesteConciertoBandasJuveniles02.jpg\" data-link=\"http:\/\/www.tucomarca.com\/wordpress\/segunda\/?attachment_id=157837\" class=\"wp-image-157837\" srcset=\"https:\/\/tucomarca.whitekongsoftware.com\/wp-content\/uploads\/2022\/05\/ChesteConciertoBandasJuveniles02-1024x682.jpg 1024w, https:\/\/tucomarca.whitekongsoftware.com\/wp-content\/uploads\/2022\/05\/ChesteConciertoBandasJuveniles02-300x200.jpg 300w, https:\/\/tucomarca.whitekongsoftware.com\/wp-content\/uploads\/2022\/05\/ChesteConciertoBandasJuveniles02-768x512.jpg 768w, https:\/\/tucomarca.whitekongsoftware.com\/wp-content\/uploads\/2022\/05\/ChesteConciertoBandasJuveniles02.jpg 1181w\" sizes=\"auto, (max-width: 1024px) 100vw, 1024px\" \/><\/figure><\/li><li class=\"blocks-gallery-item\"><figure><img loading=\"lazy\" decoding=\"async\" width=\"1024\" height=\"682\" src=\"http:\/\/www.tucomarca.com\/wordpress\/segunda\/wp-content\/uploads\/2022\/05\/ChesteConciertoBandasJuveniles03-1024x682.jpg\" alt=\"\" data-id=\"157833\" data-full-url=\"http:\/\/www.tucomarca.com\/wordpress\/segunda\/wp-content\/uploads\/2022\/05\/ChesteConciertoBandasJuveniles03.jpg\" data-link=\"http:\/\/www.tucomarca.com\/wordpress\/segunda\/?attachment_id=157833\" class=\"wp-image-157833\" srcset=\"https:\/\/tucomarca.whitekongsoftware.com\/wp-content\/uploads\/2022\/05\/ChesteConciertoBandasJuveniles03-1024x682.jpg 1024w, https:\/\/tucomarca.whitekongsoftware.com\/wp-content\/uploads\/2022\/05\/ChesteConciertoBandasJuveniles03-300x200.jpg 300w, https:\/\/tucomarca.whitekongsoftware.com\/wp-content\/uploads\/2022\/05\/ChesteConciertoBandasJuveniles03-768x512.jpg 768w, https:\/\/tucomarca.whitekongsoftware.com\/wp-content\/uploads\/2022\/05\/ChesteConciertoBandasJuveniles03.jpg 1181w\" sizes=\"auto, (max-width: 1024px) 100vw, 1024px\" \/><\/figure><\/li><li class=\"blocks-gallery-item\"><figure><img loading=\"lazy\" decoding=\"async\" width=\"1024\" height=\"682\" src=\"http:\/\/www.tucomarca.com\/wordpress\/segunda\/wp-content\/uploads\/2022\/05\/ChesteConciertoBandasJuveniles04-1024x682.jpg\" alt=\"\" data-id=\"157835\" data-full-url=\"http:\/\/www.tucomarca.com\/wordpress\/segunda\/wp-content\/uploads\/2022\/05\/ChesteConciertoBandasJuveniles04.jpg\" data-link=\"http:\/\/www.tucomarca.com\/wordpress\/segunda\/?attachment_id=157835\" class=\"wp-image-157835\" srcset=\"https:\/\/tucomarca.whitekongsoftware.com\/wp-content\/uploads\/2022\/05\/ChesteConciertoBandasJuveniles04-1024x682.jpg 1024w, https:\/\/tucomarca.whitekongsoftware.com\/wp-content\/uploads\/2022\/05\/ChesteConciertoBandasJuveniles04-300x200.jpg 300w, https:\/\/tucomarca.whitekongsoftware.com\/wp-content\/uploads\/2022\/05\/ChesteConciertoBandasJuveniles04-768x512.jpg 768w, https:\/\/tucomarca.whitekongsoftware.com\/wp-content\/uploads\/2022\/05\/ChesteConciertoBandasJuveniles04.jpg 1181w\" sizes=\"auto, (max-width: 1024px) 100vw, 1024px\" \/><\/figure><\/li><\/ul><\/figure>\n","protected":false},"excerpt":{"rendered":"<div class=\"mh-excerpt\">Continuan les actuacions del cicle M\u00fasica a la primavera, organitzat per la regidoria de Cultura de l&#8217;Ajuntament de Xest. El dissabte, 21 de maig, les agrupacions juvenils de les associacions musicals La Primitiva de Ll\u00edria <a class=\"mh-excerpt-more\" href=\"https:\/\/tucomarca.whitekongsoftware.com\/ca\/el-cicle-musica-a-la-primavera-porta-al-liceu-de-xest-una-trobada-de-bandes-juvenils-i-lespectacle-divina-aberracio-de-cashalada\/\" title=\"El cicle M\u00fasica a la primavera porta al Liceu de Xest una trobada de bandes juvenils i l&#8217;espectacle &#8216;Divina Aberraci\u00f3&#8217; de Cashalada\">[+] <\/a><\/div>\n","protected":false},"author":12,"featured_media":157840,"comment_status":"open","ping_status":"open","sticky":false,"template":"","format":"gallery","meta":{"footnotes":""},"categories":[11005,10894,10912,11007,10896,10974],"tags":[11071,14507,10914,11893,17186],"class_list":["post-157842","post","type-post","status-publish","format-gallery","has-post-thumbnail","category-canal-musica","category-la-comarca-ca","category-la-hoya-ca","category-ocio-y-cultura-ca","category-seccion-ca","category-cheste-ca","tag-cheste","tag-ciclo-musica-en-primavera-ca","tag-la-hoya-de-bunol-chiva-ca","tag-la-lira-de-cheste-ca","tag-la-primitiva-de-lliria-ca","post_format-post-format-gallery"],"_links":{"self":[{"href":"https:\/\/tucomarca.whitekongsoftware.com\/ca\/wp-json\/wp\/v2\/posts\/157842","targetHints":{"allow":["GET"]}}],"collection":[{"href":"https:\/\/tucomarca.whitekongsoftware.com\/ca\/wp-json\/wp\/v2\/posts"}],"about":[{"href":"https:\/\/tucomarca.whitekongsoftware.com\/ca\/wp-json\/wp\/v2\/types\/post"}],"author":[{"embeddable":true,"href":"https:\/\/tucomarca.whitekongsoftware.com\/ca\/wp-json\/wp\/v2\/users\/12"}],"replies":[{"embeddable":true,"href":"https:\/\/tucomarca.whitekongsoftware.com\/ca\/wp-json\/wp\/v2\/comments?post=157842"}],"version-history":[{"count":0,"href":"https:\/\/tucomarca.whitekongsoftware.com\/ca\/wp-json\/wp\/v2\/posts\/157842\/revisions"}],"wp:featuredmedia":[{"embeddable":true,"href":"https:\/\/tucomarca.whitekongsoftware.com\/ca\/wp-json\/wp\/v2\/media\/157840"}],"wp:attachment":[{"href":"https:\/\/tucomarca.whitekongsoftware.com\/ca\/wp-json\/wp\/v2\/media?parent=157842"}],"wp:term":[{"taxonomy":"category","embeddable":true,"href":"https:\/\/tucomarca.whitekongsoftware.com\/ca\/wp-json\/wp\/v2\/categories?post=157842"},{"taxonomy":"post_tag","embeddable":true,"href":"https:\/\/tucomarca.whitekongsoftware.com\/ca\/wp-json\/wp\/v2\/tags?post=157842"}],"curies":[{"name":"wp","href":"https:\/\/api.w.org\/{rel}","templated":true}]}}