{"id":157806,"date":"2022-05-23T09:10:00","date_gmt":"2022-05-23T07:10:00","guid":{"rendered":"http:\/\/www.tucomarca.com\/wordpress\/segunda\/?p=157806"},"modified":"2022-05-23T22:01:11","modified_gmt":"2022-05-23T20:01:11","slug":"la-ii-fira-de-medi-ambient-de-xest-plena-el-parc-de-la-lomiquia-amb-tallers-llocs-i-musica-en-directe","status":"publish","type":"post","link":"https:\/\/tucomarca.whitekongsoftware.com\/ca\/la-ii-fira-de-medi-ambient-de-xest-plena-el-parc-de-la-lomiquia-amb-tallers-llocs-i-musica-en-directe\/","title":{"rendered":"La II Fira de Medi Ambient de Xest plena el Parc de la Lomiquia amb tallers, llocs i m\u00fasica en directe"},"content":{"rendered":"\n<p class=\"wp-block-paragraph\">El parc de la Lomiquia durant el passat cap de setmana ha albergat la II Fira de Medi Ambient de Xest, que ha comptat amb 23 estands amb propostes de conscienciaci\u00f3 ambiental a trav\u00e9s de xicotets projectes de Xest i la comarca, de Val\u00e8ncia i fins i tot d&#8217;Andalusia, que han oferit productes artesans respectuosos amb l&#8217;entorn, informaci\u00f3 sobre diferents iniciatives mediambientals i tallers i activitats d&#8217;educaci\u00f3 ambiental.&nbsp;<br>A m\u00e9s, durant els tres dies el p\u00fablic assistent ha gaudit de m\u00fasica en directe en totes les franges hor\u00e0ries, d&#8217;una tirolina per a xiquets i xiquetes i, paral\u00b7lelament, s&#8217;ha celebrat el congr\u00e9s de cactus de l&#8217;Associaci\u00f3 de Cactus i Suculentes en l&#8217;\u00e0gora del parc.&nbsp;<br>La regidoria de Medi Ambient, organitzadora de l&#8217;esdeveniment, tamb\u00e9 va instal\u00b7lar el seu propi lloc, donant tallers per a fam\u00edlies sobre bombes de llavors i fauna ib\u00e8rica i oferint merchadising sostenible. Per part seua, la mancomunitat va participar amb un altre estand amb educadors i educadores ambientals centrat en la conscienciaci\u00f3 sobre la correcta separaci\u00f3 de residus, especialment de la fracci\u00f3 org\u00e0nica.<br>\u201cAmb aquesta iniciativa pretenem que qualsevol que vinga es puga inspirar per a adquirir h\u00e0bits m\u00e9s respectuosos amb el nostre entorn en el seu dia a dia, com la compra a granel de productes sostenibles, la gesti\u00f3 responsable de recursos per a reduir l&#8217;impacte en el Medi Ambient o l&#8217;acostament a les activitats esportives en sintonia amb l&#8217;entorn\u201d, explicava el regidor de Medi Ambient, David Pujals.<br>En aquesta ocasi\u00f3 la fira s&#8217;ha unit a les celebracions del dia Internacional de la Biodiversitat, centrant l&#8217;acci\u00f3 educativa en aquest \u00e0mbit. En aquest sentit es va instal\u00b7lar una pancarta de gran format en la qual la gent va escriure missatges relacionats amb la conservaci\u00f3 i es van instal\u00b7lar cartells explicatius per a posar en valor la import\u00e0ncia de la biodiversitat, sensibilitzant sobre la seua actual p\u00e8rdua accelerada.<br>\u201cAquesta fira porta molta faena darrere, des de gener estem contactant amb els llocs que van participar l&#8217;any passat i intentant sumar nous projectes; hem duplicat els llocs, organitzat m\u00e9s tallers, contractat una tirolina a c\u00e0rrec d&#8217;una empresa especialitzada i hem aconseguit que la mancomunitat forme part del projecte; tamb\u00e9 hem intentat donar m\u00e9s visibilitat a la fira en xarxes socials creant un photocall artesanal perqu\u00e8 la gent compartisca les seues fotos\u201d, explicava la t\u00e8cnica de Medi Ambient municipal, Sandra Fraile.<br>El diumenge, la fira va albergar el lliurament de premis de l&#8217;II certamen de fotografia Xest Verda, que a m\u00e9s d&#8217;atorgar el trofeu corresponent a cadascun dels premiats i premiades, consistent en un bonsai, va tindre un esment especial per al Centre d&#8217;Educaci\u00f3 Especial Verge de l&#8217;Esperan\u00e7a, que va agrair la seua implicaci\u00f3 en la iniciativa amb una emotiva carta que explicava el que signifiquen les activitats d&#8217;Educaci\u00f3 Ambiental per a l&#8217;alumnat. El centre va presentar una s\u00e8rie de fotografies relacionades amb les abelles per a posar en valor la seua import\u00e0ncia per a la conservaci\u00f3 de la biodiversitat. Totes les fotografies van estar exposades durant la celebraci\u00f3 de la fira.<br>\u201cAgra\u00efsc a la gent l&#8217;\u00e8xit d&#8217;assist\u00e8ncia, als responsables dels estands la seua participaci\u00f3, als grups de m\u00fasica, als t\u00e8cnics i t\u00e8cniques municipals i a les empreses la seua aportaci\u00f3, ja que entre tots i totes han fet possible que aquest fira se celebre per segona vegada, arribant m\u00e9s lluny\u201d, apuntava Pujals.<\/p>\n\n\n\n<figure class=\"wp-block-gallery columns-2 is-cropped wp-block-gallery-1 is-layout-flex wp-block-gallery-is-layout-flex\"><ul class=\"blocks-gallery-grid\"><li class=\"blocks-gallery-item\"><figure><img loading=\"lazy\" decoding=\"async\" width=\"1024\" height=\"682\" src=\"http:\/\/www.tucomarca.com\/wordpress\/segunda\/wp-content\/uploads\/2022\/05\/ChesteFeriaMedioAmbiente01-1024x682.jpg\" alt=\"\" data-id=\"157777\" data-full-url=\"http:\/\/www.tucomarca.com\/wordpress\/segunda\/wp-content\/uploads\/2022\/05\/ChesteFeriaMedioAmbiente01.jpg\" data-link=\"http:\/\/www.tucomarca.com\/wordpress\/segunda\/?attachment_id=157777\" class=\"wp-image-157777\" srcset=\"https:\/\/tucomarca.whitekongsoftware.com\/wp-content\/uploads\/2022\/05\/ChesteFeriaMedioAmbiente01-1024x682.jpg 1024w, https:\/\/tucomarca.whitekongsoftware.com\/wp-content\/uploads\/2022\/05\/ChesteFeriaMedioAmbiente01-300x200.jpg 300w, https:\/\/tucomarca.whitekongsoftware.com\/wp-content\/uploads\/2022\/05\/ChesteFeriaMedioAmbiente01-768x512.jpg 768w, https:\/\/tucomarca.whitekongsoftware.com\/wp-content\/uploads\/2022\/05\/ChesteFeriaMedioAmbiente01.jpg 1181w\" sizes=\"auto, (max-width: 1024px) 100vw, 1024px\" \/><\/figure><\/li><li class=\"blocks-gallery-item\"><figure><img loading=\"lazy\" decoding=\"async\" width=\"1024\" height=\"682\" src=\"http:\/\/www.tucomarca.com\/wordpress\/segunda\/wp-content\/uploads\/2022\/05\/ChesteFeriaMedioAmbiente02-1024x682.jpg\" alt=\"\" data-id=\"157779\" data-full-url=\"http:\/\/www.tucomarca.com\/wordpress\/segunda\/wp-content\/uploads\/2022\/05\/ChesteFeriaMedioAmbiente02.jpg\" data-link=\"http:\/\/www.tucomarca.com\/wordpress\/segunda\/?attachment_id=157779\" class=\"wp-image-157779\" srcset=\"https:\/\/tucomarca.whitekongsoftware.com\/wp-content\/uploads\/2022\/05\/ChesteFeriaMedioAmbiente02-1024x682.jpg 1024w, https:\/\/tucomarca.whitekongsoftware.com\/wp-content\/uploads\/2022\/05\/ChesteFeriaMedioAmbiente02-300x200.jpg 300w, https:\/\/tucomarca.whitekongsoftware.com\/wp-content\/uploads\/2022\/05\/ChesteFeriaMedioAmbiente02-768x512.jpg 768w, https:\/\/tucomarca.whitekongsoftware.com\/wp-content\/uploads\/2022\/05\/ChesteFeriaMedioAmbiente02.jpg 1181w\" sizes=\"auto, (max-width: 1024px) 100vw, 1024px\" \/><\/figure><\/li><li class=\"blocks-gallery-item\"><figure><img loading=\"lazy\" decoding=\"async\" width=\"1024\" height=\"682\" src=\"http:\/\/www.tucomarca.com\/wordpress\/segunda\/wp-content\/uploads\/2022\/05\/ChesteFeriaMedioAmbiente03-1024x682.jpg\" alt=\"\" data-id=\"157781\" data-full-url=\"http:\/\/www.tucomarca.com\/wordpress\/segunda\/wp-content\/uploads\/2022\/05\/ChesteFeriaMedioAmbiente03.jpg\" data-link=\"http:\/\/www.tucomarca.com\/wordpress\/segunda\/?attachment_id=157781\" class=\"wp-image-157781\" srcset=\"https:\/\/tucomarca.whitekongsoftware.com\/wp-content\/uploads\/2022\/05\/ChesteFeriaMedioAmbiente03-1024x682.jpg 1024w, https:\/\/tucomarca.whitekongsoftware.com\/wp-content\/uploads\/2022\/05\/ChesteFeriaMedioAmbiente03-300x200.jpg 300w, https:\/\/tucomarca.whitekongsoftware.com\/wp-content\/uploads\/2022\/05\/ChesteFeriaMedioAmbiente03-768x512.jpg 768w, https:\/\/tucomarca.whitekongsoftware.com\/wp-content\/uploads\/2022\/05\/ChesteFeriaMedioAmbiente03.jpg 1181w\" sizes=\"auto, (max-width: 1024px) 100vw, 1024px\" \/><\/figure><\/li><li class=\"blocks-gallery-item\"><figure><img loading=\"lazy\" decoding=\"async\" width=\"1024\" height=\"682\" src=\"http:\/\/www.tucomarca.com\/wordpress\/segunda\/wp-content\/uploads\/2022\/05\/ChesteFeriaMedioAmbiente04-1024x682.jpg\" alt=\"\" data-id=\"157783\" data-full-url=\"http:\/\/www.tucomarca.com\/wordpress\/segunda\/wp-content\/uploads\/2022\/05\/ChesteFeriaMedioAmbiente04.jpg\" data-link=\"http:\/\/www.tucomarca.com\/wordpress\/segunda\/?attachment_id=157783\" class=\"wp-image-157783\" srcset=\"https:\/\/tucomarca.whitekongsoftware.com\/wp-content\/uploads\/2022\/05\/ChesteFeriaMedioAmbiente04-1024x682.jpg 1024w, https:\/\/tucomarca.whitekongsoftware.com\/wp-content\/uploads\/2022\/05\/ChesteFeriaMedioAmbiente04-300x200.jpg 300w, https:\/\/tucomarca.whitekongsoftware.com\/wp-content\/uploads\/2022\/05\/ChesteFeriaMedioAmbiente04-768x512.jpg 768w, https:\/\/tucomarca.whitekongsoftware.com\/wp-content\/uploads\/2022\/05\/ChesteFeriaMedioAmbiente04.jpg 1181w\" sizes=\"auto, (max-width: 1024px) 100vw, 1024px\" \/><\/figure><\/li><li class=\"blocks-gallery-item\"><figure><img loading=\"lazy\" decoding=\"async\" width=\"1024\" height=\"682\" src=\"http:\/\/www.tucomarca.com\/wordpress\/segunda\/wp-content\/uploads\/2022\/05\/ChesteFeriaMedioAmbiente05-1024x682.jpg\" alt=\"\" data-id=\"157785\" data-full-url=\"http:\/\/www.tucomarca.com\/wordpress\/segunda\/wp-content\/uploads\/2022\/05\/ChesteFeriaMedioAmbiente05.jpg\" data-link=\"http:\/\/www.tucomarca.com\/wordpress\/segunda\/?attachment_id=157785\" class=\"wp-image-157785\" srcset=\"https:\/\/tucomarca.whitekongsoftware.com\/wp-content\/uploads\/2022\/05\/ChesteFeriaMedioAmbiente05-1024x682.jpg 1024w, https:\/\/tucomarca.whitekongsoftware.com\/wp-content\/uploads\/2022\/05\/ChesteFeriaMedioAmbiente05-300x200.jpg 300w, https:\/\/tucomarca.whitekongsoftware.com\/wp-content\/uploads\/2022\/05\/ChesteFeriaMedioAmbiente05-768x512.jpg 768w, https:\/\/tucomarca.whitekongsoftware.com\/wp-content\/uploads\/2022\/05\/ChesteFeriaMedioAmbiente05.jpg 1181w\" sizes=\"auto, (max-width: 1024px) 100vw, 1024px\" \/><\/figure><\/li><li class=\"blocks-gallery-item\"><figure><img loading=\"lazy\" decoding=\"async\" width=\"1024\" height=\"682\" src=\"http:\/\/www.tucomarca.com\/wordpress\/segunda\/wp-content\/uploads\/2022\/05\/ChesteFeriaMedioAmbiente06-1024x682.jpg\" alt=\"\" data-id=\"157787\" data-full-url=\"http:\/\/www.tucomarca.com\/wordpress\/segunda\/wp-content\/uploads\/2022\/05\/ChesteFeriaMedioAmbiente06.jpg\" data-link=\"http:\/\/www.tucomarca.com\/wordpress\/segunda\/?attachment_id=157787\" class=\"wp-image-157787\" srcset=\"https:\/\/tucomarca.whitekongsoftware.com\/wp-content\/uploads\/2022\/05\/ChesteFeriaMedioAmbiente06-1024x682.jpg 1024w, https:\/\/tucomarca.whitekongsoftware.com\/wp-content\/uploads\/2022\/05\/ChesteFeriaMedioAmbiente06-300x200.jpg 300w, https:\/\/tucomarca.whitekongsoftware.com\/wp-content\/uploads\/2022\/05\/ChesteFeriaMedioAmbiente06-768x512.jpg 768w, https:\/\/tucomarca.whitekongsoftware.com\/wp-content\/uploads\/2022\/05\/ChesteFeriaMedioAmbiente06.jpg 1181w\" sizes=\"auto, (max-width: 1024px) 100vw, 1024px\" \/><\/figure><\/li><li class=\"blocks-gallery-item\"><figure><img loading=\"lazy\" decoding=\"async\" width=\"1024\" height=\"682\" src=\"http:\/\/www.tucomarca.com\/wordpress\/segunda\/wp-content\/uploads\/2022\/05\/ChesteFeriaMedioAmbiente07-1024x682.jpg\" alt=\"\" data-id=\"157789\" data-full-url=\"http:\/\/www.tucomarca.com\/wordpress\/segunda\/wp-content\/uploads\/2022\/05\/ChesteFeriaMedioAmbiente07.jpg\" data-link=\"http:\/\/www.tucomarca.com\/wordpress\/segunda\/?attachment_id=157789\" class=\"wp-image-157789\" srcset=\"https:\/\/tucomarca.whitekongsoftware.com\/wp-content\/uploads\/2022\/05\/ChesteFeriaMedioAmbiente07-1024x682.jpg 1024w, https:\/\/tucomarca.whitekongsoftware.com\/wp-content\/uploads\/2022\/05\/ChesteFeriaMedioAmbiente07-300x200.jpg 300w, https:\/\/tucomarca.whitekongsoftware.com\/wp-content\/uploads\/2022\/05\/ChesteFeriaMedioAmbiente07-768x512.jpg 768w, https:\/\/tucomarca.whitekongsoftware.com\/wp-content\/uploads\/2022\/05\/ChesteFeriaMedioAmbiente07.jpg 1181w\" sizes=\"auto, (max-width: 1024px) 100vw, 1024px\" \/><\/figure><\/li><li class=\"blocks-gallery-item\"><figure><img loading=\"lazy\" decoding=\"async\" width=\"1024\" height=\"682\" src=\"http:\/\/www.tucomarca.com\/wordpress\/segunda\/wp-content\/uploads\/2022\/05\/ChesteFeriaMedioAmbiente08-1024x682.jpg\" alt=\"\" data-id=\"157791\" data-full-url=\"http:\/\/www.tucomarca.com\/wordpress\/segunda\/wp-content\/uploads\/2022\/05\/ChesteFeriaMedioAmbiente08.jpg\" data-link=\"http:\/\/www.tucomarca.com\/wordpress\/segunda\/?attachment_id=157791\" class=\"wp-image-157791\" srcset=\"https:\/\/tucomarca.whitekongsoftware.com\/wp-content\/uploads\/2022\/05\/ChesteFeriaMedioAmbiente08-1024x682.jpg 1024w, https:\/\/tucomarca.whitekongsoftware.com\/wp-content\/uploads\/2022\/05\/ChesteFeriaMedioAmbiente08-300x200.jpg 300w, https:\/\/tucomarca.whitekongsoftware.com\/wp-content\/uploads\/2022\/05\/ChesteFeriaMedioAmbiente08-768x512.jpg 768w, https:\/\/tucomarca.whitekongsoftware.com\/wp-content\/uploads\/2022\/05\/ChesteFeriaMedioAmbiente08.jpg 1181w\" sizes=\"auto, (max-width: 1024px) 100vw, 1024px\" \/><\/figure><\/li><li class=\"blocks-gallery-item\"><figure><img loading=\"lazy\" decoding=\"async\" width=\"1024\" height=\"682\" src=\"http:\/\/www.tucomarca.com\/wordpress\/segunda\/wp-content\/uploads\/2022\/05\/ChesteFeriaMedioAmbiente09-1024x682.jpg\" alt=\"\" data-id=\"157793\" data-full-url=\"http:\/\/www.tucomarca.com\/wordpress\/segunda\/wp-content\/uploads\/2022\/05\/ChesteFeriaMedioAmbiente09.jpg\" data-link=\"http:\/\/www.tucomarca.com\/wordpress\/segunda\/?attachment_id=157793\" class=\"wp-image-157793\" srcset=\"https:\/\/tucomarca.whitekongsoftware.com\/wp-content\/uploads\/2022\/05\/ChesteFeriaMedioAmbiente09-1024x682.jpg 1024w, https:\/\/tucomarca.whitekongsoftware.com\/wp-content\/uploads\/2022\/05\/ChesteFeriaMedioAmbiente09-300x200.jpg 300w, https:\/\/tucomarca.whitekongsoftware.com\/wp-content\/uploads\/2022\/05\/ChesteFeriaMedioAmbiente09-768x512.jpg 768w, https:\/\/tucomarca.whitekongsoftware.com\/wp-content\/uploads\/2022\/05\/ChesteFeriaMedioAmbiente09.jpg 1181w\" sizes=\"auto, (max-width: 1024px) 100vw, 1024px\" \/><\/figure><\/li><li class=\"blocks-gallery-item\"><figure><img loading=\"lazy\" decoding=\"async\" width=\"1024\" height=\"682\" src=\"http:\/\/www.tucomarca.com\/wordpress\/segunda\/wp-content\/uploads\/2022\/05\/ChesteFeriaMedioAmbiente10-1024x682.jpg\" alt=\"\" data-id=\"157795\" data-full-url=\"http:\/\/www.tucomarca.com\/wordpress\/segunda\/wp-content\/uploads\/2022\/05\/ChesteFeriaMedioAmbiente10.jpg\" data-link=\"http:\/\/www.tucomarca.com\/wordpress\/segunda\/?attachment_id=157795\" class=\"wp-image-157795\" srcset=\"https:\/\/tucomarca.whitekongsoftware.com\/wp-content\/uploads\/2022\/05\/ChesteFeriaMedioAmbiente10-1024x682.jpg 1024w, https:\/\/tucomarca.whitekongsoftware.com\/wp-content\/uploads\/2022\/05\/ChesteFeriaMedioAmbiente10-300x200.jpg 300w, https:\/\/tucomarca.whitekongsoftware.com\/wp-content\/uploads\/2022\/05\/ChesteFeriaMedioAmbiente10-768x512.jpg 768w, https:\/\/tucomarca.whitekongsoftware.com\/wp-content\/uploads\/2022\/05\/ChesteFeriaMedioAmbiente10.jpg 1181w\" sizes=\"auto, (max-width: 1024px) 100vw, 1024px\" \/><\/figure><\/li><li class=\"blocks-gallery-item\"><figure><img loading=\"lazy\" decoding=\"async\" width=\"1024\" height=\"682\" src=\"http:\/\/www.tucomarca.com\/wordpress\/segunda\/wp-content\/uploads\/2022\/05\/ChesteFeriaMedioAmbiente11-1024x682.jpg\" alt=\"\" data-id=\"157797\" data-full-url=\"http:\/\/www.tucomarca.com\/wordpress\/segunda\/wp-content\/uploads\/2022\/05\/ChesteFeriaMedioAmbiente11.jpg\" data-link=\"http:\/\/www.tucomarca.com\/wordpress\/segunda\/?attachment_id=157797\" class=\"wp-image-157797\" srcset=\"https:\/\/tucomarca.whitekongsoftware.com\/wp-content\/uploads\/2022\/05\/ChesteFeriaMedioAmbiente11-1024x682.jpg 1024w, https:\/\/tucomarca.whitekongsoftware.com\/wp-content\/uploads\/2022\/05\/ChesteFeriaMedioAmbiente11-300x200.jpg 300w, https:\/\/tucomarca.whitekongsoftware.com\/wp-content\/uploads\/2022\/05\/ChesteFeriaMedioAmbiente11-768x512.jpg 768w, https:\/\/tucomarca.whitekongsoftware.com\/wp-content\/uploads\/2022\/05\/ChesteFeriaMedioAmbiente11.jpg 1181w\" sizes=\"auto, (max-width: 1024px) 100vw, 1024px\" \/><\/figure><\/li><li class=\"blocks-gallery-item\"><figure><img loading=\"lazy\" decoding=\"async\" width=\"1024\" height=\"682\" src=\"http:\/\/www.tucomarca.com\/wordpress\/segunda\/wp-content\/uploads\/2022\/05\/ChesteFeriaMedioAmbiente12-1024x682.jpg\" alt=\"\" data-id=\"157799\" data-full-url=\"http:\/\/www.tucomarca.com\/wordpress\/segunda\/wp-content\/uploads\/2022\/05\/ChesteFeriaMedioAmbiente12.jpg\" data-link=\"http:\/\/www.tucomarca.com\/wordpress\/segunda\/?attachment_id=157799\" class=\"wp-image-157799\" srcset=\"https:\/\/tucomarca.whitekongsoftware.com\/wp-content\/uploads\/2022\/05\/ChesteFeriaMedioAmbiente12-1024x682.jpg 1024w, https:\/\/tucomarca.whitekongsoftware.com\/wp-content\/uploads\/2022\/05\/ChesteFeriaMedioAmbiente12-300x200.jpg 300w, https:\/\/tucomarca.whitekongsoftware.com\/wp-content\/uploads\/2022\/05\/ChesteFeriaMedioAmbiente12-768x512.jpg 768w, https:\/\/tucomarca.whitekongsoftware.com\/wp-content\/uploads\/2022\/05\/ChesteFeriaMedioAmbiente12.jpg 1181w\" sizes=\"auto, (max-width: 1024px) 100vw, 1024px\" \/><\/figure><\/li><li class=\"blocks-gallery-item\"><figure><img loading=\"lazy\" decoding=\"async\" width=\"1024\" height=\"575\" src=\"http:\/\/www.tucomarca.com\/wordpress\/segunda\/wp-content\/uploads\/2022\/05\/ChesteFeriaMedioAmbiente13-1024x575.jpg\" alt=\"\" data-id=\"157801\" data-full-url=\"http:\/\/www.tucomarca.com\/wordpress\/segunda\/wp-content\/uploads\/2022\/05\/ChesteFeriaMedioAmbiente13.jpg\" data-link=\"http:\/\/www.tucomarca.com\/wordpress\/segunda\/?attachment_id=157801\" class=\"wp-image-157801\" srcset=\"https:\/\/tucomarca.whitekongsoftware.com\/wp-content\/uploads\/2022\/05\/ChesteFeriaMedioAmbiente13-1024x575.jpg 1024w, https:\/\/tucomarca.whitekongsoftware.com\/wp-content\/uploads\/2022\/05\/ChesteFeriaMedioAmbiente13-300x168.jpg 300w, https:\/\/tucomarca.whitekongsoftware.com\/wp-content\/uploads\/2022\/05\/ChesteFeriaMedioAmbiente13-768x431.jpg 768w, https:\/\/tucomarca.whitekongsoftware.com\/wp-content\/uploads\/2022\/05\/ChesteFeriaMedioAmbiente13-678x381.jpg 678w, https:\/\/tucomarca.whitekongsoftware.com\/wp-content\/uploads\/2022\/05\/ChesteFeriaMedioAmbiente13.jpg 1181w\" sizes=\"auto, (max-width: 1024px) 100vw, 1024px\" \/><\/figure><\/li><li class=\"blocks-gallery-item\"><figure><img loading=\"lazy\" decoding=\"async\" width=\"1024\" height=\"549\" src=\"http:\/\/www.tucomarca.com\/wordpress\/segunda\/wp-content\/uploads\/2022\/05\/ChesteFeriaMedioAmbiente14-1024x549.jpg\" alt=\"\" data-id=\"157803\" data-full-url=\"http:\/\/www.tucomarca.com\/wordpress\/segunda\/wp-content\/uploads\/2022\/05\/ChesteFeriaMedioAmbiente14.jpg\" data-link=\"http:\/\/www.tucomarca.com\/wordpress\/segunda\/?attachment_id=157803\" class=\"wp-image-157803\" srcset=\"https:\/\/tucomarca.whitekongsoftware.com\/wp-content\/uploads\/2022\/05\/ChesteFeriaMedioAmbiente14-1024x549.jpg 1024w, https:\/\/tucomarca.whitekongsoftware.com\/wp-content\/uploads\/2022\/05\/ChesteFeriaMedioAmbiente14-300x161.jpg 300w, https:\/\/tucomarca.whitekongsoftware.com\/wp-content\/uploads\/2022\/05\/ChesteFeriaMedioAmbiente14-768x412.jpg 768w, https:\/\/tucomarca.whitekongsoftware.com\/wp-content\/uploads\/2022\/05\/ChesteFeriaMedioAmbiente14.jpg 1181w\" sizes=\"auto, (max-width: 1024px) 100vw, 1024px\" \/><\/figure><\/li><\/ul><\/figure>\n","protected":false},"excerpt":{"rendered":"<div class=\"mh-excerpt\">El parc de la Lomiquia durant el passat cap de setmana ha albergat la II Fira de Medi Ambient de Xest, que ha comptat amb 23 estands amb propostes de conscienciaci\u00f3 ambiental a trav\u00e9s de <a class=\"mh-excerpt-more\" href=\"https:\/\/tucomarca.whitekongsoftware.com\/ca\/la-ii-fira-de-medi-ambient-de-xest-plena-el-parc-de-la-lomiquia-amb-tallers-llocs-i-musica-en-directe\/\" title=\"La II Fira de Medi Ambient de Xest plena el Parc de la Lomiquia amb tallers, llocs i m\u00fasica en directe\">[+] <\/a><\/div>\n","protected":false},"author":12,"featured_media":157800,"comment_status":"open","ping_status":"open","sticky":false,"template":"","format":"gallery","meta":{"footnotes":""},"categories":[10894,10912,10903,11007,10896,10974],"tags":[11071,13680,17127,10914],"class_list":["post-157806","post","type-post","status-publish","format-gallery","has-post-thumbnail","category-la-comarca-ca","category-la-hoya-ca","category-medio-ambiente-la-comarca-ca","category-ocio-y-cultura-ca","category-seccion-ca","category-cheste-ca","tag-cheste","tag-cheste-verde-ca","tag-ii-feria-de-medio-ambiente-ca","tag-la-hoya-de-bunol-chiva-ca","post_format-post-format-gallery"],"_links":{"self":[{"href":"https:\/\/tucomarca.whitekongsoftware.com\/ca\/wp-json\/wp\/v2\/posts\/157806","targetHints":{"allow":["GET"]}}],"collection":[{"href":"https:\/\/tucomarca.whitekongsoftware.com\/ca\/wp-json\/wp\/v2\/posts"}],"about":[{"href":"https:\/\/tucomarca.whitekongsoftware.com\/ca\/wp-json\/wp\/v2\/types\/post"}],"author":[{"embeddable":true,"href":"https:\/\/tucomarca.whitekongsoftware.com\/ca\/wp-json\/wp\/v2\/users\/12"}],"replies":[{"embeddable":true,"href":"https:\/\/tucomarca.whitekongsoftware.com\/ca\/wp-json\/wp\/v2\/comments?post=157806"}],"version-history":[{"count":0,"href":"https:\/\/tucomarca.whitekongsoftware.com\/ca\/wp-json\/wp\/v2\/posts\/157806\/revisions"}],"wp:featuredmedia":[{"embeddable":true,"href":"https:\/\/tucomarca.whitekongsoftware.com\/ca\/wp-json\/wp\/v2\/media\/157800"}],"wp:attachment":[{"href":"https:\/\/tucomarca.whitekongsoftware.com\/ca\/wp-json\/wp\/v2\/media?parent=157806"}],"wp:term":[{"taxonomy":"category","embeddable":true,"href":"https:\/\/tucomarca.whitekongsoftware.com\/ca\/wp-json\/wp\/v2\/categories?post=157806"},{"taxonomy":"post_tag","embeddable":true,"href":"https:\/\/tucomarca.whitekongsoftware.com\/ca\/wp-json\/wp\/v2\/tags?post=157806"}],"curies":[{"name":"wp","href":"https:\/\/api.w.org\/{rel}","templated":true}]}}