{"id":157721,"date":"2022-05-20T10:00:00","date_gmt":"2022-05-20T08:00:00","guid":{"rendered":"http:\/\/www.tucomarca.com\/wordpress\/segunda\/?p=157721"},"modified":"2022-05-20T22:21:16","modified_gmt":"2022-05-20T20:21:16","slug":"el-prya-demana-en-el-ple-un-reconeixement-a-la-ex-alcaldessa-de-requena-mercedes-peris","status":"publish","type":"post","link":"https:\/\/tucomarca.whitekongsoftware.com\/ca\/el-prya-demana-en-el-ple-un-reconeixement-a-la-ex-alcaldessa-de-requena-mercedes-peris\/","title":{"rendered":"El PRyA demana en el ple un reconeixement a la ex alcaldessa de Requena Mercedes Peris"},"content":{"rendered":"\n<h4 class=\"wp-block-heading\">Des del PRyA sol\u00b7licitem un reconeixement, m\u00e9s que merescut, a la ex alcaldessa Mercedes Peris, ja siga amb el seu nom a un edifici o a un carrer.<\/h4>\n\n\n\n<p class=\"wp-block-paragraph\">En el passat ple corresponent al mes de maig, des del PRyA vam sol\u00b7licitar un reconeixement institucional a la figura de la ex alcaldessa Mercedes Peris per la seua labor desinteressada al llarg de diverses legislatures a Requena.&nbsp;<br>Mercedes Peris va succeir a l&#8217;alcalde Tom\u00e1s Berlanga el 14 de febrer de 1984, convertint-se en la primera dona que va ocupar el c\u00e0rrec a Requena. El seu mandat va ser curt per\u00f2 intens, de tot just 7 mesos. M\u00e9s llarga va ser la seua carrera pol\u00edtica com a regidora, perqu\u00e8 ho va ser amb els alcaldes Tom\u00e1s Berlanga, Regino D\u00edez, Antonio Monteagudo, Flor Mercedes Cebri\u00e1n i Emma Iranzo, ja fora en el govern o en l&#8217;oposici\u00f3.<br>Va ser nomenada filla adoptiva de Requena en un acte que es va celebrar en el Teatre Principal amb gran assist\u00e8ncia de p\u00fablic, on van intervindre els portaveus dels diferents grups pol\u00edtics, a m\u00e9s de diverses persones que ho van sol\u00b7licitar.&nbsp;<br>A m\u00e9s, va ser Infermera Cap de l&#8217;Hospital de Requena, encarregada d&#8217;efectuar a Madrid les gestions perqu\u00e8 s&#8217;establira a Requena l&#8217;Hospital Comarcal, i a m\u00e9s cooperant en ajuda al S\u00e0hara Occidental.<br>Per tot aix\u00f2 i per molt m\u00e9s, pensem des del PRyA que s&#8217;hauria de donar el seu nom a un edifici o un carrer a la nostra ciutat.<br>Aquesta proposta va ser efectuada per la nostra formaci\u00f3 en el punt del ple passat on es va tractar la dedicaci\u00f3 de centres de l&#8217;Ajuntament amb les denominacions de \u201ccentre municipal Luisa Cervera Royo&#8221; i \u201cCentre de Joventut Adela Gil Crespo\u201c, quedant tots dos edificis amb els noms d&#8217;aquestes dues dones.<br>Per tot el que s&#8217;ha dit anteriorment, des del PRyA sol\u00b7licitem un reconeixement institucional, m\u00e9s que merescut, a la ex alcaldessa Mercedes Peris, ja siga amb el seu nom a un edifici o a un carrer.<\/p>\n\n\n\n<p class=\"wp-block-paragraph\"><\/p>\n","protected":false},"excerpt":{"rendered":"<div class=\"mh-excerpt\">Des del PRyA sol\u00b7licitem un reconeixement, m\u00e9s que merescut, a la ex alcaldessa Mercedes Peris, ja siga amb el seu nom a un edifici o a un carrer. En el passat ple corresponent al mes <a class=\"mh-excerpt-more\" href=\"https:\/\/tucomarca.whitekongsoftware.com\/ca\/el-prya-demana-en-el-ple-un-reconeixement-a-la-ex-alcaldessa-de-requena-mercedes-peris\/\" title=\"El PRyA demana en el ple un reconeixement a la ex alcaldessa de Requena Mercedes Peris\">[+] <\/a><\/div>\n","protected":false},"author":12,"featured_media":157719,"comment_status":"open","ping_status":"open","sticky":false,"template":"","format":"standard","meta":{"footnotes":""},"categories":[10948,10894,10947,10908,10909,10896],"tags":[17181,12796,17182,10910],"class_list":["post-157721","post","type-post","status-publish","format-standard","has-post-thumbnail","category-infraestructuras-ca","category-la-comarca-ca","category-politica","category-requena-ca","category-requena-utiel-ca","category-seccion-ca","tag-pleno-de-requena-ca","tag-prya-ca","tag-reconocimiento-mercedes-peris-ca","tag-requena-utiel-ca"],"_links":{"self":[{"href":"https:\/\/tucomarca.whitekongsoftware.com\/ca\/wp-json\/wp\/v2\/posts\/157721","targetHints":{"allow":["GET"]}}],"collection":[{"href":"https:\/\/tucomarca.whitekongsoftware.com\/ca\/wp-json\/wp\/v2\/posts"}],"about":[{"href":"https:\/\/tucomarca.whitekongsoftware.com\/ca\/wp-json\/wp\/v2\/types\/post"}],"author":[{"embeddable":true,"href":"https:\/\/tucomarca.whitekongsoftware.com\/ca\/wp-json\/wp\/v2\/users\/12"}],"replies":[{"embeddable":true,"href":"https:\/\/tucomarca.whitekongsoftware.com\/ca\/wp-json\/wp\/v2\/comments?post=157721"}],"version-history":[{"count":0,"href":"https:\/\/tucomarca.whitekongsoftware.com\/ca\/wp-json\/wp\/v2\/posts\/157721\/revisions"}],"wp:featuredmedia":[{"embeddable":true,"href":"https:\/\/tucomarca.whitekongsoftware.com\/ca\/wp-json\/wp\/v2\/media\/157719"}],"wp:attachment":[{"href":"https:\/\/tucomarca.whitekongsoftware.com\/ca\/wp-json\/wp\/v2\/media?parent=157721"}],"wp:term":[{"taxonomy":"category","embeddable":true,"href":"https:\/\/tucomarca.whitekongsoftware.com\/ca\/wp-json\/wp\/v2\/categories?post=157721"},{"taxonomy":"post_tag","embeddable":true,"href":"https:\/\/tucomarca.whitekongsoftware.com\/ca\/wp-json\/wp\/v2\/tags?post=157721"}],"curies":[{"name":"wp","href":"https:\/\/api.w.org\/{rel}","templated":true}]}}