{"id":157711,"date":"2022-05-22T09:05:00","date_gmt":"2022-05-22T07:05:00","guid":{"rendered":"http:\/\/www.tucomarca.com\/wordpress\/segunda\/?p=157711"},"modified":"2022-05-23T21:51:03","modified_gmt":"2022-05-23T19:51:03","slug":"ava-asaja-abordara-assumptes-relacionats-amb-ajudes-agraries-i-larna-del-ram","status":"publish","type":"post","link":"https:\/\/tucomarca.whitekongsoftware.com\/ca\/ava-asaja-abordara-assumptes-relacionats-amb-ajudes-agraries-i-larna-del-ram\/","title":{"rendered":"AVA-Asaja abordar\u00e0 assumptes relacionats amb ajudes agr\u00e0ries i l&#8217;arna del ram"},"content":{"rendered":"\n<p class=\"wp-block-paragraph\">AVA-Asaja celebrar\u00e0 una jornada sobre novetats de les ajudes al sector vitivin\u00edcola, que tindr\u00e0 lloc dimecres que ve, 25 de maig, en la sala d&#8217;actes de la seua seu, situada al carrer Guillem de Castro 79, a Val\u00e8ncia. En l&#8217;acte que comen\u00e7ar\u00e0 a les 16 hores, s&#8217;abordar\u00e0 el seg\u00fcent programa: Situaci\u00f3 actual del sector, ajudes agr\u00e0ries, pr\u00f2ximes convocat\u00f2ries d&#8217;ajudes a les inversions en explotacions agr\u00e0ries (plans de millora), reestructuraci\u00f3 i reconversi\u00f3 de la vinya, entre altres temes.<\/p>\n\n\n\n<p class=\"wp-block-paragraph\">Un altre assumpte a tractar ser\u00e0 el control de l&#8217;arna del ram mitjan\u00e7ant confusi\u00f3 sexual, tant per a cultiu ecol\u00f2gic com&nbsp; convencional, a c\u00e0rrec de Vicente Bad\u00eda Ballester del Servei de Sanitat Vegetal de Silla, de la Conselleria d&#8217;Agricultura.<\/p>\n\n\n\n<p class=\"wp-block-paragraph\">A la jornada podran assistir els socis de l&#8217;organitzaci\u00f3 agr\u00e0ria mitjan\u00e7ant inscripci\u00f3 pr\u00e8via. Informa, <strong>Luis Ib\u00e1\u00f1ez<\/strong>.<\/p>\n\n\n\n<p class=\"wp-block-paragraph\"><\/p>\n","protected":false},"excerpt":{"rendered":"<div class=\"mh-excerpt\">AVA-Asaja celebrar\u00e0 una jornada sobre novetats de les ajudes al sector vitivin\u00edcola, que tindr\u00e0 lloc dimecres que ve, 25 de maig, en la sala d&#8217;actes de la seua seu, situada al carrer Guillem de Castro <a class=\"mh-excerpt-more\" href=\"https:\/\/tucomarca.whitekongsoftware.com\/ca\/ava-asaja-abordara-assumptes-relacionats-amb-ajudes-agraries-i-larna-del-ram\/\" title=\"AVA-Asaja abordar\u00e0 assumptes relacionats amb ajudes agr\u00e0ries i l&#8217;arna del ram\">[+] <\/a><\/div>\n","protected":false},"author":12,"featured_media":157714,"comment_status":"open","ping_status":"open","sticky":false,"template":"","format":"standard","meta":{"footnotes":""},"categories":[11019,10905,10948,10894,10903,10908,10909,10896],"tags":[11924,17177,17178,10910],"class_list":["post-157711","post","type-post","status-publish","format-standard","has-post-thumbnail","category-agenda-ca","category-agricultura-la-comarca-ca","category-infraestructuras-ca","category-la-comarca-ca","category-medio-ambiente-la-comarca-ca","category-requena-ca","category-requena-utiel-ca","category-seccion-ca","tag-ava-asaja-ca","tag-ayudas-agrarias-ca","tag-polilla-del-racimo-ca","tag-requena-utiel-ca"],"_links":{"self":[{"href":"https:\/\/tucomarca.whitekongsoftware.com\/ca\/wp-json\/wp\/v2\/posts\/157711","targetHints":{"allow":["GET"]}}],"collection":[{"href":"https:\/\/tucomarca.whitekongsoftware.com\/ca\/wp-json\/wp\/v2\/posts"}],"about":[{"href":"https:\/\/tucomarca.whitekongsoftware.com\/ca\/wp-json\/wp\/v2\/types\/post"}],"author":[{"embeddable":true,"href":"https:\/\/tucomarca.whitekongsoftware.com\/ca\/wp-json\/wp\/v2\/users\/12"}],"replies":[{"embeddable":true,"href":"https:\/\/tucomarca.whitekongsoftware.com\/ca\/wp-json\/wp\/v2\/comments?post=157711"}],"version-history":[{"count":0,"href":"https:\/\/tucomarca.whitekongsoftware.com\/ca\/wp-json\/wp\/v2\/posts\/157711\/revisions"}],"wp:featuredmedia":[{"embeddable":true,"href":"https:\/\/tucomarca.whitekongsoftware.com\/ca\/wp-json\/wp\/v2\/media\/157714"}],"wp:attachment":[{"href":"https:\/\/tucomarca.whitekongsoftware.com\/ca\/wp-json\/wp\/v2\/media?parent=157711"}],"wp:term":[{"taxonomy":"category","embeddable":true,"href":"https:\/\/tucomarca.whitekongsoftware.com\/ca\/wp-json\/wp\/v2\/categories?post=157711"},{"taxonomy":"post_tag","embeddable":true,"href":"https:\/\/tucomarca.whitekongsoftware.com\/ca\/wp-json\/wp\/v2\/tags?post=157711"}],"curies":[{"name":"wp","href":"https:\/\/api.w.org\/{rel}","templated":true}]}}