{"id":157552,"date":"2022-05-19T10:45:00","date_gmt":"2022-05-19T08:45:00","guid":{"rendered":"http:\/\/www.tucomarca.com\/wordpress\/segunda\/?p=157552"},"modified":"2022-05-19T22:28:58","modified_gmt":"2022-05-19T20:28:58","slug":"javi-motes-i-vicente-casanova-seran-els-nous-responsables-de-la-coordinacio-de-lescola-del-cd-bunyol","status":"publish","type":"post","link":"https:\/\/tucomarca.whitekongsoftware.com\/ca\/javi-motes-i-vicente-casanova-seran-els-nous-responsables-de-la-coordinacio-de-lescola-del-cd-bunyol\/","title":{"rendered":"Javi Motes i Vicente Casanova seran els nous responsables de la coordinaci\u00f3 de l&#8217;escola del CD Bunyol"},"content":{"rendered":"\n<p class=\"wp-block-paragraph\">Tal com han informat fonts del Club Esportiu Bunyol, Javi Motes ser\u00e0 el nou Coordinador de l&#8217;Escola del CD Bunyol. Com a suport, Javi comptar\u00e0 amb Vicente Casanova, formant un t\u00e0ndem de treball per a cobrir tota la seua \u00e0rea de responsabilitat, que ser\u00e0 totes les categories inferiors del CD Bunyol, des de Futbol 8 fins a Futbol 11.<\/p>\n\n\n\n<p class=\"wp-block-paragraph\">Javi Motes, actual entrenador de la UD Quart de Preferent (equip al qual ha dirigit en les dues \u00faltimes temporades), ha sigut a m\u00e9s entrenador del At. Ciutat de Paiporta durant 3 temporades, del Juvenil del Riba-roja de T\u00faria CF, de l&#8217;amateur de la UD Benetusser-Fabara, del Juvenil del CD Xest durant 2 temporades i de l&#8217;amateur del Mislata CF durant 5 temporades, sent a m\u00e9s encarregat de la metodologia de l&#8217;escola durant la seua \u00faltima etapa.<\/p>\n\n\n\n<p class=\"wp-block-paragraph\">Per part seua, Vicente Casanova, va anar durant dues temporades segon entrenador del Vilamarxant CF i 4 temporades entrenador del primer equip del CF Xiva, comptant, a m\u00e9s, amb \u00e0mplia experi\u00e8ncia en la direcci\u00f3 esportiva, at\u00e9s que va ser Director Esportiu de la UD Aldaia durant 12 temporades, Director Esportiu del Manises CF durant 2 temporades, Director Esportiu del CF Xiva durant 8 temporades i Coordinador del Mislata CF durant 3 temporades.<\/p>\n\n\n\n<p class=\"wp-block-paragraph\"><\/p>\n","protected":false},"excerpt":{"rendered":"<div class=\"mh-excerpt\">Tal com han informat fonts del Club Esportiu Bunyol, Javi Motes ser\u00e0 el nou Coordinador de l&#8217;Escola del CD Bunyol. Com a suport, Javi comptar\u00e0 amb Vicente Casanova, formant un t\u00e0ndem de treball per a <a class=\"mh-excerpt-more\" href=\"https:\/\/tucomarca.whitekongsoftware.com\/ca\/javi-motes-i-vicente-casanova-seran-els-nous-responsables-de-la-coordinacio-de-lescola-del-cd-bunyol\/\" title=\"Javi Motes i Vicente Casanova seran els nous responsables de la coordinaci\u00f3 de l&#8217;escola del CD Bunyol\">[+] <\/a><\/div>\n","protected":false},"author":12,"featured_media":157551,"comment_status":"open","ping_status":"open","sticky":false,"template":"","format":"standard","meta":{"footnotes":""},"categories":[10911,11015,11003,10894,10912,10896],"tags":[11126,17160,10914],"class_list":["post-157552","post","type-post","status-publish","format-standard","has-post-thumbnail","category-bunol-ca","category-canal-futbol","category-sports","category-la-comarca-ca","category-la-hoya-ca","category-seccion-ca","tag-cd-bunol-ca","tag-escuela-cd-bunol-ca","tag-la-hoya-de-bunol-chiva-ca"],"_links":{"self":[{"href":"https:\/\/tucomarca.whitekongsoftware.com\/ca\/wp-json\/wp\/v2\/posts\/157552","targetHints":{"allow":["GET"]}}],"collection":[{"href":"https:\/\/tucomarca.whitekongsoftware.com\/ca\/wp-json\/wp\/v2\/posts"}],"about":[{"href":"https:\/\/tucomarca.whitekongsoftware.com\/ca\/wp-json\/wp\/v2\/types\/post"}],"author":[{"embeddable":true,"href":"https:\/\/tucomarca.whitekongsoftware.com\/ca\/wp-json\/wp\/v2\/users\/12"}],"replies":[{"embeddable":true,"href":"https:\/\/tucomarca.whitekongsoftware.com\/ca\/wp-json\/wp\/v2\/comments?post=157552"}],"version-history":[{"count":0,"href":"https:\/\/tucomarca.whitekongsoftware.com\/ca\/wp-json\/wp\/v2\/posts\/157552\/revisions"}],"wp:featuredmedia":[{"embeddable":true,"href":"https:\/\/tucomarca.whitekongsoftware.com\/ca\/wp-json\/wp\/v2\/media\/157551"}],"wp:attachment":[{"href":"https:\/\/tucomarca.whitekongsoftware.com\/ca\/wp-json\/wp\/v2\/media?parent=157552"}],"wp:term":[{"taxonomy":"category","embeddable":true,"href":"https:\/\/tucomarca.whitekongsoftware.com\/ca\/wp-json\/wp\/v2\/categories?post=157552"},{"taxonomy":"post_tag","embeddable":true,"href":"https:\/\/tucomarca.whitekongsoftware.com\/ca\/wp-json\/wp\/v2\/tags?post=157552"}],"curies":[{"name":"wp","href":"https:\/\/api.w.org\/{rel}","templated":true}]}}