{"id":157538,"date":"2022-05-18T17:02:00","date_gmt":"2022-05-18T15:02:00","guid":{"rendered":"http:\/\/www.tucomarca.com\/wordpress\/segunda\/?p=157538"},"modified":"2022-05-19T10:12:07","modified_gmt":"2022-05-19T08:12:07","slug":"la-ii-edicio-de-pantalla-alboraig-presenta-la-seua-programacio-i-activitats-paralleles","status":"publish","type":"post","link":"https:\/\/tucomarca.whitekongsoftware.com\/ca\/la-ii-edicio-de-pantalla-alboraig-presenta-la-seua-programacio-i-activitats-paralleles\/","title":{"rendered":"La II edici\u00f3 de \u2018Pantalla Alboraig\u2019 presenta la seua programaci\u00f3 i activitats paral\u00b7leles"},"content":{"rendered":"\n<h4 class=\"wp-block-heading\">Objectiu: reivindicar l&#8217;exist\u00e8ncia d&#8217;oferta cultural diversa i de qualitat en el m\u00f3n rural per a totes les edats, especialment per a xiquets, xiquetes i joves<\/h4>\n\n\n\n<p class=\"wp-block-paragraph\">Durant la setmana del 28 de maig al 4 de juny la localitat valenciana d&#8217;Alboraig es converteix en epicentre de cultura descentralitzada, i exemple de com s&#8217;ha d&#8217;acostar als xicotets pobles de la Comunitat Valenciana les diferents activitats culturals, amb la celebraci\u00f3 de la segona edici\u00f3 del Festival Internacional de Cinema Infantil i Juvenil en el medi rural Pantalla Alboraig.<\/p>\n\n\n\n<p class=\"wp-block-paragraph\">Aix\u00ed, des de l&#8217;organitzaci\u00f3 del Festival Internacional de Cinema s&#8217;acaba de fer p\u00fablic el llistat de pel\u00b7l\u00edcules que conformen la Secci\u00f3 Informativa. Aquesta secci\u00f3, est\u00e0 composta per t\u00edtols com: Els llops, Mr Hand Sol i Mediterrani; i tots els ve\u00efns de la localitat, voltants i de Val\u00e8ncia estan convidats a la projecci\u00f3 d&#8217;aquests llargmetratges.<\/p>\n\n\n\n<p class=\"wp-block-paragraph\">Amb la principal intenci\u00f3 de teixir lla\u00e7os entre les persones i els diferents pobles que formen la Mancomunitat, a m\u00e9s dels propis d&#8217;Alboraig, s&#8217;han previst una s\u00e8rie d&#8217;activitats durant tota la setmana, com ara: diferents tallers relacionats amb el Set\u00e9 Art, que convertisquen a Pantalla Alboraig en un espai creatiu i experimental per a explorar idees, preguntes i reflexions compartides que sorgeixen gr\u00e0cies a l&#8217;art del cinema. Un mercat ambulant afric\u00e0 que connecta a la perfecci\u00f3 amb la idea de festival de cinema divers, intercultural i pluriling\u00fce orientat al p\u00fablic jove que fomenta la cultura en espais rurals o el Taller de Cinema Esf\u00e8ric amb una Planetari en 3D, entre moltes altres i diverses activitats.<\/p>\n\n\n\n<p class=\"wp-block-paragraph\">Durant tota la setmana (de dilluns a divendres) es projectaran les cinc pel\u00b7l\u00edcules de la Secci\u00f3 oficial: Una escola en Cerro Hueso, L&#8217;estrela dels simis (Apstj\u00e4rnan), Calamity, I Never Cry (Jo mai plore) i A Butterfly&#8217;s Heart.<\/p>\n\n\n\n<p class=\"wp-block-paragraph\"><\/p>\n","protected":false},"excerpt":{"rendered":"<div class=\"mh-excerpt\">Objectiu: reivindicar l&#8217;exist\u00e8ncia d&#8217;oferta cultural diversa i de qualitat en el m\u00f3n rural per a totes les edats, especialment per a xiquets, xiquetes i joves Durant la setmana del 28 de maig al 4 de <a class=\"mh-excerpt-more\" href=\"https:\/\/tucomarca.whitekongsoftware.com\/ca\/la-ii-edicio-de-pantalla-alboraig-presenta-la-seua-programacio-i-activitats-paralleles\/\" title=\"La II edici\u00f3 de \u2018Pantalla Alboraig\u2019 presenta la seua programaci\u00f3 i activitats paral\u00b7leles\">[+] <\/a><\/div>\n","protected":false},"author":12,"featured_media":157537,"comment_status":"open","ping_status":"open","sticky":false,"template":"","format":"standard","meta":{"footnotes":""},"categories":[11019,10973,10948,10894,10912,11007,10896],"tags":[17158,11224,14606,10914],"class_list":["post-157538","post","type-post","status-publish","format-standard","has-post-thumbnail","category-agenda-ca","category-alborache-ca","category-infraestructuras-ca","category-la-comarca-ca","category-la-hoya-ca","category-ocio-y-cultura-ca","category-seccion-ca","tag-actividades-paralelas-ca","tag-alborache-ca","tag-festival-pantalla-alborache-ca","tag-la-hoya-de-bunol-chiva-ca"],"_links":{"self":[{"href":"https:\/\/tucomarca.whitekongsoftware.com\/ca\/wp-json\/wp\/v2\/posts\/157538","targetHints":{"allow":["GET"]}}],"collection":[{"href":"https:\/\/tucomarca.whitekongsoftware.com\/ca\/wp-json\/wp\/v2\/posts"}],"about":[{"href":"https:\/\/tucomarca.whitekongsoftware.com\/ca\/wp-json\/wp\/v2\/types\/post"}],"author":[{"embeddable":true,"href":"https:\/\/tucomarca.whitekongsoftware.com\/ca\/wp-json\/wp\/v2\/users\/12"}],"replies":[{"embeddable":true,"href":"https:\/\/tucomarca.whitekongsoftware.com\/ca\/wp-json\/wp\/v2\/comments?post=157538"}],"version-history":[{"count":0,"href":"https:\/\/tucomarca.whitekongsoftware.com\/ca\/wp-json\/wp\/v2\/posts\/157538\/revisions"}],"wp:featuredmedia":[{"embeddable":true,"href":"https:\/\/tucomarca.whitekongsoftware.com\/ca\/wp-json\/wp\/v2\/media\/157537"}],"wp:attachment":[{"href":"https:\/\/tucomarca.whitekongsoftware.com\/ca\/wp-json\/wp\/v2\/media?parent=157538"}],"wp:term":[{"taxonomy":"category","embeddable":true,"href":"https:\/\/tucomarca.whitekongsoftware.com\/ca\/wp-json\/wp\/v2\/categories?post=157538"},{"taxonomy":"post_tag","embeddable":true,"href":"https:\/\/tucomarca.whitekongsoftware.com\/ca\/wp-json\/wp\/v2\/tags?post=157538"}],"curies":[{"name":"wp","href":"https:\/\/api.w.org\/{rel}","templated":true}]}}