{"id":157532,"date":"2022-05-18T18:10:00","date_gmt":"2022-05-18T16:10:00","guid":{"rendered":"http:\/\/www.tucomarca.com\/wordpress\/segunda\/?p=157532"},"modified":"2022-05-19T10:17:30","modified_gmt":"2022-05-19T08:17:30","slug":"ava-asaja-preveu-unes-perdues-de-150-milions-per-les-pluges-i-el-fred-en-lagricultura-valenciana","status":"publish","type":"post","link":"https:\/\/tucomarca.whitekongsoftware.com\/ca\/ava-asaja-preveu-unes-perdues-de-150-milions-per-les-pluges-i-el-fred-en-lagricultura-valenciana\/","title":{"rendered":"AVA-Asaja preveu unes p\u00e8rdues de 150 milions per les pluges i el fred en l&#8217;agricultura valenciana"},"content":{"rendered":"\n<p class=\"wp-block-paragraph\">Despr\u00e9s de dos mesos i mig de precipitacions persistents, baixes temperatures i falta d&#8217;hores de sol, els agricultors de la Comunitat Valenciana comencen a constatar a peu de camp els vertaders danys que ja han patit o patiran la majoria dels seus cultius. Un estudi dels serveis t\u00e8cnics de l&#8217;Associaci\u00f3 Valenciana d&#8217;Agricultors (AVA-Asaja) xifra en m\u00e9s de 150 milions d&#8217;euros les p\u00e8rdues previstes a causa de l&#8217;anomalia clim\u00e0tica en el sector agrari valenci\u00e0. La superf\u00edcie afectada ascendeix a 120.000 hect\u00e0rees i entre els cultius que majors perjudicis acumulen destaquen els c\u00edtrics, l&#8217;ametla, les fruites d&#8217;os, el caqui i les hortalisses (cebes, cre\u00eflles i carxofes principalment), aix\u00ed com destrosses en infraestructures agr\u00e0ries.<br>Els c\u00edtrics, sobretot taronges i mandarines, s\u00f3n el cultiu que preveu aconseguir majors p\u00e8rdues: entorn de 80 milions en una superf\u00edcie de 50.000 hect\u00e0rees. D&#8217;una banda, en la present campanya centenars de tones de fruits que estaven pendents de recol\u00b7lectar van acabar caient a terra o quedant-se en l&#8217;arbre pel minvament de valor comercial. D&#8217;altra banda, de cara a la pr\u00f2xima temporada, l&#8217;exc\u00e9s d&#8217;humitat tamb\u00e9 ha ocasionat problemes de podridura en la floraci\u00f3 que reduiran la collita futura en multitud d&#8217;explotacions. Aix\u00ed mateix, igual que ocorre en altres cultius, els agricultors es veuen obligats a assumir sobrecostos econ\u00f2mics per a realitzar aplicacions dirigides a minimitzar l&#8217;atac de plagues i malalties que poden multiplicar-se amb la combinaci\u00f3 d&#8217;humitat i altes temperatures.&nbsp;<br>L&#8217;ametla valenciana afronta una campanya hist\u00f2ricament dif\u00edcil amb unes p\u00e8rdues estimades en 18 milions. L&#8217;onada de fred \u00e0rtic a principis d&#8217;abril va provocar greus gelades en unes 30.000 hect\u00e0rees de les comarques interiors, fins a l&#8217;extrem de fer malb\u00e9 la totalitat de la collita en centenars de camps i causar un enfonsament del 70% en la producci\u00f3 auton\u00f2mica. L&#8217;escassetat d&#8217;hores de calor i les pluges reiterades fins a maig van agreujar els problemes de quallat, mentre que la proliferaci\u00f3 de fongs per la calor actual eleva la necessitat de tractaments.&nbsp;<br>Una altra producci\u00f3 en m\u00ednims hist\u00f2rics \u00e9s la fruita d&#8217;os (bresquilles, nectarines, albercocs, prunes i cireres) a causa dels efectes devastadors de les pluges coincidint amb les fases de floraci\u00f3 i brotada. Una superf\u00edcie de 10.000 hect\u00e0rees ha patit sinistres clim\u00e0tics, amb una caiguda mitjana superior al 60% del potencial productiu i unes p\u00e8rdues de 16,5 milions.<br>El cas del caqui \u00e9s preocupant perqu\u00e8, a m\u00e9s dels brots florals que van quedar \u2018cremats\u2019 per les gelades en zones fredes de diverses comarques, hi ha molts altres fruits que sense presentar s\u00edmptomes de gelades han caigut a terra i, per tant, contribueixen a reduir la pr\u00f2xima collita. La superf\u00edcie amb danys de gravetat ascendeix a 5.000 hect\u00e0rees i les p\u00e8rdues podrien aconseguir els 12 milions.<br>Les precipitacions primaverals, sobretot la pluja torrencial del 3 de maig a L&#8217;Horta, van destrossar camps sencers d&#8217;hortalisses, especialment de cebes i cre\u00eflles. La supressi\u00f3 de fungicides ha dificultat encara m\u00e9s la lluita contra els fongs, que han tingut en aquest exc\u00e9s d&#8217;humitat unes condicions id\u00f2nies per a la seua proliferaci\u00f3. Les p\u00e8rdues directes, calculades en 11 milions, sumades als baixos preus d&#8217;anys anteriors, posen en perill la continu\u00eftat dels dos principals cultius que els horticultors giren amb la xufa. Les pluges han retardat la sembra de la xufa i amenacen amb un any negre per a l&#8217;horta valenciana.<br>Igualment, el cultiu de l&#8217;arr\u00f2s va amb diverses setmanes de retard perqu\u00e8 les labors de preparaci\u00f3 del terreny requereixen que el s\u00f2l estiga sec i, encara que no s&#8217;han produ\u00eft encara danys, el sector tem sobrecostos energ\u00e8tics per la gesti\u00f3 h\u00eddrica, un minvament de producci\u00f3 i un augment de males herbes. Les p\u00e8rdues previstes per als arrossers valencians se situen en 1,8 milions.<br>Per contra, les pluges i el fred han tingut conseq\u00fc\u00e8ncies menys nocives per a cultius com la vinya i l&#8217;olivar. L&#8217;\u00fanic episodi especialment negatiu va ser la tempesta de pedra registrada el 2 de maig que va colpejar 3.000 hect\u00e0rees de vinyes en diversos punts de Val\u00e8ncia i Alacant. La possible proliferaci\u00f3 de fongs com el m\u00edldiu i o\u00efdi, que en els \u00faltims anys han anat incrementant els seus atacs, tamb\u00e9 preocupen els viticultors. Per part seua, els ramaders han d&#8217;assumir majors costos en alimentaci\u00f3 i energia, mentre que els apicultors poden veure minvada la producci\u00f3 de mel a causa dels problemes en la floraci\u00f3.<br>Finalment, a conseq\u00fc\u00e8ncia de les abundants pluges el sector adverteix de destrosses en infraestructures agr\u00e0ries, com a murs, camins i instal\u00b7lacions de reg. En zones pr\u00f2ximes a barrancs i rius com el Magre, l&#8217;arrossegament de terres i canyes tamb\u00e9 ha provocat tamponaments i problemes en conduccions per al reg. Les p\u00e8rdues en aquest cap\u00edtol sumen altres 10 milions d&#8217;euros.<br>Per aix\u00f2, AVA-Asaja reitera la necessitat que les administracions nacionals, auton\u00f2miques i locals posen en marxa ajudes directes i mesures fiscals (com a reducci\u00f3 de l&#8217;IBI R\u00fastic, rebaixa de m\u00f2duls, cr\u00e8dits bonificats, etc.) destinades a alleujar la ru\u00efnosa situaci\u00f3 que travessen els agricultors valencians no sols per l&#8217;anomalia clim\u00e0tica, sin\u00f3 tamb\u00e9 per l&#8217;escalada dels costos de producci\u00f3 i la incapacitat real per a repercutir-los en els baixos preus. Informa, Luis Ib\u00e1\u00f1ez.<\/p>\n\n\n\n<p class=\"wp-block-paragraph\"><\/p>\n","protected":false},"excerpt":{"rendered":"<div class=\"mh-excerpt\">Despr\u00e9s de dos mesos i mig de precipitacions persistents, baixes temperatures i falta d&#8217;hores de sol, els agricultors de la Comunitat Valenciana comencen a constatar a peu de camp els vertaders danys que ja han <a class=\"mh-excerpt-more\" href=\"https:\/\/tucomarca.whitekongsoftware.com\/ca\/ava-asaja-preveu-unes-perdues-de-150-milions-per-les-pluges-i-el-fred-en-lagricultura-valenciana\/\" title=\"AVA-Asaja preveu unes p\u00e8rdues de 150 milions per les pluges i el fred en l&#8217;agricultura valenciana\">[+] <\/a><\/div>\n","protected":false},"author":12,"featured_media":157531,"comment_status":"open","ping_status":"open","sticky":false,"template":"","format":"standard","meta":{"footnotes":""},"categories":[10905,10898,10948,10894,10904,10909,10896],"tags":[11309,11924,12856,16767],"class_list":["post-157532","post","type-post","status-publish","format-standard","has-post-thumbnail","category-agricultura-la-comarca-ca","category-ventana-ca","category-infraestructuras-ca","category-la-comarca-ca","category-sin-categorizar-ca","category-requena-utiel-ca","category-seccion-ca","tag-agricultura-ca","tag-ava-asaja-ca","tag-conselleria-de-agricultura-ca","tag-perdidas-ca"],"_links":{"self":[{"href":"https:\/\/tucomarca.whitekongsoftware.com\/ca\/wp-json\/wp\/v2\/posts\/157532","targetHints":{"allow":["GET"]}}],"collection":[{"href":"https:\/\/tucomarca.whitekongsoftware.com\/ca\/wp-json\/wp\/v2\/posts"}],"about":[{"href":"https:\/\/tucomarca.whitekongsoftware.com\/ca\/wp-json\/wp\/v2\/types\/post"}],"author":[{"embeddable":true,"href":"https:\/\/tucomarca.whitekongsoftware.com\/ca\/wp-json\/wp\/v2\/users\/12"}],"replies":[{"embeddable":true,"href":"https:\/\/tucomarca.whitekongsoftware.com\/ca\/wp-json\/wp\/v2\/comments?post=157532"}],"version-history":[{"count":0,"href":"https:\/\/tucomarca.whitekongsoftware.com\/ca\/wp-json\/wp\/v2\/posts\/157532\/revisions"}],"wp:featuredmedia":[{"embeddable":true,"href":"https:\/\/tucomarca.whitekongsoftware.com\/ca\/wp-json\/wp\/v2\/media\/157531"}],"wp:attachment":[{"href":"https:\/\/tucomarca.whitekongsoftware.com\/ca\/wp-json\/wp\/v2\/media?parent=157532"}],"wp:term":[{"taxonomy":"category","embeddable":true,"href":"https:\/\/tucomarca.whitekongsoftware.com\/ca\/wp-json\/wp\/v2\/categories?post=157532"},{"taxonomy":"post_tag","embeddable":true,"href":"https:\/\/tucomarca.whitekongsoftware.com\/ca\/wp-json\/wp\/v2\/tags?post=157532"}],"curies":[{"name":"wp","href":"https:\/\/api.w.org\/{rel}","templated":true}]}}