{"id":157392,"date":"2022-05-16T19:30:00","date_gmt":"2022-05-16T17:30:00","guid":{"rendered":"http:\/\/www.tucomarca.com\/wordpress\/segunda\/?p=157392"},"modified":"2022-05-16T20:12:52","modified_gmt":"2022-05-16T18:12:52","slug":"el-cd-bunol-jugara-el-play-off-de-ascenso-a-tercera-de-nuevo-contra-la-ud-vall-de-uxo","status":"publish","type":"post","link":"https:\/\/tucomarca.whitekongsoftware.com\/ca\/el-cd-bunol-jugara-el-play-off-de-ascenso-a-tercera-de-nuevo-contra-la-ud-vall-de-uxo\/","title":{"rendered":"El CD Bunyol jugar\u00e0 el play off d&#8217;ascens a Tercera, de nou, contra la UD Vall de Ux\u00f3"},"content":{"rendered":"\n<figure class=\"wp-block-image size-large\"><img loading=\"lazy\" decoding=\"async\" width=\"1024\" height=\"573\" src=\"http:\/\/www.tucomarca.com\/wordpress\/segunda\/wp-content\/uploads\/2022\/05\/TablaSorteoTercera02-1024x573.jpeg\" alt=\"\" class=\"wp-image-157375\" srcset=\"https:\/\/tucomarca.whitekongsoftware.com\/wp-content\/uploads\/2022\/05\/TablaSorteoTercera02-1024x573.jpeg 1024w, https:\/\/tucomarca.whitekongsoftware.com\/wp-content\/uploads\/2022\/05\/TablaSorteoTercera02-300x168.jpeg 300w, https:\/\/tucomarca.whitekongsoftware.com\/wp-content\/uploads\/2022\/05\/TablaSorteoTercera02-768x429.jpeg 768w, https:\/\/tucomarca.whitekongsoftware.com\/wp-content\/uploads\/2022\/05\/TablaSorteoTercera02.jpeg 1200w\" sizes=\"auto, (max-width: 1024px) 100vw, 1024px\" \/><\/figure>\n\n\n\n<p class=\"wp-block-paragraph\">La hist\u00f2ria sembla repetir-se: de nou ser\u00e0 la UD Vall de Ux\u00f3 el rival en el play off d&#8217;ascens del CD Bunyol en el seu cam\u00ed a la Tercera Divisi\u00f3. Aix\u00ed ho ha oferit el sorteig desenvolupat aquest dilluns en la seu de la Federaci\u00f3 de Futbol de la Comunitat Valenciana, que ha fixat a m\u00e9s la resta d&#8217;aparellaments i les dates de les finals per als quatre equips que aspiren a l&#8217;ascens de categoria aquesta temporada.<\/p>\n\n\n\n<p class=\"wp-block-paragraph\">Aix\u00ed i de superar al seu rival i arribar fins a la final, es donaria la circumst\u00e0ncia que el CD Bunyol hauria de mesurar-se al guanyador del play off que jugaran la UD Castellonenca i el CF Gandia, equipe aquest \u00faltim entrenat per l&#8217;anterior m\u00edster del CD Bunyol, Adri\u00e1n Ferrandis. La final d&#8217;aquest aparellament s&#8217;ha fixat per al dia 4 de juny a les 19,30 hores en una seu neutral encara per determinar.<\/p>\n\n\n\n<p class=\"wp-block-paragraph\">El sorteig ha sigut capritx\u00f3s i ha oferit que el campi\u00f3 del seu grup la UD Vall de Ux\u00f3, que l&#8217;any passat va quedar segon, es mesure enguany com primer al segon del grup 2, el CD Bunyol, per la qual cosa els dos conjunts es veuran de nou les cares un any despr\u00e9s.<\/p>\n\n\n\n<p class=\"wp-block-paragraph\">Segons les normes fetes p\u00fabliques per la FFCV, el partit d&#8217;anada es jugar\u00e0 en el camp del pitjor classificat, per la qual cosa el primer partit \u00e9s jugar\u00e0 en el Beltr\u00e1n B\u00e1guena aquest dissabte a les 19,00 hores i el de volta en el Mangri\u00f1\u00e1n.<\/p>\n\n\n\n<p class=\"wp-block-paragraph\">L&#8217;any passat el CD Bunyol va empatar a un gol en el partit d&#8217;anada en el camp del Vall de Ux\u00f3, amb gol de Mateo; i posteriorment es va imposar en el Beltr\u00e1n per 1 gol a zero, obra d&#8217;\u00d3scar en el minut 38 de partit.<\/p>\n\n\n\n<p class=\"wp-block-paragraph\"><strong>El CD Bunyol acaba segon<\/strong><\/p>\n\n\n\n<p class=\"wp-block-paragraph\">Malgrat endossar-li una manita a L&#8217;Eliana aquest passat cap de setmana, el CD Bunyol no ha pogut arrabassar-li al Patacona el primer lloc de la classificaci\u00f3 i ha tancat la temporada segon en el grup segon de la taula de Regional Preferent amb 69 punts, a penes dos menys que el primer classificat.<\/p>\n\n\n\n<p class=\"wp-block-paragraph\">Els de Jos\u00e9 Manuel Descalzo li van passar per damunt a un CDFB L&#8217;Eliana, fanalet roig i ja descendit, que va fer molt poc per intentar guanyar la trobada i en el qual van pujar al marcador els gols de Jordi (minut 32 i en el 65), Iranzo (en el 57) Pastor (en el 75) i Rub\u00e9n de penal (en el 82).<\/p>\n\n\n\n<figure class=\"wp-block-image size-large\"><img loading=\"lazy\" decoding=\"async\" width=\"1024\" height=\"577\" src=\"http:\/\/www.tucomarca.com\/wordpress\/segunda\/wp-content\/uploads\/2022\/05\/TablaSorteoTercera01-1024x577.jpeg\" alt=\"\" class=\"wp-image-157379\" srcset=\"https:\/\/tucomarca.whitekongsoftware.com\/wp-content\/uploads\/2022\/05\/TablaSorteoTercera01-1024x577.jpeg 1024w, https:\/\/tucomarca.whitekongsoftware.com\/wp-content\/uploads\/2022\/05\/TablaSorteoTercera01-300x169.jpeg 300w, https:\/\/tucomarca.whitekongsoftware.com\/wp-content\/uploads\/2022\/05\/TablaSorteoTercera01-768x433.jpeg 768w, https:\/\/tucomarca.whitekongsoftware.com\/wp-content\/uploads\/2022\/05\/TablaSorteoTercera01-678x381.jpeg 678w, https:\/\/tucomarca.whitekongsoftware.com\/wp-content\/uploads\/2022\/05\/TablaSorteoTercera01.jpeg 1200w\" sizes=\"auto, (max-width: 1024px) 100vw, 1024px\" \/><\/figure>\n","protected":false},"excerpt":{"rendered":"<div class=\"mh-excerpt\">La hist\u00f2ria sembla repetir-se: de nou ser\u00e0 la UD Vall de Ux\u00f3 el rival en el play off d&#8217;ascens del CD Bunyol en el seu cam\u00ed a la Tercera Divisi\u00f3. Aix\u00ed ho ha oferit el <a class=\"mh-excerpt-more\" href=\"https:\/\/tucomarca.whitekongsoftware.com\/ca\/el-cd-bunol-jugara-el-play-off-de-ascenso-a-tercera-de-nuevo-contra-la-ud-vall-de-uxo\/\" title=\"El CD Bunyol jugar\u00e0 el play off d&#8217;ascens a Tercera, de nou, contra la UD Vall de Ux\u00f3\">[+] <\/a><\/div>\n","protected":false},"author":1,"featured_media":157376,"comment_status":"open","ping_status":"open","sticky":false,"template":"","format":"standard","meta":{"footnotes":""},"categories":[10911,11015,11003,10912,10896],"tags":[11126,11074,11075,10914],"class_list":["post-157392","post","type-post","status-publish","format-standard","has-post-thumbnail","category-bunol-ca","category-canal-futbol","category-sports","category-la-hoya-ca","category-seccion-ca","tag-cd-bunol-ca","tag-deportes-ca","tag-futbol-ca","tag-la-hoya-de-bunol-chiva-ca"],"_links":{"self":[{"href":"https:\/\/tucomarca.whitekongsoftware.com\/ca\/wp-json\/wp\/v2\/posts\/157392","targetHints":{"allow":["GET"]}}],"collection":[{"href":"https:\/\/tucomarca.whitekongsoftware.com\/ca\/wp-json\/wp\/v2\/posts"}],"about":[{"href":"https:\/\/tucomarca.whitekongsoftware.com\/ca\/wp-json\/wp\/v2\/types\/post"}],"author":[{"embeddable":true,"href":"https:\/\/tucomarca.whitekongsoftware.com\/ca\/wp-json\/wp\/v2\/users\/1"}],"replies":[{"embeddable":true,"href":"https:\/\/tucomarca.whitekongsoftware.com\/ca\/wp-json\/wp\/v2\/comments?post=157392"}],"version-history":[{"count":0,"href":"https:\/\/tucomarca.whitekongsoftware.com\/ca\/wp-json\/wp\/v2\/posts\/157392\/revisions"}],"wp:featuredmedia":[{"embeddable":true,"href":"https:\/\/tucomarca.whitekongsoftware.com\/ca\/wp-json\/wp\/v2\/media\/157376"}],"wp:attachment":[{"href":"https:\/\/tucomarca.whitekongsoftware.com\/ca\/wp-json\/wp\/v2\/media?parent=157392"}],"wp:term":[{"taxonomy":"category","embeddable":true,"href":"https:\/\/tucomarca.whitekongsoftware.com\/ca\/wp-json\/wp\/v2\/categories?post=157392"},{"taxonomy":"post_tag","embeddable":true,"href":"https:\/\/tucomarca.whitekongsoftware.com\/ca\/wp-json\/wp\/v2\/tags?post=157392"}],"curies":[{"name":"wp","href":"https:\/\/api.w.org\/{rel}","templated":true}]}}