{"id":157045,"date":"2022-05-13T14:30:00","date_gmt":"2022-05-13T12:30:00","guid":{"rendered":"http:\/\/www.tucomarca.com\/wordpress\/segunda\/?p=157045"},"modified":"2022-05-13T19:42:49","modified_gmt":"2022-05-13T17:42:49","slug":"la-guardia-civil-dete-al-responsable-de-5-robatoris-amb-violencia-i-intimidacio-a-carlet","status":"publish","type":"post","link":"https:\/\/tucomarca.whitekongsoftware.com\/ca\/la-guardia-civil-dete-al-responsable-de-5-robatoris-amb-violencia-i-intimidacio-a-carlet\/","title":{"rendered":"La Gu\u00e0rdia Civil det\u00e9 al responsable de 5 robatoris amb viol\u00e8ncia i intimidaci\u00f3 a Carlet"},"content":{"rendered":"\n<h4 class=\"wp-block-heading\"><strong>S&#8217;investiguen 5 robatoris amb viol\u00e8ncia i intimidaci\u00f3, 3 consumats i 2 en grau de temptativa<\/strong><\/h4>\n\n\n\n<h4 class=\"wp-block-heading\"><strong>Per a la comissi\u00f3 dels delictes, el detingut utilitzava una arma blanca, a m\u00e9s de diferents objectes de capacitat lesiva<\/strong><\/h4>\n\n\n\n<p class=\"wp-block-paragraph\">La Gu\u00e0rdia Civil de Carlet (Val\u00e8ncia) ha detingut al responsable de 5 delictes de robatori amb viol\u00e8ncia i intimidaci\u00f3, 3 consumats i 2 en grau de temptativa, per als quals utilitzava una arma blanca, aix\u00ed com altres objectes de diferent capacitat lesiva.<\/p>\n\n\n\n<p class=\"wp-block-paragraph\">Les v\u00edctimes d&#8217;aquests delictes eren repartidors del sector hostaler en la localitat de Carlet. L&#8217;autor vigilava la zona i el moment del repartiment per a, just despr\u00e9s d&#8217;efectuar el repartidor el lliurament i tindre la recaptaci\u00f3 en el seu poder, sostraure-li la mateixa gr\u00e0cies a l&#8217;\u00fas d&#8217;arma blanca.\u00a0<\/p>\n\n\n\n<p class=\"wp-block-paragraph\">La Gu\u00e0rdia Civil de Carlet, en el marc de l&#8217;Operaci\u00f3 \u2018LIVRARI\u2019, va iniciar les investigacions tendents a la determinaci\u00f3 i identificaci\u00f3 del responsable dels citats robatoris, produint-se la detenci\u00f3 a la fi del passat mes a Carlet.\u00a0<\/p>\n\n\n\n<p class=\"wp-block-paragraph\">L&#8217;autor es tracta d&#8217;un home de 34 anys i de nacionalitat espanyola, ve\u00ed de la localitat, que compta amb antecedents per delictes contra el patrimoni. En el moment de la detenci\u00f3, l&#8217;autor es trobava en plena vigil\u00e0ncia d&#8217;un repartidor d&#8217;hostaleria i portava unes tisores.&nbsp;<\/p>\n\n\n\n<p class=\"wp-block-paragraph\">Les dilig\u00e8ncies han sigut entregades en el Jutjat de Primera Inst\u00e0ncia i Instrucci\u00f3 N\u00famero 2 de Carlet i el detingut ha ingressat en el Centre Penitenciari de Picassent.&nbsp;<\/p>\n","protected":false},"excerpt":{"rendered":"<div class=\"mh-excerpt\">S&#8217;investiguen 5 robatoris amb viol\u00e8ncia i intimidaci\u00f3, 3 consumats i 2 en grau de temptativa Per a la comissi\u00f3 dels delictes, el detingut utilitzava una arma blanca, a m\u00e9s de diferents objectes de capacitat lesiva <a class=\"mh-excerpt-more\" href=\"https:\/\/tucomarca.whitekongsoftware.com\/ca\/la-guardia-civil-dete-al-responsable-de-5-robatoris-amb-violencia-i-intimidacio-a-carlet\/\" title=\"La Gu\u00e0rdia Civil det\u00e9 al responsable de 5 robatoris amb viol\u00e8ncia i intimidaci\u00f3 a Carlet\">[+] <\/a><\/div>\n","protected":false},"author":1,"featured_media":157042,"comment_status":"open","ping_status":"open","sticky":false,"template":"","format":"standard","meta":{"footnotes":""},"categories":[10990,10898,10948,10894,10904,10902,10896,10897],"tags":[11082,17107,11118,11077],"class_list":["post-157045","post","type-post","status-publish","format-standard","has-post-thumbnail","category-carlet-ca","category-ventana-ca","category-infraestructuras-ca","category-la-comarca-ca","category-sin-categorizar-ca","category-la-ribera-ca","category-seccion-ca","category-sucesos-la-comarca-ca","tag-carlet-ca","tag-detenido-ca","tag-guardia-civil-ca","tag-la-ribera-alta-ca"],"_links":{"self":[{"href":"https:\/\/tucomarca.whitekongsoftware.com\/ca\/wp-json\/wp\/v2\/posts\/157045","targetHints":{"allow":["GET"]}}],"collection":[{"href":"https:\/\/tucomarca.whitekongsoftware.com\/ca\/wp-json\/wp\/v2\/posts"}],"about":[{"href":"https:\/\/tucomarca.whitekongsoftware.com\/ca\/wp-json\/wp\/v2\/types\/post"}],"author":[{"embeddable":true,"href":"https:\/\/tucomarca.whitekongsoftware.com\/ca\/wp-json\/wp\/v2\/users\/1"}],"replies":[{"embeddable":true,"href":"https:\/\/tucomarca.whitekongsoftware.com\/ca\/wp-json\/wp\/v2\/comments?post=157045"}],"version-history":[{"count":0,"href":"https:\/\/tucomarca.whitekongsoftware.com\/ca\/wp-json\/wp\/v2\/posts\/157045\/revisions"}],"wp:featuredmedia":[{"embeddable":true,"href":"https:\/\/tucomarca.whitekongsoftware.com\/ca\/wp-json\/wp\/v2\/media\/157042"}],"wp:attachment":[{"href":"https:\/\/tucomarca.whitekongsoftware.com\/ca\/wp-json\/wp\/v2\/media?parent=157045"}],"wp:term":[{"taxonomy":"category","embeddable":true,"href":"https:\/\/tucomarca.whitekongsoftware.com\/ca\/wp-json\/wp\/v2\/categories?post=157045"},{"taxonomy":"post_tag","embeddable":true,"href":"https:\/\/tucomarca.whitekongsoftware.com\/ca\/wp-json\/wp\/v2\/tags?post=157045"}],"curies":[{"name":"wp","href":"https:\/\/api.w.org\/{rel}","templated":true}]}}