{"id":156984,"date":"2022-05-12T13:00:00","date_gmt":"2022-05-12T11:00:00","guid":{"rendered":"http:\/\/www.tucomarca.com\/wordpress\/segunda\/?p=156984"},"modified":"2022-05-12T15:17:40","modified_gmt":"2022-05-12T13:17:40","slug":"video-bunyol-gaudeix-de-la-seua-recuperada-xv-fira-de-comerc-i-turisme-en-el-planell","status":"publish","type":"post","link":"https:\/\/tucomarca.whitekongsoftware.com\/ca\/video-bunyol-gaudeix-de-la-seua-recuperada-xv-fira-de-comerc-i-turisme-en-el-planell\/","title":{"rendered":"V\u00eddeo: Bunyol gaudeix de la seua recuperada XV Fira de Comer\u00e7 i Turisme en El Planell"},"content":{"rendered":"\n<figure class=\"wp-block-embed is-type-video is-provider-youtube wp-block-embed-youtube wp-embed-aspect-16-9 wp-has-aspect-ratio\"><div class=\"wp-block-embed__wrapper\">\n<iframe loading=\"lazy\" title=\"V\u00eddeo: Bu\u00f1ol disfruta de su recuperada XV Feria de Comercio y Turismo en El Planell\" width=\"500\" height=\"281\" src=\"https:\/\/www.youtube.com\/embed\/924A2FLzCzQ?feature=oembed\" frameborder=\"0\" allow=\"accelerometer; autoplay; clipboard-write; encrypted-media; gyroscope; picture-in-picture; web-share\" referrerpolicy=\"strict-origin-when-cross-origin\" allowfullscreen><\/iframe>\n<\/div><\/figure>\n\n\n\n<p class=\"wp-block-paragraph\">L&#8217;Ajuntament de Bunyol i l&#8217;Associaci\u00f3 d&#8217;Empresaris i Aut\u00f2noms han celebrat, despr\u00e9s de dos anys de pand\u00e8mia, la tradicional Fira de Comer\u00e7, Turisme i \u00das de la localitat, amb una gran aflu\u00e8ncia de p\u00fablic en el recinte del Planell.<\/p>\n","protected":false},"excerpt":{"rendered":"<div class=\"mh-excerpt\">L&#8217;Ajuntament de Bunyol i l&#8217;Associaci\u00f3 d&#8217;Empresaris i Aut\u00f2noms han celebrat, despr\u00e9s de dos anys de pand\u00e8mia, la tradicional Fira de Comer\u00e7, Turisme i \u00das de la localitat, amb una gran aflu\u00e8ncia de p\u00fablic en el <a class=\"mh-excerpt-more\" href=\"https:\/\/tucomarca.whitekongsoftware.com\/ca\/video-bunyol-gaudeix-de-la-seua-recuperada-xv-fira-de-comerc-i-turisme-en-el-planell\/\" title=\"V\u00eddeo: Bunyol gaudeix de la seua recuperada XV Fira de Comer\u00e7 i Turisme en El Planell\">[+] <\/a><\/div>\n","protected":false},"author":1,"featured_media":156982,"comment_status":"open","ping_status":"open","sticky":false,"template":"","format":"video","meta":{"footnotes":""},"categories":[10911,10898,10948,10894,10904,10912,11004,11008,10896,11062],"tags":[10913,10914,17046],"class_list":["post-156984","post","type-post","status-publish","format-video","has-post-thumbnail","category-bunol-ca","category-ventana-ca","category-infraestructuras-ca","category-la-comarca-ca","category-sin-categorizar-ca","category-la-hoya-ca","category-la-semana-en-imagenes-ca","category-pueblos-en-fiestas-ca","category-seccion-ca","category-videos","tag-bunol-ca","tag-la-hoya-de-bunol-chiva-ca","tag-xv-feria-de-comercio-ca","post_format-post-format-video"],"_links":{"self":[{"href":"https:\/\/tucomarca.whitekongsoftware.com\/ca\/wp-json\/wp\/v2\/posts\/156984","targetHints":{"allow":["GET"]}}],"collection":[{"href":"https:\/\/tucomarca.whitekongsoftware.com\/ca\/wp-json\/wp\/v2\/posts"}],"about":[{"href":"https:\/\/tucomarca.whitekongsoftware.com\/ca\/wp-json\/wp\/v2\/types\/post"}],"author":[{"embeddable":true,"href":"https:\/\/tucomarca.whitekongsoftware.com\/ca\/wp-json\/wp\/v2\/users\/1"}],"replies":[{"embeddable":true,"href":"https:\/\/tucomarca.whitekongsoftware.com\/ca\/wp-json\/wp\/v2\/comments?post=156984"}],"version-history":[{"count":0,"href":"https:\/\/tucomarca.whitekongsoftware.com\/ca\/wp-json\/wp\/v2\/posts\/156984\/revisions"}],"wp:featuredmedia":[{"embeddable":true,"href":"https:\/\/tucomarca.whitekongsoftware.com\/ca\/wp-json\/wp\/v2\/media\/156982"}],"wp:attachment":[{"href":"https:\/\/tucomarca.whitekongsoftware.com\/ca\/wp-json\/wp\/v2\/media?parent=156984"}],"wp:term":[{"taxonomy":"category","embeddable":true,"href":"https:\/\/tucomarca.whitekongsoftware.com\/ca\/wp-json\/wp\/v2\/categories?post=156984"},{"taxonomy":"post_tag","embeddable":true,"href":"https:\/\/tucomarca.whitekongsoftware.com\/ca\/wp-json\/wp\/v2\/tags?post=156984"}],"curies":[{"name":"wp","href":"https:\/\/api.w.org\/{rel}","templated":true}]}}