{"id":156875,"date":"2022-05-12T08:30:00","date_gmt":"2022-05-12T06:30:00","guid":{"rendered":"http:\/\/www.tucomarca.com\/wordpress\/segunda\/?p=156875"},"modified":"2022-05-12T10:55:18","modified_gmt":"2022-05-12T08:55:18","slug":"la-serrania-rebra-uns-altres-750-000-euros-de-la-diputacio-en-el-nou-repartiment-del-fons-de-cooperacio","status":"publish","type":"post","link":"https:\/\/tucomarca.whitekongsoftware.com\/ca\/la-serrania-rebra-uns-altres-750-000-euros-de-la-diputacio-en-el-nou-repartiment-del-fons-de-cooperacio\/","title":{"rendered":"La Serran\u00eda rebr\u00e0 uns altres 750.000 euros de la Diputaci\u00f3 en el nou repartiment del Fons de Cooperaci\u00f3"},"content":{"rendered":"\n<h4 class=\"wp-block-heading\"><strong>La corporaci\u00f3 ha ingressat ja 40 milions d&#8217;euros als ajuntaments de la prov\u00edncia, repartir\u00e0 20 m\u00e9s en els pr\u00f2xims dies i aprovar\u00e0 abans d&#8217;estiu altres 20 per a arribar a la hist\u00f2rica xifra de 80<\/strong><\/h4>\n\n\n\n<h4 class=\"wp-block-heading\"><strong>Els municipis de la comarca es repartiran 749.827 euros, des dels 75.000 de Villar del Arzobispo als 29.000 de Benag\u00e9ber. La ve\u00efna comarca del Rinc\u00f3n de Ademuz t\u00e9 assignats 223.000 euros<\/strong><\/h4>\n\n\n\n<figure class=\"wp-block-gallery columns-1 is-cropped wp-block-gallery-1 is-layout-flex wp-block-gallery-is-layout-flex\"><ul class=\"blocks-gallery-grid\"><li class=\"blocks-gallery-item\"><figure><img loading=\"lazy\" decoding=\"async\" width=\"789\" height=\"1024\" src=\"http:\/\/www.tucomarca.com\/wordpress\/segunda\/wp-content\/uploads\/2022\/05\/DipuSerrania-789x1024.jpg\" alt=\"\" data-id=\"156869\" data-full-url=\"http:\/\/www.tucomarca.com\/wordpress\/segunda\/wp-content\/uploads\/2022\/05\/DipuSerrania.jpg\" data-link=\"http:\/\/www.tucomarca.com\/wordpress\/segunda\/?attachment_id=156869\" class=\"wp-image-156869\" srcset=\"https:\/\/tucomarca.whitekongsoftware.com\/wp-content\/uploads\/2022\/05\/DipuSerrania-789x1024.jpg 789w, https:\/\/tucomarca.whitekongsoftware.com\/wp-content\/uploads\/2022\/05\/DipuSerrania-231x300.jpg 231w, https:\/\/tucomarca.whitekongsoftware.com\/wp-content\/uploads\/2022\/05\/DipuSerrania-768x996.jpg 768w, https:\/\/tucomarca.whitekongsoftware.com\/wp-content\/uploads\/2022\/05\/DipuSerrania.jpg 1181w\" sizes=\"auto, (max-width: 789px) 100vw, 789px\" \/><\/figure><\/li><li class=\"blocks-gallery-item\"><figure><img loading=\"lazy\" decoding=\"async\" width=\"1024\" height=\"881\" src=\"http:\/\/www.tucomarca.com\/wordpress\/segunda\/wp-content\/uploads\/2022\/05\/DipuAdemuz-1024x881.jpg\" alt=\"\" data-id=\"156871\" data-full-url=\"http:\/\/www.tucomarca.com\/wordpress\/segunda\/wp-content\/uploads\/2022\/05\/DipuAdemuz.jpg\" data-link=\"http:\/\/www.tucomarca.com\/wordpress\/segunda\/?attachment_id=156871\" class=\"wp-image-156871\" srcset=\"https:\/\/tucomarca.whitekongsoftware.com\/wp-content\/uploads\/2022\/05\/DipuAdemuz-1024x881.jpg 1024w, https:\/\/tucomarca.whitekongsoftware.com\/wp-content\/uploads\/2022\/05\/DipuAdemuz-300x258.jpg 300w, https:\/\/tucomarca.whitekongsoftware.com\/wp-content\/uploads\/2022\/05\/DipuAdemuz-768x661.jpg 768w, https:\/\/tucomarca.whitekongsoftware.com\/wp-content\/uploads\/2022\/05\/DipuAdemuz.jpg 1181w\" sizes=\"auto, (max-width: 1024px) 100vw, 1024px\" \/><\/figure><\/li><\/ul><\/figure>\n\n\n\n<p class=\"wp-block-paragraph\">Els municipis de la Serrania rebran prop de 750.000 euros de la Diputaci\u00f3 de Val\u00e8ncia en el segon repartiment del Fons de Cooperaci\u00f3 Municipal, que ja va deixar 1,4 milions a la comarca el mes de mar\u00e7. Les 19 localitats que componen la Serrania es repartiran esta vegada 749.827 euros, una quantitat similar a la que t\u00e9 previst ingressar la Diputaci\u00f3 abans d&#8217;estiu, amb una aportaci\u00f3 extraordin\u00e0ria que elevar\u00e0 a prop de tres milions l&#8217;assignaci\u00f3 a la comarca a trav\u00e9s del Fons de Cooperaci\u00f3.<\/p>\n\n\n\n<p class=\"wp-block-paragraph\">El municipi que rebr\u00e0 una major quantitat en esta segona aportaci\u00f3 provincial al Fons de Cooperaci\u00f3 \u00e9s el Villar, amb 75.298 euros; mentre que 14 pobles tenen una assignaci\u00f3 d&#8217;entre 30.000 i 40.000 euros. D&#8217;altra banda, la ve\u00efna comarca del Rinc\u00f3n de Ademuz t\u00e9 assignats 223.049 euros, que sumats als 420.000 ingressats al mar\u00e7 en els huit ajuntaments, m\u00e9s l&#8217;aportaci\u00f3 extraordin\u00e0ria prevista per a abans d&#8217;estiu, superen la xifra global de 850.000 euros. Ademuz rebr\u00e0 quasi 45.000 euros en esta ocasi\u00f3, mentre que els altres municipis de la comarca oscil\u00b7len entre els 27.000 i els 32.000 euros.<\/p>\n\n\n\n<p class=\"wp-block-paragraph\">La Diputaci\u00f3 de Val\u00e8ncia incrementar\u00e0 enguany la seua aportaci\u00f3 al Fons de Cooperaci\u00f3 Municipal fins a arribar als 80 milions d&#8217;euros. La corporaci\u00f3 provincial ha ingressat ja 40 milions als ajuntaments de la prov\u00edncia; repartir\u00e0 20 milions m\u00e9s en els pr\u00f2xims dies, despr\u00e9s de la seua aprovaci\u00f3 en la Comissi\u00f3 d&#8217;Hisenda i en el ple de la setmana vinent; i completar\u00e0 la seua assignaci\u00f3 a este programa conjunt amb la Generalitat amb un \u00faltim lliurament de 20 milions, que arribar\u00e0 als municipis valencians abans d&#8217;estiu.<\/p>\n\n\n\n<p class=\"wp-block-paragraph\">D&#8217;esta manera, la Diputaci\u00f3 quadruplica els 20,6 milions d&#8217;euros que va comen\u00e7ar aportant al Fons de Cooperaci\u00f3 en 2017, any en qu\u00e8 es va crear l\u2019eina de finan\u00e7ament municipal que permet als consistoris destinar les ajudes tant a inversi\u00f3 com a despesa corrent. \u201cEls 80 milions d&#8217;enguany constitu\u00efxen una aportaci\u00f3 hist\u00f2rica que se suma als 144 milions del recentment presentat Pla d&#8217;Inversions i que posen de manifest que la prioritat per a esta instituci\u00f3 s\u00f3n els pobles als quals representa, especialment aquells amb menys de 10.000 habitants, que s\u00f3n els que m\u00e9s la necessiten\u201d, assenyala el president de la Diputaci\u00f3, Toni Gaspar.<\/p>\n\n\n\n<p class=\"wp-block-paragraph\">Gaspar insistix en \u201cl&#8217;efic\u00e0cia d&#8217;este Fons que ha aconseguit reduir al m\u00ednim la burocr\u00e0cia i transferir liquiditat als ajuntaments de manera molt \u00e0gil\u201d, i recorda que l\u2019aposta decidida per les transfer\u00e8ncies directes als municipis \u201c\u00e9s possible gr\u00e0cies a la voluntat de l&#8217;equip de govern de reinvertir el romanent als pobles, ajudant-los a eixir de la pand\u00e8mia i a fer front a problemes conjunturals com \u00e9s hui el de la inflaci\u00f3\u201d.<\/p>\n\n\n\n<p class=\"wp-block-paragraph\"><strong>Compensaci\u00f3 als pobles d&#8217;entre 3.000 i 10.000 habitants<\/strong><\/p>\n\n\n\n<p class=\"wp-block-paragraph\">El m\u00e0xim responsable provincial ha explicat que en este segon repartiment del Fons de Cooperaci\u00f3 2022 la Diputaci\u00f3 \u201cha volgut compensar als municipis d&#8217;entre 3.000 i 10.000 habitants, eixos que habitualment queden fora dels criteris correctors al no ser del tot xicotets, cas de pobles amb menys poblaci\u00f3 i recursos als quals la instituci\u00f3 considera prioritaris, ni arribar a disposar dels ingressos que tenen localitats amb major nombre d&#8217;habitants\u201d.<\/p>\n\n\n\n<p class=\"wp-block-paragraph\">Els 20 milions d&#8217;euros aprovats en la Comissi\u00f3 d&#8217;este dimarts, que arribaran a ple la setmana vinent, s&#8217;ingressaran a continuaci\u00f3 als ajuntaments, que encara disposaran d&#8217;una altra partida similar abans d&#8217;estiu \u201camb l&#8217;objectiu de garantir la seua liquiditat i la possibilitat de fer front a la pujada de preus generalitzada que condiciona la qualitat de vida de les ve\u00efnes i ve\u00efns de qualsevol municipi\u201d, afig el president Gaspar.<\/p>\n","protected":false},"excerpt":{"rendered":"<div class=\"mh-excerpt\">La corporaci\u00f3 ha ingressat ja 40 milions d&#8217;euros als ajuntaments de la prov\u00edncia, repartir\u00e0 20 m\u00e9s en els pr\u00f2xims dies i aprovar\u00e0 abans d&#8217;estiu altres 20 per a arribar a la hist\u00f2rica xifra de 80 <a class=\"mh-excerpt-more\" href=\"https:\/\/tucomarca.whitekongsoftware.com\/ca\/la-serrania-rebra-uns-altres-750-000-euros-de-la-diputacio-en-el-nou-repartiment-del-fons-de-cooperacio\/\" title=\"La Serran\u00eda rebr\u00e0 uns altres 750.000 euros de la Diputaci\u00f3 en el nou repartiment del Fons de Cooperaci\u00f3\">[+] <\/a><\/div>\n","protected":false},"author":12,"featured_media":104850,"comment_status":"open","ping_status":"open","sticky":false,"template":"","format":"standard","meta":{"footnotes":""},"categories":[10890,11041,11046,10898,10948,10894,10947,10896,11029],"tags":[11246,17087,11080,12039],"class_list":["post-156875","post","type-post","status-publish","format-standard","has-post-thumbnail","category-ademus","category-benageber-ca","category-los-serranos-ca","category-ventana-ca","category-infraestructuras-ca","category-la-comarca-ca","category-politica","category-seccion-ca","category-villar-del-arzobispo-ca","tag-diputacio-de-valencia-ca","tag-fondo-de-cooperacion-municipal-ca","tag-los-serranos-ca","tag-rincon-de-ademuz-ca"],"_links":{"self":[{"href":"https:\/\/tucomarca.whitekongsoftware.com\/ca\/wp-json\/wp\/v2\/posts\/156875","targetHints":{"allow":["GET"]}}],"collection":[{"href":"https:\/\/tucomarca.whitekongsoftware.com\/ca\/wp-json\/wp\/v2\/posts"}],"about":[{"href":"https:\/\/tucomarca.whitekongsoftware.com\/ca\/wp-json\/wp\/v2\/types\/post"}],"author":[{"embeddable":true,"href":"https:\/\/tucomarca.whitekongsoftware.com\/ca\/wp-json\/wp\/v2\/users\/12"}],"replies":[{"embeddable":true,"href":"https:\/\/tucomarca.whitekongsoftware.com\/ca\/wp-json\/wp\/v2\/comments?post=156875"}],"version-history":[{"count":0,"href":"https:\/\/tucomarca.whitekongsoftware.com\/ca\/wp-json\/wp\/v2\/posts\/156875\/revisions"}],"wp:featuredmedia":[{"embeddable":true,"href":"https:\/\/tucomarca.whitekongsoftware.com\/ca\/wp-json\/wp\/v2\/media\/104850"}],"wp:attachment":[{"href":"https:\/\/tucomarca.whitekongsoftware.com\/ca\/wp-json\/wp\/v2\/media?parent=156875"}],"wp:term":[{"taxonomy":"category","embeddable":true,"href":"https:\/\/tucomarca.whitekongsoftware.com\/ca\/wp-json\/wp\/v2\/categories?post=156875"},{"taxonomy":"post_tag","embeddable":true,"href":"https:\/\/tucomarca.whitekongsoftware.com\/ca\/wp-json\/wp\/v2\/tags?post=156875"}],"curies":[{"name":"wp","href":"https:\/\/api.w.org\/{rel}","templated":true}]}}