{"id":156846,"date":"2022-05-11T18:00:00","date_gmt":"2022-05-11T16:00:00","guid":{"rendered":"http:\/\/www.tucomarca.com\/wordpress\/segunda\/?p=156846"},"modified":"2022-05-11T19:48:41","modified_gmt":"2022-05-11T17:48:41","slug":"la-ribera-rebra-altres-38-milions-de-la-diputacio-en-el-segon-repartiment-del-fons-de-cooperacio-municipal","status":"publish","type":"post","link":"https:\/\/tucomarca.whitekongsoftware.com\/ca\/la-ribera-rebra-altres-38-milions-de-la-diputacio-en-el-segon-repartiment-del-fons-de-cooperacio-municipal\/","title":{"rendered":"La Ribera rebr\u00e0 altres 3,8 milions de la Diputaci\u00f3 en el segon repartiment del Fons de Cooperaci\u00f3 Municipal"},"content":{"rendered":"\n<h4 class=\"wp-block-heading\">La corporaci\u00f3 ha ingressat ja 40 milions d&#8217;euros als ajuntaments de la prov\u00edncia, repartir\u00e0 20 m\u00e9s en els pr\u00f2xims dies i aprovar\u00e0 abans d&#8217;estiu altres 20 per a arribar a la hist\u00f2rica xifra de 80<\/h4>\n\n\n\n<h4 class=\"wp-block-heading\">Els municipis de la Ribera Alta es repartiran 2.750.000 euros i els de la Ribera Baixa una mica m\u00e9s d&#8217;un mili\u00f3. Alzira, Algemes\u00ed, Carcaixent, Sueca i Cullera tenen una assignaci\u00f3 superior als 150.000 euros<\/h4>\n\n\n\n<figure class=\"wp-block-image size-large\"><img loading=\"lazy\" decoding=\"async\" width=\"621\" height=\"1024\" src=\"http:\/\/www.tucomarca.com\/wordpress\/segunda\/wp-content\/uploads\/2022\/05\/DipuRibera-621x1024.jpg\" alt=\"\" class=\"wp-image-156860\" srcset=\"https:\/\/tucomarca.whitekongsoftware.com\/wp-content\/uploads\/2022\/05\/DipuRibera-621x1024.jpg 621w, https:\/\/tucomarca.whitekongsoftware.com\/wp-content\/uploads\/2022\/05\/DipuRibera-182x300.jpg 182w, https:\/\/tucomarca.whitekongsoftware.com\/wp-content\/uploads\/2022\/05\/DipuRibera.jpg 716w\" sizes=\"auto, (max-width: 621px) 100vw, 621px\" \/><\/figure>\n\n\n\n<p class=\"wp-block-paragraph\">Els municipis de la Ribera rebran altres 3,8 milions d&#8217;euros de la Diputaci\u00f3 de Val\u00e8ncia en el marc del Fons de Cooperaci\u00f3 Municipal, que ja va deixar una mica m\u00e9s de set milions a la comarca fa dos mesos. La Ribera Alta t\u00e9 assignats 2.750.000 euros i La Ribera Baixa 1.061.000 euros en el segon repartiment provincial, que tindr\u00e0 continu\u00eftat abans d&#8217;estiu amb una altra aportaci\u00f3 similar, la qual cosa elevar\u00e0 a m\u00e9s de 15 milions d&#8217;euros l&#8217;assignaci\u00f3 de la Diputaci\u00f3 als ajuntaments de la Ribera a trav\u00e9s del Fons de Cooperaci\u00f3.<\/p>\n\n\n\n<p class=\"wp-block-paragraph\">Per localitats, Alzira (184.000), Algemes\u00ed (164.000) i Carcaixent (156.000) s\u00f3n les que tenen una major assignaci\u00f3 a la Ribera Alta, on Carlet, Alginet, L&#8217;Alc\u00fadia, Benifai\u00f3, Alberic i Montserrat superen tamb\u00e9 els 100.000 euros. A la Ribera Baixa, Sueca (161.000), Cullera (159.000) i Almussafes (112.000) s\u00f3n els tres municipis amb major aportaci\u00f3 en un llistat que tanca El Mareny de Barraquetes amb al voltant de 40.000 euros.<\/p>\n\n\n\n<p class=\"wp-block-paragraph\">La Diputaci\u00f3 de Val\u00e8ncia incrementar\u00e0 enguany la seua aportaci\u00f3 al Fons de Cooperaci\u00f3 Municipal fins a arribar als 80 milions d&#8217;euros. La corporaci\u00f3 provincial ha ingressat ja 40 milions als ajuntaments de la prov\u00edncia; repartir\u00e0 20 milions m\u00e9s en els pr\u00f2xims dies, despr\u00e9s de la seua aprovaci\u00f3 en la Comissi\u00f3 d&#8217;Hisenda i en el ple de la setmana vinent; i completar\u00e0 la seua assignaci\u00f3 a este programa conjunt amb la Generalitat amb un \u00faltim lliurament de 20 milions, que arribar\u00e0 als municipis valencians abans d&#8217;estiu.<\/p>\n\n\n\n<p class=\"wp-block-paragraph\">D&#8217;esta manera, la Diputaci\u00f3 quadruplica els 20,6 milions d&#8217;euros que va comen\u00e7ar aportant al Fons de Cooperaci\u00f3 en 2017, any en qu\u00e8 es va crear l\u2019eina de finan\u00e7ament municipal que permet als consistoris destinar les ajudes tant a inversi\u00f3 com a despesa corrent. \u201cEls 80 milions d&#8217;enguany constitu\u00efxen una aportaci\u00f3 hist\u00f2rica que se suma als 144 milions del recentment presentat Pla d&#8217;Inversions i que posen de manifest que la prioritat per a esta instituci\u00f3 s\u00f3n els pobles als quals representa, especialment aquells amb menys de 10.000 habitants, que s\u00f3n els que m\u00e9s la necessiten\u201d, assenyala el president de la Diputaci\u00f3, Toni Gaspar.<\/p>\n\n\n\n<p class=\"wp-block-paragraph\">Gaspar insistix en \u201cl&#8217;efic\u00e0cia d&#8217;este Fons que ha aconseguit reduir al m\u00ednim la burocr\u00e0cia i transferir liquiditat als ajuntaments de manera molt \u00e0gil\u201d, i recorda que l\u2019aposta decidida per les transfer\u00e8ncies directes als municipis \u201c\u00e9s possible gr\u00e0cies a la voluntat de l&#8217;equip de govern de reinvertir el romanent als pobles, ajudant-los a eixir de la pand\u00e8mia i a fer front a problemes conjunturals com \u00e9s hui el de la inflaci\u00f3\u201d.<\/p>\n\n\n\n<p class=\"wp-block-paragraph\"><strong>Compensaci\u00f3 als pobles d&#8217;entre 3.000 i 10.000 habitants<\/strong><\/p>\n\n\n\n<p class=\"wp-block-paragraph\">El m\u00e0xim responsable provincial ha explicat que en este segon repartiment del Fons de Cooperaci\u00f3 2022 la Diputaci\u00f3 \u201cha volgut compensar als municipis d&#8217;entre 3.000 i 10.000 habitants, eixos que habitualment queden fora dels criteris correctors al no ser del tot xicotets, cas de pobles amb menys poblaci\u00f3 i recursos als quals la instituci\u00f3 considera prioritaris, ni arribar a disposar dels ingressos que tenen localitats amb major nombre d&#8217;habitants\u201d.<\/p>\n\n\n\n<p class=\"wp-block-paragraph\">Els 20 milions d&#8217;euros aprovats en la Comissi\u00f3 d&#8217;este dimarts, que arribaran a ple la setmana vinent, s&#8217;ingressaran a continuaci\u00f3 als ajuntaments, que encara disposaran d&#8217;una altra partida similar abans d&#8217;estiu \u201camb l&#8217;objectiu de garantir la seua liquiditat i la possibilitat de fer front a la pujada de preus generalitzada que condiciona la qualitat de vida de les ve\u00efnes i ve\u00efns de qualsevol municipi\u201d, afig el president Gaspar.<\/p>\n\n\n\n<p class=\"wp-block-paragraph\"><\/p>\n","protected":false},"excerpt":{"rendered":"<div class=\"mh-excerpt\">La corporaci\u00f3 ha ingressat ja 40 milions d&#8217;euros als ajuntaments de la prov\u00edncia, repartir\u00e0 20 m\u00e9s en els pr\u00f2xims dies i aprovar\u00e0 abans d&#8217;estiu altres 20 per a arribar a la hist\u00f2rica xifra de 80 <a class=\"mh-excerpt-more\" href=\"https:\/\/tucomarca.whitekongsoftware.com\/ca\/la-ribera-rebra-altres-38-milions-de-la-diputacio-en-el-segon-repartiment-del-fons-de-cooperacio-municipal\/\" title=\"La Ribera rebr\u00e0 altres 3,8 milions de la Diputaci\u00f3 en el segon repartiment del Fons de Cooperaci\u00f3 Municipal\">[+] <\/a><\/div>\n","protected":false},"author":12,"featured_media":154258,"comment_status":"open","ping_status":"open","sticky":false,"template":"","format":"standard","meta":{"footnotes":""},"categories":[10983,10889,10898,10948,10894,10902,10947,10896],"tags":[11081,11192,11246,17087,11356],"class_list":["post-156846","post","type-post","status-publish","format-standard","has-post-thumbnail","category-algemesi-ca","category-alzira-cat","category-ventana-ca","category-infraestructuras-ca","category-la-comarca-ca","category-la-ribera-ca","category-politica","category-seccion-ca","tag-algemesi-ca","tag-alzira-ca","tag-diputacio-de-valencia-ca","tag-fondo-de-cooperacion-municipal-ca","tag-ribera-alta-ca"],"_links":{"self":[{"href":"https:\/\/tucomarca.whitekongsoftware.com\/ca\/wp-json\/wp\/v2\/posts\/156846","targetHints":{"allow":["GET"]}}],"collection":[{"href":"https:\/\/tucomarca.whitekongsoftware.com\/ca\/wp-json\/wp\/v2\/posts"}],"about":[{"href":"https:\/\/tucomarca.whitekongsoftware.com\/ca\/wp-json\/wp\/v2\/types\/post"}],"author":[{"embeddable":true,"href":"https:\/\/tucomarca.whitekongsoftware.com\/ca\/wp-json\/wp\/v2\/users\/12"}],"replies":[{"embeddable":true,"href":"https:\/\/tucomarca.whitekongsoftware.com\/ca\/wp-json\/wp\/v2\/comments?post=156846"}],"version-history":[{"count":0,"href":"https:\/\/tucomarca.whitekongsoftware.com\/ca\/wp-json\/wp\/v2\/posts\/156846\/revisions"}],"wp:featuredmedia":[{"embeddable":true,"href":"https:\/\/tucomarca.whitekongsoftware.com\/ca\/wp-json\/wp\/v2\/media\/154258"}],"wp:attachment":[{"href":"https:\/\/tucomarca.whitekongsoftware.com\/ca\/wp-json\/wp\/v2\/media?parent=156846"}],"wp:term":[{"taxonomy":"category","embeddable":true,"href":"https:\/\/tucomarca.whitekongsoftware.com\/ca\/wp-json\/wp\/v2\/categories?post=156846"},{"taxonomy":"post_tag","embeddable":true,"href":"https:\/\/tucomarca.whitekongsoftware.com\/ca\/wp-json\/wp\/v2\/tags?post=156846"}],"curies":[{"name":"wp","href":"https:\/\/api.w.org\/{rel}","templated":true}]}}