{"id":156842,"date":"2022-05-11T14:00:00","date_gmt":"2022-05-11T12:00:00","guid":{"rendered":"http:\/\/www.tucomarca.com\/wordpress\/segunda\/?p=156842"},"modified":"2022-05-11T19:12:51","modified_gmt":"2022-05-11T17:12:51","slug":"aquest-dijous-arriba-al-seu-equador-el-festival-viure-de-cinema-de-bunyol-amb-una-altra-gran-pellicula-lamor-en-el-seu-lloc","status":"publish","type":"post","link":"https:\/\/tucomarca.whitekongsoftware.com\/ca\/aquest-dijous-arriba-al-seu-equador-el-festival-viure-de-cinema-de-bunyol-amb-una-altra-gran-pellicula-lamor-en-el-seu-lloc\/","title":{"rendered":"Aquest dijous arriba al seu equador el Festival Viure de Cinema de Bunyol amb una altra gran pel\u00b7l\u00edcula, \u201cL&#8217;amor en el seu lloc\u201d"},"content":{"rendered":"\n<h4 class=\"wp-block-heading\">Aquest dijous 12 de maig a les 20,00 h en el Teatre Montecarlo, dins d&#8217;aquest popular cicle, podr\u00e0 veure&#8217;s \u201cL&#8217;amor en el seu lloc\u201d<\/h4>\n\n\n\n<p class=\"wp-block-paragraph\">Aquesta pel\u00b7l\u00edcula que pot veure&#8217;s a Bunyol, per una entrada de 3\u20ac, va estar nominada als Premis Goya 2022 com a millor direcci\u00f3 de producci\u00f3 i vestuari. Est\u00e0 dirigida per Rodrigo Cort\u00e9s i protagonitzada per Clara Rugard.<\/p>\n\n\n\n<p class=\"wp-block-paragraph\"><strong>Sinopsi<\/strong><\/p>\n\n\n\n<p class=\"wp-block-paragraph\">Al gener de 1942 va haver-hi 400.000 jueus de tota Pol\u00f2nia, que porten m\u00e9s d&#8217;un any confinats pels nazis en un estret gueto a la meitat de la ciutat. Fora del mur, la vida segueix avant. Dins, els seus habitants lluiten per sobreviure. No obstant aix\u00f2 l&#8217;alt mur de rajoles no aconsegueix parar la creaci\u00f3 d&#8217;un grup d&#8217;actors jueus.<\/p>\n\n\n\n<p class=\"wp-block-paragraph\"><\/p>\n","protected":false},"excerpt":{"rendered":"<div class=\"mh-excerpt\">Aquest dijous 12 de maig a les 20,00 h en el Teatre Montecarlo, dins d&#8217;aquest popular cicle, podr\u00e0 veure&#8217;s \u201cL&#8217;amor en el seu lloc\u201d Aquesta pel\u00b7l\u00edcula que pot veure&#8217;s a Bunyol, per una entrada de <a class=\"mh-excerpt-more\" href=\"https:\/\/tucomarca.whitekongsoftware.com\/ca\/aquest-dijous-arriba-al-seu-equador-el-festival-viure-de-cinema-de-bunyol-amb-una-altra-gran-pellicula-lamor-en-el-seu-lloc\/\" title=\"Aquest dijous arriba al seu equador el Festival Viure de Cinema de Bunyol amb una altra gran pel\u00b7l\u00edcula, \u201cL&#8217;amor en el seu lloc\u201d\">[+] <\/a><\/div>\n","protected":false},"author":12,"featured_media":156840,"comment_status":"open","ping_status":"open","sticky":false,"template":"","format":"standard","meta":{"footnotes":""},"categories":[11019,10911,10894,10912,11007,10896],"tags":[10913,10914,16869],"class_list":["post-156842","post","type-post","status-publish","format-standard","has-post-thumbnail","category-agenda-ca","category-bunol-ca","category-la-comarca-ca","category-la-hoya-ca","category-ocio-y-cultura-ca","category-seccion-ca","tag-bunol-ca","tag-la-hoya-de-bunol-chiva-ca","tag-vivir-de-cine-2022-ca"],"_links":{"self":[{"href":"https:\/\/tucomarca.whitekongsoftware.com\/ca\/wp-json\/wp\/v2\/posts\/156842","targetHints":{"allow":["GET"]}}],"collection":[{"href":"https:\/\/tucomarca.whitekongsoftware.com\/ca\/wp-json\/wp\/v2\/posts"}],"about":[{"href":"https:\/\/tucomarca.whitekongsoftware.com\/ca\/wp-json\/wp\/v2\/types\/post"}],"author":[{"embeddable":true,"href":"https:\/\/tucomarca.whitekongsoftware.com\/ca\/wp-json\/wp\/v2\/users\/12"}],"replies":[{"embeddable":true,"href":"https:\/\/tucomarca.whitekongsoftware.com\/ca\/wp-json\/wp\/v2\/comments?post=156842"}],"version-history":[{"count":0,"href":"https:\/\/tucomarca.whitekongsoftware.com\/ca\/wp-json\/wp\/v2\/posts\/156842\/revisions"}],"wp:featuredmedia":[{"embeddable":true,"href":"https:\/\/tucomarca.whitekongsoftware.com\/ca\/wp-json\/wp\/v2\/media\/156840"}],"wp:attachment":[{"href":"https:\/\/tucomarca.whitekongsoftware.com\/ca\/wp-json\/wp\/v2\/media?parent=156842"}],"wp:term":[{"taxonomy":"category","embeddable":true,"href":"https:\/\/tucomarca.whitekongsoftware.com\/ca\/wp-json\/wp\/v2\/categories?post=156842"},{"taxonomy":"post_tag","embeddable":true,"href":"https:\/\/tucomarca.whitekongsoftware.com\/ca\/wp-json\/wp\/v2\/tags?post=156842"}],"curies":[{"name":"wp","href":"https:\/\/api.w.org\/{rel}","templated":true}]}}