{"id":156828,"date":"2022-05-11T10:00:00","date_gmt":"2022-05-11T08:00:00","guid":{"rendered":"http:\/\/www.tucomarca.com\/wordpress\/segunda\/?p=156828"},"modified":"2022-05-11T19:20:34","modified_gmt":"2022-05-11T17:20:34","slug":"lajuntament-dutiel-celebrara-el-proxim-13-de-maig-lacte-de-nomenament-com-a-cronista-oficial-del-municipi-a-sr-jose-luis-martinez-martinez","status":"publish","type":"post","link":"https:\/\/tucomarca.whitekongsoftware.com\/ca\/lajuntament-dutiel-celebrara-el-proxim-13-de-maig-lacte-de-nomenament-com-a-cronista-oficial-del-municipi-a-sr-jose-luis-martinez-martinez\/","title":{"rendered":"L&#8217;Ajuntament d&#8217;Utiel celebrar\u00e0 el pr\u00f2xim 13 de maig l&#8217;acte de nomenament com a cronista oficial del municipi a Sr. Jos\u00e9 Luis Mart\u00ednez Mart\u00ednez"},"content":{"rendered":"\n<h4 class=\"wp-block-heading\">A les 20.00 hores en el sal\u00f3 de plens de l&#8217;Ajuntament d&#8217;Utiel, tindr\u00e0 lloc l&#8217;acte p\u00fablic al qual assistiran diferents entitats culturals i socials, aix\u00ed com cronistes oficials d&#8217;altres municipis.<\/h4>\n\n\n\n<p class=\"wp-block-paragraph\">Divendres que ve, 13 de maig, a partir de les 20.00 hores, el sal\u00f3 de plens de l&#8217;Ajuntament d&#8217;Utiel acollir\u00e0 l&#8217;acte p\u00fablic de nomenament com a cronista oficial del municipi a Sr. Jos\u00e9 Luis Mart\u00ednez Mart\u00ednez, escriptor i investigador utielano.<\/p>\n\n\n\n<p class=\"wp-block-paragraph\">Ja el passat 31 de mar\u00e7 en sessi\u00f3 plen\u00e0ria, va ser aprovada per unanimitat la seua designaci\u00f3 amb aquest c\u00e0rrec honor\u00edfic tenint en compte l&#8217;\u00e0mplia contribuci\u00f3 i dedicaci\u00f3 a l&#8217;estudi de la hist\u00f2ria, cultura i tradicions del municipi. Una candidatura que pr\u00e8viament havia comptat amb l&#8217;aval d&#8217;un ampli nombre d&#8217;associacions utielanas que van voler adherir-se a aquest nomenament, la qual cosa posa de manifest l&#8217;estret vincle, col\u00b7laboraci\u00f3 i implicaci\u00f3 que l&#8217;estudi\u00f3s utielano mant\u00e9 amb les entitats del municipi.<\/p>\n\n\n\n<p class=\"wp-block-paragraph\">L&#8217;acte institucional amb el qual ja prendr\u00e0 possessi\u00f3 del c\u00e0rrec i es formalitzar\u00e0 l&#8217;inici de les funcions com a cronista oficial del municipi, tindr\u00e0 lloc en el sal\u00f3 de plens de l&#8217;Ajuntament d&#8217;Utiel divendres que ve, 13 de maig, a partir de les 20.00 hores.&nbsp;<\/p>\n\n\n\n<p class=\"wp-block-paragraph\">Una convocat\u00f2ria oberta a tota la ciutadania a la qual ja han confirmat assist\u00e8ncia nombrosos representants de diferents associacions de car\u00e0cter cultural i social, aix\u00ed com cronistes oficials de la comarca i d&#8217;altres zones.&nbsp;<\/p>\n\n\n\n<p class=\"wp-block-paragraph\">C\u00e0rrec de Cronista Oficial d&#8217;Utiel<\/p>\n\n\n\n<p class=\"wp-block-paragraph\">L&#8217;ampli curr\u00edculum de l&#8217;escriptor i investigador utielano, Sr. Jos\u00e9 Luis Mart\u00ednez Mart\u00ednez li acredita com a candidat idoni per a ocupar el c\u00e0rrec de cronista oficial, un t\u00edtol honor\u00edfic amb car\u00e0cter vitalici i gratu\u00eft.<\/p>\n\n\n\n<p class=\"wp-block-paragraph\">Diplomat en magisteri, va exercir la seua labor com a docent i va continuar amb la divulgaci\u00f3 de la cultura del municipi des de diferents vessants. L&#8217;escriptor compta amb una dilatada traject\u00f2ria en la realitzaci\u00f3 d&#8217;investigacions i publicacions relacionades amb la hist\u00f2ria i cultura utielana amb les quals ha nodrit de manera evident la bibliografia relacionada amb Utiel durant m\u00e9s de 40 anys.<\/p>\n\n\n\n<p class=\"wp-block-paragraph\"><\/p>\n","protected":false},"excerpt":{"rendered":"<div class=\"mh-excerpt\">A les 20.00 hores en el sal\u00f3 de plens de l&#8217;Ajuntament d&#8217;Utiel, tindr\u00e0 lloc l&#8217;acte p\u00fablic al qual assistiran diferents entitats culturals i socials, aix\u00ed com cronistes oficials d&#8217;altres municipis. Divendres que ve, 13 de <a class=\"mh-excerpt-more\" href=\"https:\/\/tucomarca.whitekongsoftware.com\/ca\/lajuntament-dutiel-celebrara-el-proxim-13-de-maig-lacte-de-nomenament-com-a-cronista-oficial-del-municipi-a-sr-jose-luis-martinez-martinez\/\" title=\"L&#8217;Ajuntament d&#8217;Utiel celebrar\u00e0 el pr\u00f2xim 13 de maig l&#8217;acte de nomenament com a cronista oficial del municipi a Sr. Jos\u00e9 Luis Mart\u00ednez Mart\u00ednez\">[+] <\/a><\/div>\n","protected":false},"author":12,"featured_media":156827,"comment_status":"open","ping_status":"open","sticky":false,"template":"","format":"standard","meta":{"footnotes":""},"categories":[10894,10909,10896,11059],"tags":[16761,10910,11174],"class_list":["post-156828","post","type-post","status-publish","format-standard","has-post-thumbnail","category-la-comarca-ca","category-requena-utiel-ca","category-seccion-ca","category-utiel-ca","tag-cronista-oficial-de-utiel-ca","tag-requena-utiel-ca","tag-utiel-ca"],"_links":{"self":[{"href":"https:\/\/tucomarca.whitekongsoftware.com\/ca\/wp-json\/wp\/v2\/posts\/156828","targetHints":{"allow":["GET"]}}],"collection":[{"href":"https:\/\/tucomarca.whitekongsoftware.com\/ca\/wp-json\/wp\/v2\/posts"}],"about":[{"href":"https:\/\/tucomarca.whitekongsoftware.com\/ca\/wp-json\/wp\/v2\/types\/post"}],"author":[{"embeddable":true,"href":"https:\/\/tucomarca.whitekongsoftware.com\/ca\/wp-json\/wp\/v2\/users\/12"}],"replies":[{"embeddable":true,"href":"https:\/\/tucomarca.whitekongsoftware.com\/ca\/wp-json\/wp\/v2\/comments?post=156828"}],"version-history":[{"count":0,"href":"https:\/\/tucomarca.whitekongsoftware.com\/ca\/wp-json\/wp\/v2\/posts\/156828\/revisions"}],"wp:featuredmedia":[{"embeddable":true,"href":"https:\/\/tucomarca.whitekongsoftware.com\/ca\/wp-json\/wp\/v2\/media\/156827"}],"wp:attachment":[{"href":"https:\/\/tucomarca.whitekongsoftware.com\/ca\/wp-json\/wp\/v2\/media?parent=156828"}],"wp:term":[{"taxonomy":"category","embeddable":true,"href":"https:\/\/tucomarca.whitekongsoftware.com\/ca\/wp-json\/wp\/v2\/categories?post=156828"},{"taxonomy":"post_tag","embeddable":true,"href":"https:\/\/tucomarca.whitekongsoftware.com\/ca\/wp-json\/wp\/v2\/tags?post=156828"}],"curies":[{"name":"wp","href":"https:\/\/api.w.org\/{rel}","templated":true}]}}