{"id":156731,"date":"2022-05-10T18:00:00","date_gmt":"2022-05-10T16:00:00","guid":{"rendered":"http:\/\/www.tucomarca.com\/wordpress\/segunda\/?p=156731"},"modified":"2022-05-10T19:42:17","modified_gmt":"2022-05-10T17:42:17","slug":"sanitat-notifica-9-defuncions-i-5-708-nous-casos-de-coronavirus-en-la-comunitat-valenciana-2-519-dells-en-majors-de-60-anys","status":"publish","type":"post","link":"https:\/\/tucomarca.whitekongsoftware.com\/ca\/sanitat-notifica-9-defuncions-i-5-708-nous-casos-de-coronavirus-en-la-comunitat-valenciana-2-519-dells-en-majors-de-60-anys\/","title":{"rendered":"Sanitat notifica 9 defuncions i 5.708 nous casos de coronavirus en la Comunitat Valenciana, 2.519 d&#8217;ells en majors de 60 anys"},"content":{"rendered":"\n<p class=\"wp-block-paragraph\"><strong>Els hospitals valencians tenen 693 persones ingressades amb COVID-19, 38 d&#8217;elles en l&#8217;UCI<\/strong><\/p>\n\n\n\n<p class=\"wp-block-paragraph\">La Conselleria de Sanitat Universal i Salut P\u00fablica ha notificat un total de 5.708 nous casos de coronavirus confirmats per prova *PCR o a trav\u00e9s de test d&#8217;ant\u00edgens des de l&#8217;\u00faltima actualitzaci\u00f3. Els nous casos per prov\u00edncies s\u00f3n 770 en la de Castell\u00f3 (172.357 en total), 2.048 en la d&#8217;Alacant (483.711 en total) i 2.889 en la de Val\u00e8ncia (752.175 en total); a m\u00e9s d&#8217;1 cas sense assignar.<\/p>\n\n\n\n<p class=\"wp-block-paragraph\">D&#8217;ells, 2.519 s\u00f3n de persones majors de 60 anys. Per prov\u00edncies: 411 es registren en la de Castell\u00f3, 915 en la d&#8217;Alacant i 1.193 en la de Val\u00e8ncia.<\/p>\n\n\n\n<p class=\"wp-block-paragraph\">Els hospitals valencians tenen actualment 693 persones ingressades amb COVID-19, 38 d&#8217;elles en l&#8217;UCI: 116 a la prov\u00edncia de Castell\u00f3, 6 en UCI; 230 a la prov\u00edncia d&#8217;Alacant, 14 d&#8217;elles en l&#8217;UCI; i 347 a la prov\u00edncia de Val\u00e8ncia, 18 en UCI.<\/p>\n\n\n\n<p class=\"wp-block-paragraph\">S&#8217;han notificat 9 defuncions per coronavirus des de l&#8217;\u00faltima actualitzaci\u00f3, tots ells dels \u00faltims 7 dies. Es tracta de 4 dones, d&#8217;entre 73 i 96 anys, i 5 homes, de 61 a 96 anys. El total de decessos per coronavirus des de l&#8217;inici de la pand\u00e8mia ascendeix a 9.315: 1.089 a la prov\u00edncia de Castell\u00f3, 3.533 en la d&#8217;Alacant i 4.693 en la de Val\u00e8ncia.<\/p>\n","protected":false},"excerpt":{"rendered":"<div class=\"mh-excerpt\">Els hospitals valencians tenen 693 persones ingressades amb COVID-19, 38 d&#8217;elles en l&#8217;UCI La Conselleria de Sanitat Universal i Salut P\u00fablica ha notificat un total de 5.708 nous casos de coronavirus confirmats per prova *PCR <a class=\"mh-excerpt-more\" href=\"https:\/\/tucomarca.whitekongsoftware.com\/ca\/sanitat-notifica-9-defuncions-i-5-708-nous-casos-de-coronavirus-en-la-comunitat-valenciana-2-519-dells-en-majors-de-60-anys\/\" title=\"Sanitat notifica 9 defuncions i 5.708 nous casos de coronavirus en la Comunitat Valenciana, 2.519 d&#8217;ells en majors de 60 anys\">[+] <\/a><\/div>\n","protected":false},"author":1,"featured_media":150222,"comment_status":"open","ping_status":"open","sticky":false,"template":"","format":"standard","meta":{"footnotes":""},"categories":[11010,12202,10898,10948,10894,10904,10903,10947,10896,10897],"tags":[11939,11940,11199,16215,13963,13932],"class_list":["post-156731","post","type-post","status-publish","format-standard","has-post-thumbnail","category-canal-salud","category-covid-19-ca","category-ventana-ca","category-infraestructuras-ca","category-la-comarca-ca","category-sin-categorizar-ca","category-medio-ambiente-la-comarca-ca","category-politica","category-seccion-ca","category-sucesos-la-comarca-ca","tag-coronavirus-ca","tag-covid-19-ca","tag-la-comunitat-ca","tag-sexta-ola-ca","tag-vacunacion-ca","tag-vacunas-ca"],"_links":{"self":[{"href":"https:\/\/tucomarca.whitekongsoftware.com\/ca\/wp-json\/wp\/v2\/posts\/156731","targetHints":{"allow":["GET"]}}],"collection":[{"href":"https:\/\/tucomarca.whitekongsoftware.com\/ca\/wp-json\/wp\/v2\/posts"}],"about":[{"href":"https:\/\/tucomarca.whitekongsoftware.com\/ca\/wp-json\/wp\/v2\/types\/post"}],"author":[{"embeddable":true,"href":"https:\/\/tucomarca.whitekongsoftware.com\/ca\/wp-json\/wp\/v2\/users\/1"}],"replies":[{"embeddable":true,"href":"https:\/\/tucomarca.whitekongsoftware.com\/ca\/wp-json\/wp\/v2\/comments?post=156731"}],"version-history":[{"count":0,"href":"https:\/\/tucomarca.whitekongsoftware.com\/ca\/wp-json\/wp\/v2\/posts\/156731\/revisions"}],"wp:featuredmedia":[{"embeddable":true,"href":"https:\/\/tucomarca.whitekongsoftware.com\/ca\/wp-json\/wp\/v2\/media\/150222"}],"wp:attachment":[{"href":"https:\/\/tucomarca.whitekongsoftware.com\/ca\/wp-json\/wp\/v2\/media?parent=156731"}],"wp:term":[{"taxonomy":"category","embeddable":true,"href":"https:\/\/tucomarca.whitekongsoftware.com\/ca\/wp-json\/wp\/v2\/categories?post=156731"},{"taxonomy":"post_tag","embeddable":true,"href":"https:\/\/tucomarca.whitekongsoftware.com\/ca\/wp-json\/wp\/v2\/tags?post=156731"}],"curies":[{"name":"wp","href":"https:\/\/api.w.org\/{rel}","templated":true}]}}