{"id":156517,"date":"2022-05-09T13:00:00","date_gmt":"2022-05-09T11:00:00","guid":{"rendered":"http:\/\/www.tucomarca.com\/wordpress\/segunda\/?p=156517"},"modified":"2022-05-09T13:15:38","modified_gmt":"2022-05-09T11:15:38","slug":"xelva-prepara-la-primera-edicio-de-quesalia-la-seua-fira-del-formatge-i-maridatge","status":"publish","type":"post","link":"https:\/\/tucomarca.whitekongsoftware.com\/ca\/xelva-prepara-la-primera-edicio-de-quesalia-la-seua-fira-del-formatge-i-maridatge\/","title":{"rendered":"Xelva prepara la primera edici\u00f3 de Quesalia, la seua Fira del Formatge i Maridatge"},"content":{"rendered":"\n<p class=\"wp-block-paragraph\">El municipi de Xelva acollir\u00e0 els pr\u00f2xims dies 21 i 22 de maig la primera edici\u00f3 de QUESALIA, Fira del formatge i maridatge, organitzada per l&#8217;Ajuntament de la localitat.<\/p>\n\n\n\n<p class=\"wp-block-paragraph\">Es tracta d&#8217;una mostra de formatgeries de diverses comunitats i cellers de vi, fleques, mel i oli de producci\u00f3 ecol\u00f2gica local.<\/p>\n\n\n\n<p class=\"wp-block-paragraph\">La fira s&#8217;instal\u00b7lar\u00e0 en la Pla\u00e7a Major del municipi, centre neur\u00e0lgic del Conjunt hist\u00f2ric, declarat de B\u00e9 d&#8217;Inter\u00e9s Cultural. amb un horari d&#8217;obertura de la fira que ser\u00e0 des de les 11,00 a les 21,00 durant els dos dies.<\/p>\n\n\n\n<p class=\"wp-block-paragraph\">&#8220;L&#8217;esdeveniment comptar\u00e0 tamb\u00e9 amb altres activitats programades per a fer de Xelva un dest\u00ed ineludible aqueix cap de setmana tant per a p\u00fablic familiar com per a curiosos de la bona gastronomia: concerts de m\u00fasica en directe, activitats did\u00e0ctiques-culturals, concursos, tallers infantils, ludoteca infantil gratu\u00efta, entre altres&#8221;, tal com han informat fonts de l&#8217;organitzaci\u00f3.<\/p>\n\n\n\n<figure class=\"wp-block-image size-large\"><img loading=\"lazy\" decoding=\"async\" width=\"516\" height=\"1024\" src=\"http:\/\/www.tucomarca.com\/wordpress\/segunda\/wp-content\/uploads\/2022\/05\/Quesalia-516x1024.jpg\" alt=\"\" class=\"wp-image-156514\" srcset=\"https:\/\/tucomarca.whitekongsoftware.com\/wp-content\/uploads\/2022\/05\/Quesalia-516x1024.jpg 516w, https:\/\/tucomarca.whitekongsoftware.com\/wp-content\/uploads\/2022\/05\/Quesalia-151x300.jpg 151w, https:\/\/tucomarca.whitekongsoftware.com\/wp-content\/uploads\/2022\/05\/Quesalia-768x1524.jpg 768w, https:\/\/tucomarca.whitekongsoftware.com\/wp-content\/uploads\/2022\/05\/Quesalia-774x1536.jpg 774w, https:\/\/tucomarca.whitekongsoftware.com\/wp-content\/uploads\/2022\/05\/Quesalia-1032x2048.jpg 1032w, https:\/\/tucomarca.whitekongsoftware.com\/wp-content\/uploads\/2022\/05\/Quesalia-scaled.jpg 1290w\" sizes=\"auto, (max-width: 516px) 100vw, 516px\" \/><\/figure>\n","protected":false},"excerpt":{"rendered":"<div class=\"mh-excerpt\">El municipi de Xelva acollir\u00e0 els pr\u00f2xims dies 21 i 22 de maig la primera edici\u00f3 de QUESALIA, Fira del formatge i maridatge, organitzada per l&#8217;Ajuntament de la localitat. Es tracta d&#8217;una mostra de formatgeries <a class=\"mh-excerpt-more\" href=\"https:\/\/tucomarca.whitekongsoftware.com\/ca\/xelva-prepara-la-primera-edicio-de-quesalia-la-seua-fira-del-formatge-i-maridatge\/\" title=\"Xelva prepara la primera edici\u00f3 de Quesalia, la seua Fira del Formatge i Maridatge\">[+] <\/a><\/div>\n","protected":false},"author":1,"featured_media":156515,"comment_status":"open","ping_status":"open","sticky":false,"template":"","format":"standard","meta":{"footnotes":""},"categories":[11019,11039,11046,10948,10894,11007,10896],"tags":[11928,11080],"class_list":["post-156517","post","type-post","status-publish","format-standard","has-post-thumbnail","category-agenda-ca","category-chelva-ca","category-los-serranos-ca","category-infraestructuras-ca","category-la-comarca-ca","category-ocio-y-cultura-ca","category-seccion-ca","tag-la-serrania-ca","tag-los-serranos-ca"],"_links":{"self":[{"href":"https:\/\/tucomarca.whitekongsoftware.com\/ca\/wp-json\/wp\/v2\/posts\/156517","targetHints":{"allow":["GET"]}}],"collection":[{"href":"https:\/\/tucomarca.whitekongsoftware.com\/ca\/wp-json\/wp\/v2\/posts"}],"about":[{"href":"https:\/\/tucomarca.whitekongsoftware.com\/ca\/wp-json\/wp\/v2\/types\/post"}],"author":[{"embeddable":true,"href":"https:\/\/tucomarca.whitekongsoftware.com\/ca\/wp-json\/wp\/v2\/users\/1"}],"replies":[{"embeddable":true,"href":"https:\/\/tucomarca.whitekongsoftware.com\/ca\/wp-json\/wp\/v2\/comments?post=156517"}],"version-history":[{"count":0,"href":"https:\/\/tucomarca.whitekongsoftware.com\/ca\/wp-json\/wp\/v2\/posts\/156517\/revisions"}],"wp:featuredmedia":[{"embeddable":true,"href":"https:\/\/tucomarca.whitekongsoftware.com\/ca\/wp-json\/wp\/v2\/media\/156515"}],"wp:attachment":[{"href":"https:\/\/tucomarca.whitekongsoftware.com\/ca\/wp-json\/wp\/v2\/media?parent=156517"}],"wp:term":[{"taxonomy":"category","embeddable":true,"href":"https:\/\/tucomarca.whitekongsoftware.com\/ca\/wp-json\/wp\/v2\/categories?post=156517"},{"taxonomy":"post_tag","embeddable":true,"href":"https:\/\/tucomarca.whitekongsoftware.com\/ca\/wp-json\/wp\/v2\/tags?post=156517"}],"curies":[{"name":"wp","href":"https:\/\/api.w.org\/{rel}","templated":true}]}}