{"id":156488,"date":"2022-05-08T13:00:00","date_gmt":"2022-05-08T11:00:00","guid":{"rendered":"http:\/\/www.tucomarca.com\/wordpress\/segunda\/?p=156488"},"modified":"2022-05-09T12:03:04","modified_gmt":"2022-05-09T10:03:04","slug":"turis-elegeix-als-presidents-de-les-seues-cinc-comissions-falleres","status":"publish","type":"post","link":"https:\/\/tucomarca.whitekongsoftware.com\/ca\/turis-elegeix-als-presidents-de-les-seues-cinc-comissions-falleres\/","title":{"rendered":"Tur\u00eds elegeix als presidents de les seues cinc comissions falleres"},"content":{"rendered":"\n<p class=\"wp-block-paragraph\">Les cinc comissions falleres de Tur\u00eds ja han triat els seus presidents una vegada s\u2019han celebrat les respectives juntes generals. Aix\u00ed, en Els Barris continua Iv\u00e1n Torres Pic\u00f3 i en Pla\u00e7a del Mercat segueix Jose Garc\u00eda Guaita i s\u2019incorpora Mois\u00e9s Renovell Cervera. AVicente Beltr\u00e1n Mas s\u2019uneix V\u00edctor Monerto Iranzo en Placeta del Marqu\u00e9s, i Jos\u00e9 Segura Lladr\u00f3 continua en&nbsp; Avda. Corts Valencianes al igual que V\u00edctor Mart\u00ednez Sancho, Mero Segura Piles i Rafa Oribe Escoto ho fan a L\u2019Antiga Fontanella.<\/p>\n\n\n\n<figure class=\"wp-block-gallery columns-2 is-cropped wp-block-gallery-1 is-layout-flex wp-block-gallery-is-layout-flex\"><ul class=\"blocks-gallery-grid\"><li class=\"blocks-gallery-item\"><figure><img loading=\"lazy\" decoding=\"async\" width=\"1024\" height=\"822\" src=\"http:\/\/www.tucomarca.com\/wordpress\/segunda\/wp-content\/uploads\/2022\/05\/Corts-1024x822.jpg\" alt=\"\" data-id=\"156481\" data-full-url=\"http:\/\/www.tucomarca.com\/wordpress\/segunda\/wp-content\/uploads\/2022\/05\/Corts.jpg\" data-link=\"http:\/\/www.tucomarca.com\/wordpress\/segunda\/?attachment_id=156481\" class=\"wp-image-156481\" srcset=\"https:\/\/tucomarca.whitekongsoftware.com\/wp-content\/uploads\/2022\/05\/Corts-1024x822.jpg 1024w, https:\/\/tucomarca.whitekongsoftware.com\/wp-content\/uploads\/2022\/05\/Corts-300x241.jpg 300w, https:\/\/tucomarca.whitekongsoftware.com\/wp-content\/uploads\/2022\/05\/Corts-768x616.jpg 768w, https:\/\/tucomarca.whitekongsoftware.com\/wp-content\/uploads\/2022\/05\/Corts.jpg 1179w\" sizes=\"auto, (max-width: 1024px) 100vw, 1024px\" \/><\/figure><\/li><li class=\"blocks-gallery-item\"><figure><img loading=\"lazy\" decoding=\"async\" width=\"839\" height=\"1024\" src=\"http:\/\/www.tucomarca.com\/wordpress\/segunda\/wp-content\/uploads\/2022\/05\/barris-839x1024.jpg\" alt=\"\" data-id=\"156479\" data-full-url=\"http:\/\/www.tucomarca.com\/wordpress\/segunda\/wp-content\/uploads\/2022\/05\/barris.jpg\" data-link=\"http:\/\/www.tucomarca.com\/wordpress\/segunda\/?attachment_id=156479\" class=\"wp-image-156479\" srcset=\"https:\/\/tucomarca.whitekongsoftware.com\/wp-content\/uploads\/2022\/05\/barris-839x1024.jpg 839w, https:\/\/tucomarca.whitekongsoftware.com\/wp-content\/uploads\/2022\/05\/barris-246x300.jpg 246w, https:\/\/tucomarca.whitekongsoftware.com\/wp-content\/uploads\/2022\/05\/barris-768x938.jpg 768w, https:\/\/tucomarca.whitekongsoftware.com\/wp-content\/uploads\/2022\/05\/barris.jpg 982w\" sizes=\"auto, (max-width: 839px) 100vw, 839px\" \/><\/figure><\/li><li class=\"blocks-gallery-item\"><figure><img loading=\"lazy\" decoding=\"async\" width=\"1024\" height=\"1024\" src=\"http:\/\/www.tucomarca.com\/wordpress\/segunda\/wp-content\/uploads\/2022\/05\/marques-1024x1024.jpg\" alt=\"\" data-id=\"156483\" data-full-url=\"http:\/\/www.tucomarca.com\/wordpress\/segunda\/wp-content\/uploads\/2022\/05\/marques.jpg\" data-link=\"http:\/\/www.tucomarca.com\/wordpress\/segunda\/?attachment_id=156483\" class=\"wp-image-156483\" srcset=\"https:\/\/tucomarca.whitekongsoftware.com\/wp-content\/uploads\/2022\/05\/marques.jpg 1024w, https:\/\/tucomarca.whitekongsoftware.com\/wp-content\/uploads\/2022\/05\/marques-300x300.jpg 300w, https:\/\/tucomarca.whitekongsoftware.com\/wp-content\/uploads\/2022\/05\/marques-290x290.jpg 290w, https:\/\/tucomarca.whitekongsoftware.com\/wp-content\/uploads\/2022\/05\/marques-768x768.jpg 768w\" sizes=\"auto, (max-width: 1024px) 100vw, 1024px\" \/><\/figure><\/li><li class=\"blocks-gallery-item\"><figure><img loading=\"lazy\" decoding=\"async\" width=\"913\" height=\"960\" src=\"http:\/\/www.tucomarca.com\/wordpress\/segunda\/wp-content\/uploads\/2022\/05\/mercat.jpg\" alt=\"\" data-id=\"156485\" data-full-url=\"http:\/\/www.tucomarca.com\/wordpress\/segunda\/wp-content\/uploads\/2022\/05\/mercat.jpg\" data-link=\"http:\/\/www.tucomarca.com\/wordpress\/segunda\/?attachment_id=156485\" class=\"wp-image-156485\" srcset=\"https:\/\/tucomarca.whitekongsoftware.com\/wp-content\/uploads\/2022\/05\/mercat.jpg 913w, https:\/\/tucomarca.whitekongsoftware.com\/wp-content\/uploads\/2022\/05\/mercat-285x300.jpg 285w, https:\/\/tucomarca.whitekongsoftware.com\/wp-content\/uploads\/2022\/05\/mercat-768x808.jpg 768w\" sizes=\"auto, (max-width: 913px) 100vw, 913px\" \/><\/figure><\/li><\/ul><\/figure>\n","protected":false},"excerpt":{"rendered":"<div class=\"mh-excerpt\">Les cinc comissions falleres de Tur\u00eds ja han triat els seus presidents una vegada s\u2019han celebrat les respectives juntes generals. Aix\u00ed, en Els Barris continua Iv\u00e1n Torres Pic\u00f3 i en Pla\u00e7a del Mercat segueix Jose <a class=\"mh-excerpt-more\" href=\"https:\/\/tucomarca.whitekongsoftware.com\/ca\/turis-elegeix-als-presidents-de-les-seues-cinc-comissions-falleres\/\" title=\"Tur\u00eds elegeix als presidents de les seues cinc comissions falleres\">[+] <\/a><\/div>\n","protected":false},"author":12,"featured_media":156478,"comment_status":"open","ping_status":"open","sticky":false,"template":"","format":"gallery","meta":{"footnotes":""},"categories":[10894,10902,11007,10896,11047],"tags":[14839,11866,14840,12224,14841,11356,11093],"class_list":["post-156488","post","type-post","status-publish","format-gallery","has-post-thumbnail","category-la-comarca-ca","category-la-ribera-ca","category-ocio-y-cultura-ca","category-seccion-ca","category-turis-ca","tag-falla-avinguda-corts-valencianes-ca","tag-falla-el-barris-ca","tag-falla-lantiga-fontanella-ca","tag-falla-placa-del-mercat-ca","tag-falla-placeta-del-marques-ca","tag-ribera-alta-ca","tag-turis-ca","post_format-post-format-gallery"],"_links":{"self":[{"href":"https:\/\/tucomarca.whitekongsoftware.com\/ca\/wp-json\/wp\/v2\/posts\/156488","targetHints":{"allow":["GET"]}}],"collection":[{"href":"https:\/\/tucomarca.whitekongsoftware.com\/ca\/wp-json\/wp\/v2\/posts"}],"about":[{"href":"https:\/\/tucomarca.whitekongsoftware.com\/ca\/wp-json\/wp\/v2\/types\/post"}],"author":[{"embeddable":true,"href":"https:\/\/tucomarca.whitekongsoftware.com\/ca\/wp-json\/wp\/v2\/users\/12"}],"replies":[{"embeddable":true,"href":"https:\/\/tucomarca.whitekongsoftware.com\/ca\/wp-json\/wp\/v2\/comments?post=156488"}],"version-history":[{"count":0,"href":"https:\/\/tucomarca.whitekongsoftware.com\/ca\/wp-json\/wp\/v2\/posts\/156488\/revisions"}],"wp:featuredmedia":[{"embeddable":true,"href":"https:\/\/tucomarca.whitekongsoftware.com\/ca\/wp-json\/wp\/v2\/media\/156478"}],"wp:attachment":[{"href":"https:\/\/tucomarca.whitekongsoftware.com\/ca\/wp-json\/wp\/v2\/media?parent=156488"}],"wp:term":[{"taxonomy":"category","embeddable":true,"href":"https:\/\/tucomarca.whitekongsoftware.com\/ca\/wp-json\/wp\/v2\/categories?post=156488"},{"taxonomy":"post_tag","embeddable":true,"href":"https:\/\/tucomarca.whitekongsoftware.com\/ca\/wp-json\/wp\/v2\/tags?post=156488"}],"curies":[{"name":"wp","href":"https:\/\/api.w.org\/{rel}","templated":true}]}}