{"id":156451,"date":"2022-05-07T10:00:00","date_gmt":"2022-05-07T08:00:00","guid":{"rendered":"http:\/\/www.tucomarca.com\/wordpress\/segunda\/?p=156451"},"modified":"2022-05-09T11:18:56","modified_gmt":"2022-05-09T09:18:56","slug":"lassemblea-de-collaboradors-de-la-radio-municipal-de-bunyol-comenca-la-seua-marxa-el-dilluns-9-de-maig","status":"publish","type":"post","link":"https:\/\/tucomarca.whitekongsoftware.com\/ca\/lassemblea-de-collaboradors-de-la-radio-municipal-de-bunyol-comenca-la-seua-marxa-el-dilluns-9-de-maig\/","title":{"rendered":"L&#8217;Assemblea de Col\u00b7laboradors de la r\u00e0dio municipal de Bunyol comen\u00e7a la seua marxa el dilluns 9 de maig"},"content":{"rendered":"\n<p class=\"wp-block-paragraph\">Aquesta assemblea \u00e9s una iniciativa pionera, que es va llan\u00e7ar en l&#8217;anterior consell de la r\u00e0dio, i que ja \u00e9s una realitat. S&#8217;organitza dos dies abans de la realitzaci\u00f3 del Consell de Radiodifusi\u00f3 amb l&#8217;objectiu d&#8217;acostar als col\u00b7laboradors, encara m\u00e9s, aquesta r\u00e0dio municipal en la presa de decisions futures.&nbsp;<\/p>\n\n\n\n<p class=\"wp-block-paragraph\">L&#8217;Assemblea de Col\u00b7laboradors de R\u00e0dio Bunyol TV es posa en marxa dos dies abans de la celebraci\u00f3 del pr\u00f2xim Consell de Radiodifusi\u00f3. Ac\u00ed es debatr\u00e0 l&#8217;ordre del dia del consell entre els col\u00b7laboradors d&#8217;aquesta emissora municipal que desitgen assistir, perqu\u00e8 per mitj\u00e0 del seu representant, Crist\u00f3bal Haro, les propostes, idees i anhels que transmeten els col\u00b7laboradors en aqueixa assemblea siguen traslladats al consell per al seu estudi. D&#8217;aquesta manera des de la Regidoria de Mitjans de comunicaci\u00f3 s&#8217;intenta democratitzar les decisions que es prenen en el dia a dia del mitj\u00e0 p\u00fablic local i que tots els que fan possible R\u00e0dio Bunyol se senten m\u00e9s involucrats, si cap, en el projecte.<\/p>\n\n\n\n<p class=\"wp-block-paragraph\">Dimecres que ve 11 de maig tindr\u00e0 lloc en les instal\u00b7lacions de R\u00e0dio Bunyol TV el pr\u00f2xim Consell Sectorial de Radiodifusi\u00f3 a les 18h. Com en tots els consells seran presents el Regidor de Mitjans de comunicaci\u00f3 de Bunyol, Manuel Sierra, representants dels partits pol\u00edtics amb representaci\u00f3 en el plenari de l&#8217;Ajuntament, el representant dels col\u00b7laboradors, Crist\u00f3bal Haro, i els tres treballadors d&#8217;aquesta r\u00e0dio municipal, Rodrigo Puch\u00e9, Ra\u00fal Mart\u00ednez i Pilar Criado.&nbsp;<\/p>\n\n\n\n<p class=\"wp-block-paragraph\">Primerament, despr\u00e9s de la lectura i aprovaci\u00f3 de l&#8217;acta de la sessi\u00f3 anterior, passar\u00e0 a comentar-se les propostes dels partits que participaran en els documentals sobre les primeres eleccions democr\u00e0tiques i el del 35 aniversari de la construcci\u00f3 de l&#8217;Auditori Municipal de Sant Llu\u00eds. Seguidament es far\u00e0 un balan\u00e7 de tots els programes realitzats en aquesta temporada tant en la r\u00e0dio com en la tele, les previsions per a la temporada d&#8217;estiu i els suggeriments per a la de 2022-2023.&nbsp;<\/p>\n\n\n\n<p class=\"wp-block-paragraph\">En l&#8217;anterior consell IU va proposar modificar el programa Pregunta-li el regidor amb la intenci\u00f3 de comptar amb m\u00e9s minuts els partits pol\u00edtics. Es debatr\u00e0 ara per la resta de partits presents amb possibles suggeriments.&nbsp;<br>R\u00e0dio Bunyol TV ha comen\u00e7at l&#8217;any amb nombroses modificacions t\u00e8cniques. En el consell es mostrar\u00e0 la seua nova taula de so i s&#8217;explicar\u00e0 la seua nova web i el nou contracte de streaming, m\u00e9s complet i de major qualitat, sense oblidar la compra de rollers que magnifiquen el plat\u00f3 de televisi\u00f3 i que acompanyen als t\u00e8cnics i periodista en les seues eixides per a cobrir esdeveniments d&#8217;exterior com a fires, actes pol\u00edtics o culturals.&nbsp;<br>A causa de la proximitat amb l&#8217;estiu tamb\u00e9 s&#8217;informar\u00e0 dels possibles becaris amb els quals comptar\u00e0 Radi Bunyol per a aquest estiu, procedents de la Universitat de Val\u00e8ncia; es recordar\u00e0 l&#8217;horari d&#8217;estiu i s&#8217;atendran precs i preguntes dels assistents.<\/p>\n\n\n\n<p class=\"wp-block-paragraph\"><\/p>\n","protected":false},"excerpt":{"rendered":"<div class=\"mh-excerpt\">Aquesta assemblea \u00e9s una iniciativa pionera, que es va llan\u00e7ar en l&#8217;anterior consell de la r\u00e0dio, i que ja \u00e9s una realitat. S&#8217;organitza dos dies abans de la realitzaci\u00f3 del Consell de Radiodifusi\u00f3 amb l&#8217;objectiu <a class=\"mh-excerpt-more\" href=\"https:\/\/tucomarca.whitekongsoftware.com\/ca\/lassemblea-de-collaboradors-de-la-radio-municipal-de-bunyol-comenca-la-seua-marxa-el-dilluns-9-de-maig\/\" title=\"L&#8217;Assemblea de Col\u00b7laboradors de la r\u00e0dio municipal de Bunyol comen\u00e7a la seua marxa el dilluns 9 de maig\">[+] <\/a><\/div>\n","protected":false},"author":12,"featured_media":132576,"comment_status":"open","ping_status":"open","sticky":false,"template":"","format":"standard","meta":{"footnotes":""},"categories":[10911,10894,10912,10947,10896],"tags":[17058,10913,10914,12139],"class_list":["post-156451","post","type-post","status-publish","format-standard","has-post-thumbnail","category-bunol-ca","category-la-comarca-ca","category-la-hoya-ca","category-politica","category-seccion-ca","tag-asamblea-de-colaboradores-ca","tag-bunol-ca","tag-la-hoya-de-bunol-chiva-ca","tag-radio-bunol-tv-ca"],"_links":{"self":[{"href":"https:\/\/tucomarca.whitekongsoftware.com\/ca\/wp-json\/wp\/v2\/posts\/156451","targetHints":{"allow":["GET"]}}],"collection":[{"href":"https:\/\/tucomarca.whitekongsoftware.com\/ca\/wp-json\/wp\/v2\/posts"}],"about":[{"href":"https:\/\/tucomarca.whitekongsoftware.com\/ca\/wp-json\/wp\/v2\/types\/post"}],"author":[{"embeddable":true,"href":"https:\/\/tucomarca.whitekongsoftware.com\/ca\/wp-json\/wp\/v2\/users\/12"}],"replies":[{"embeddable":true,"href":"https:\/\/tucomarca.whitekongsoftware.com\/ca\/wp-json\/wp\/v2\/comments?post=156451"}],"version-history":[{"count":0,"href":"https:\/\/tucomarca.whitekongsoftware.com\/ca\/wp-json\/wp\/v2\/posts\/156451\/revisions"}],"wp:featuredmedia":[{"embeddable":true,"href":"https:\/\/tucomarca.whitekongsoftware.com\/ca\/wp-json\/wp\/v2\/media\/132576"}],"wp:attachment":[{"href":"https:\/\/tucomarca.whitekongsoftware.com\/ca\/wp-json\/wp\/v2\/media?parent=156451"}],"wp:term":[{"taxonomy":"category","embeddable":true,"href":"https:\/\/tucomarca.whitekongsoftware.com\/ca\/wp-json\/wp\/v2\/categories?post=156451"},{"taxonomy":"post_tag","embeddable":true,"href":"https:\/\/tucomarca.whitekongsoftware.com\/ca\/wp-json\/wp\/v2\/tags?post=156451"}],"curies":[{"name":"wp","href":"https:\/\/api.w.org\/{rel}","templated":true}]}}