{"id":156416,"date":"2022-05-06T10:00:00","date_gmt":"2022-05-06T08:00:00","guid":{"rendered":"http:\/\/www.tucomarca.com\/wordpress\/segunda\/?p=156416"},"modified":"2022-05-06T14:11:43","modified_gmt":"2022-05-06T12:11:43","slug":"el-partit-popular-de-requena-utiel-sera-present-en-la-concentracio-contra-el-tancament-de-la-linia-utiel-tarancon","status":"publish","type":"post","link":"https:\/\/tucomarca.whitekongsoftware.com\/ca\/el-partit-popular-de-requena-utiel-sera-present-en-la-concentracio-contra-el-tancament-de-la-linia-utiel-tarancon\/","title":{"rendered":"El Partit Popular de Requena-Utiel ser\u00e0 present en la concentraci\u00f3 contra el tancament de la l\u00ednia Utiel &#8211; Taranc\u00f3n"},"content":{"rendered":"\n<p class=\"wp-block-paragraph\"><strong>Tindr\u00e0 lloc en l&#8217;estaci\u00f3 d&#8217;Utiel hui divendres a les 17.30 hores<\/strong><\/p>\n\n\n\n<p class=\"wp-block-paragraph\">El Partit Popular comarcal ha anunciat que ser\u00e0 present en la concentraci\u00f3 que tindr\u00e0 lloc a Utiel en suport a la l\u00ednia Utiel &#8211; Taranc\u00f3n.<br>El tancament de les l\u00ednies &#8220;que estan realitzant els governs d&#8217;esquerres, no sols afecta a les estacions de Camporrobles i Les Cuevas d&#8217;Utiel, sin\u00f3 a tota la comarca que veu com la resta d&#8217;estacions tamb\u00e9 tenen menys possibilitats&#8221; manifesten els populars.<br>Dimecres passat el ministeri el comunicava als ajuntaments afectats i els donava 30 dies per a contestar, per la qual cosa des del Partit Popular de la comarca es va demanar als ajuntaments afectats de la comarca que realitzaren al\u00b7legacions.<br>&#8220;Desitgem que els governs de la nostra comarca estiguen a l&#8217;altura de les circumst\u00e0ncies, ja que encara lamentem quan els partits d&#8217;esquerres en Les Corts Valencianes van rebutjar les mesures que presentava recentment el Partit Popular per a la recuperaci\u00f3 de la l\u00ednia Madrid Cuenca Val\u00e8ncia&#8221; conclouen des de la formaci\u00f3 pol\u00edtica. Informa, <strong>Luis Ib\u00e1\u00f1ez<\/strong>.<\/p>\n","protected":false},"excerpt":{"rendered":"<div class=\"mh-excerpt\">Tindr\u00e0 lloc en l&#8217;estaci\u00f3 d&#8217;Utiel hui divendres a les 17.30 hores El Partit Popular comarcal ha anunciat que ser\u00e0 present en la concentraci\u00f3 que tindr\u00e0 lloc a Utiel en suport a la l\u00ednia Utiel &#8211; <a class=\"mh-excerpt-more\" href=\"https:\/\/tucomarca.whitekongsoftware.com\/ca\/el-partit-popular-de-requena-utiel-sera-present-en-la-concentracio-contra-el-tancament-de-la-linia-utiel-tarancon\/\" title=\"El Partit Popular de Requena-Utiel ser\u00e0 present en la concentraci\u00f3 contra el tancament de la l\u00ednia Utiel &#8211; Taranc\u00f3n\">[+] <\/a><\/div>\n","protected":false},"author":1,"featured_media":96689,"comment_status":"open","ping_status":"open","sticky":false,"template":"","format":"standard","meta":{"footnotes":""},"categories":[10904,10908,10909,10896,11059],"tags":[11978,11344,16794,10910],"class_list":["post-156416","post","type-post","status-publish","format-standard","has-post-thumbnail","category-sin-categorizar-ca","category-requena-ca","category-requena-utiel-ca","category-seccion-ca","category-utiel-ca","tag-partido-popular-ca","tag-pp-ca","tag-pp-de-requena-utiel-ca","tag-requena-utiel-ca"],"_links":{"self":[{"href":"https:\/\/tucomarca.whitekongsoftware.com\/ca\/wp-json\/wp\/v2\/posts\/156416","targetHints":{"allow":["GET"]}}],"collection":[{"href":"https:\/\/tucomarca.whitekongsoftware.com\/ca\/wp-json\/wp\/v2\/posts"}],"about":[{"href":"https:\/\/tucomarca.whitekongsoftware.com\/ca\/wp-json\/wp\/v2\/types\/post"}],"author":[{"embeddable":true,"href":"https:\/\/tucomarca.whitekongsoftware.com\/ca\/wp-json\/wp\/v2\/users\/1"}],"replies":[{"embeddable":true,"href":"https:\/\/tucomarca.whitekongsoftware.com\/ca\/wp-json\/wp\/v2\/comments?post=156416"}],"version-history":[{"count":0,"href":"https:\/\/tucomarca.whitekongsoftware.com\/ca\/wp-json\/wp\/v2\/posts\/156416\/revisions"}],"wp:featuredmedia":[{"embeddable":true,"href":"https:\/\/tucomarca.whitekongsoftware.com\/ca\/wp-json\/wp\/v2\/media\/96689"}],"wp:attachment":[{"href":"https:\/\/tucomarca.whitekongsoftware.com\/ca\/wp-json\/wp\/v2\/media?parent=156416"}],"wp:term":[{"taxonomy":"category","embeddable":true,"href":"https:\/\/tucomarca.whitekongsoftware.com\/ca\/wp-json\/wp\/v2\/categories?post=156416"},{"taxonomy":"post_tag","embeddable":true,"href":"https:\/\/tucomarca.whitekongsoftware.com\/ca\/wp-json\/wp\/v2\/tags?post=156416"}],"curies":[{"name":"wp","href":"https:\/\/api.w.org\/{rel}","templated":true}]}}