{"id":156276,"date":"2022-05-04T11:00:00","date_gmt":"2022-05-04T09:00:00","guid":{"rendered":"http:\/\/www.tucomarca.com\/wordpress\/segunda\/?p=156276"},"modified":"2022-05-04T15:42:14","modified_gmt":"2022-05-04T13:42:14","slug":"la-biblioteca-municipal-godelleta-homenatja-a-joaquin-sorolla-amb-el-documental-sorolla-el-triomf-de-la-llum","status":"publish","type":"post","link":"https:\/\/tucomarca.whitekongsoftware.com\/ca\/la-biblioteca-municipal-godelleta-homenatja-a-joaquin-sorolla-amb-el-documental-sorolla-el-triomf-de-la-llum\/","title":{"rendered":"La Biblioteca Municipal Godelleta homenatja a Joaqu\u00edn Sorolla amb el documental &#8220;Sorolla: el triomf de la llum&#8221;"},"content":{"rendered":"\n<p class=\"wp-block-paragraph\">Aquest dijous 5 de maig a les 18,30 h. en les instal\u00b7lacions de la Biblioteca P\u00fablica de Godelleta es podr\u00e0 gaudir del documental sobre el pintor Joaqu\u00edn Sorolla titulat: &#8216;Sorolla: el triomf de la llum&#8217;. Aquesta projecci\u00f3 tindr\u00e0 una duraci\u00f3 de 52 minuts i en ella intervenen: Mar\u00eda L\u00f3pez, Edmund Peel, Blanca Pons Sorolla, Tom\u00e1s Llorens, Felipe Gar\u00edn, Mar\u00eda de la Mar Villafranca, Consuelo Lucca de Tena, P\u00fablic assistent a les exposicions.<\/p>\n\n\n\n<div class=\"wp-block-image\"><figure class=\"aligncenter size-large is-resized\"><img loading=\"lazy\" decoding=\"async\" src=\"http:\/\/www.tucomarca.com\/wordpress\/segunda\/wp-content\/uploads\/2022\/05\/JoaquinSorolla-749x1024.jpg\" alt=\"\" class=\"wp-image-156273\" width=\"283\" height=\"386\" srcset=\"https:\/\/tucomarca.whitekongsoftware.com\/wp-content\/uploads\/2022\/05\/JoaquinSorolla-749x1024.jpg 749w, https:\/\/tucomarca.whitekongsoftware.com\/wp-content\/uploads\/2022\/05\/JoaquinSorolla-219x300.jpg 219w, https:\/\/tucomarca.whitekongsoftware.com\/wp-content\/uploads\/2022\/05\/JoaquinSorolla-768x1050.jpg 768w, https:\/\/tucomarca.whitekongsoftware.com\/wp-content\/uploads\/2022\/05\/JoaquinSorolla.jpg 864w\" sizes=\"auto, (max-width: 283px) 100vw, 283px\" \/><\/figure><\/div>\n\n\n\n<p class=\"wp-block-paragraph\"><strong>Joaqu\u00edn Sorolla<\/strong><\/p>\n\n\n\n<p class=\"wp-block-paragraph\">La generaci\u00f3 del pintor valenci\u00e0 va significar el cim de segles d&#8217;evoluci\u00f3 art\u00edstica i entre tots probablement Sorolla era el millor, per aix\u00f2 va tindre un \u00e8xit fabul\u00f3s. Per\u00f2 les tend\u00e8ncies van canviar a una velocitat vertiginosa i el m\u00f3n de l&#8217;art els va oblidar. No obstant aix\u00f2 el p\u00fablic mai li va donar l&#8217;esquena perqu\u00e8 la seua llum arriba directament al cor. Ha sigut el gust popular el que ha provocat de nou l&#8217;apreciaci\u00f3 dels cr\u00edtics i els historiadors. Una traject\u00f2ria que desmenteix tots els clix\u00e9s sobre la hist\u00f2ria de l&#8217;art.<\/p>\n","protected":false},"excerpt":{"rendered":"<div class=\"mh-excerpt\">Aquest dijous 5 de maig a les 18,30 h. en les instal\u00b7lacions de la Biblioteca P\u00fablica de Godelleta es podr\u00e0 gaudir del documental sobre el pintor Joaqu\u00edn Sorolla titulat: &#8216;Sorolla: el triomf de la llum&#8217;. <a class=\"mh-excerpt-more\" href=\"https:\/\/tucomarca.whitekongsoftware.com\/ca\/la-biblioteca-municipal-godelleta-homenatja-a-joaquin-sorolla-amb-el-documental-sorolla-el-triomf-de-la-llum\/\" title=\"La Biblioteca Municipal Godelleta homenatja a Joaqu\u00edn Sorolla amb el documental &#8220;Sorolla: el triomf de la llum&#8221;\">[+] <\/a><\/div>\n","protected":false},"author":1,"featured_media":156037,"comment_status":"open","ping_status":"open","sticky":false,"template":"","format":"standard","meta":{"footnotes":""},"categories":[11019,10977,10894,10912,11007,11063,10896],"tags":[11087,17020,10914],"class_list":["post-156276","post","type-post","status-publish","format-standard","has-post-thumbnail","category-agenda-ca","category-godelleta-ca","category-la-comarca-ca","category-la-hoya-ca","category-ocio-y-cultura-ca","category-pintura-ca","category-seccion-ca","tag-godelleta-ca","tag-joaquin-sorolla-ca","tag-la-hoya-de-bunol-chiva-ca"],"_links":{"self":[{"href":"https:\/\/tucomarca.whitekongsoftware.com\/ca\/wp-json\/wp\/v2\/posts\/156276","targetHints":{"allow":["GET"]}}],"collection":[{"href":"https:\/\/tucomarca.whitekongsoftware.com\/ca\/wp-json\/wp\/v2\/posts"}],"about":[{"href":"https:\/\/tucomarca.whitekongsoftware.com\/ca\/wp-json\/wp\/v2\/types\/post"}],"author":[{"embeddable":true,"href":"https:\/\/tucomarca.whitekongsoftware.com\/ca\/wp-json\/wp\/v2\/users\/1"}],"replies":[{"embeddable":true,"href":"https:\/\/tucomarca.whitekongsoftware.com\/ca\/wp-json\/wp\/v2\/comments?post=156276"}],"version-history":[{"count":0,"href":"https:\/\/tucomarca.whitekongsoftware.com\/ca\/wp-json\/wp\/v2\/posts\/156276\/revisions"}],"wp:featuredmedia":[{"embeddable":true,"href":"https:\/\/tucomarca.whitekongsoftware.com\/ca\/wp-json\/wp\/v2\/media\/156037"}],"wp:attachment":[{"href":"https:\/\/tucomarca.whitekongsoftware.com\/ca\/wp-json\/wp\/v2\/media?parent=156276"}],"wp:term":[{"taxonomy":"category","embeddable":true,"href":"https:\/\/tucomarca.whitekongsoftware.com\/ca\/wp-json\/wp\/v2\/categories?post=156276"},{"taxonomy":"post_tag","embeddable":true,"href":"https:\/\/tucomarca.whitekongsoftware.com\/ca\/wp-json\/wp\/v2\/tags?post=156276"}],"curies":[{"name":"wp","href":"https:\/\/api.w.org\/{rel}","templated":true}]}}