{"id":156230,"date":"2022-05-03T17:45:00","date_gmt":"2022-05-03T15:45:00","guid":{"rendered":"http:\/\/www.tucomarca.com\/wordpress\/segunda\/?p=156230"},"modified":"2022-05-03T17:57:13","modified_gmt":"2022-05-03T15:57:13","slug":"sanitat-notifica-4-defuncions-i-6-049-nous-casos-de-coronavirus-en-la-comunitat-valenciana-2-993-dells-en-majors-de-60-anys","status":"publish","type":"post","link":"https:\/\/tucomarca.whitekongsoftware.com\/ca\/sanitat-notifica-4-defuncions-i-6-049-nous-casos-de-coronavirus-en-la-comunitat-valenciana-2-993-dells-en-majors-de-60-anys\/","title":{"rendered":"Sanitat notifica 4 defuncions i 6.049 nous casos de coronavirus en la Comunitat Valenciana, 2.993 d&#8217;ells en majors de 60 anys"},"content":{"rendered":"\n<p class=\"wp-block-paragraph\"><strong>Els hospitals valencians tenen a 661 persones ingressades amb COVID-19, 36 d&#8217;elles en l&#8217;UCI<\/strong><\/p>\n\n\n\n<p class=\"wp-block-paragraph\">La Conselleria de Sanitat Universal i Salut P\u00fablica ha notificat un total de 6.049 nous casos de coronavirus confirmats per prova *PCR o a trav\u00e9s de test d&#8217;ant\u00edgens des de l&#8217;\u00faltima actualitzaci\u00f3, divendres passat. Els nous casos per prov\u00edncies s\u00f3n 944 a Castell\u00f3 (170.943 en total), 1.957 a Alacant (479.576 en total) i 3.148 a Val\u00e8ncia (746.122 en total).<\/p>\n\n\n\n<p class=\"wp-block-paragraph\">D&#8217;ells, 2.993 s\u00f3n de persones majors de 60 anys. Per prov\u00edncies: 586 es registren en la de Castell\u00f3, 916 en la d&#8217;Alacant i 1.491 en la de Val\u00e8ncia.<\/p>\n\n\n\n<p class=\"wp-block-paragraph\">Els hospitals valencians tenen actualment a 661 persones ingressades amb COVID-19, 36 d&#8217;elles en l&#8217;UCI: 114 a la prov\u00edncia de Castell\u00f3, 4 en UCI; 185 a la prov\u00edncia d&#8217;Alacant, 11 d&#8217;elles en l&#8217;UCI; i 362 a la prov\u00edncia de Val\u00e8ncia, 21 en UCI.<\/p>\n\n\n\n<p class=\"wp-block-paragraph\">S&#8217;han notificat 4 defuncions per coronavirus des de l&#8217;\u00faltima actualitzaci\u00f3, tots ells en els \u00faltims 7 dies. Es tracta d&#8217;una dona de 88 anys i tres homes d&#8217;entre 86 i 88 anys. El total de decessos des de l&#8217;inici de la pand\u00e8mia ascendeix a 9.286: 1.084 a la prov\u00edncia de Castell\u00f3, 3.525 en la d&#8217;Alacant i 4.677 en la de Val\u00e8ncia.<\/p>\n","protected":false},"excerpt":{"rendered":"<div class=\"mh-excerpt\">Els hospitals valencians tenen a 661 persones ingressades amb COVID-19, 36 d&#8217;elles en l&#8217;UCI La Conselleria de Sanitat Universal i Salut P\u00fablica ha notificat un total de 6.049 nous casos de coronavirus confirmats per prova <a class=\"mh-excerpt-more\" href=\"https:\/\/tucomarca.whitekongsoftware.com\/ca\/sanitat-notifica-4-defuncions-i-6-049-nous-casos-de-coronavirus-en-la-comunitat-valenciana-2-993-dells-en-majors-de-60-anys\/\" title=\"Sanitat notifica 4 defuncions i 6.049 nous casos de coronavirus en la Comunitat Valenciana, 2.993 d&#8217;ells en majors de 60 anys\">[+] <\/a><\/div>\n","protected":false},"author":1,"featured_media":144787,"comment_status":"open","ping_status":"open","sticky":false,"template":"","format":"standard","meta":{"footnotes":""},"categories":[11010,12202,10898,10948,10894,10904,10903,10947,10896,10897],"tags":[11939,11940,11199,16215],"class_list":["post-156230","post","type-post","status-publish","format-standard","has-post-thumbnail","category-canal-salud","category-covid-19-ca","category-ventana-ca","category-infraestructuras-ca","category-la-comarca-ca","category-sin-categorizar-ca","category-medio-ambiente-la-comarca-ca","category-politica","category-seccion-ca","category-sucesos-la-comarca-ca","tag-coronavirus-ca","tag-covid-19-ca","tag-la-comunitat-ca","tag-sexta-ola-ca"],"_links":{"self":[{"href":"https:\/\/tucomarca.whitekongsoftware.com\/ca\/wp-json\/wp\/v2\/posts\/156230","targetHints":{"allow":["GET"]}}],"collection":[{"href":"https:\/\/tucomarca.whitekongsoftware.com\/ca\/wp-json\/wp\/v2\/posts"}],"about":[{"href":"https:\/\/tucomarca.whitekongsoftware.com\/ca\/wp-json\/wp\/v2\/types\/post"}],"author":[{"embeddable":true,"href":"https:\/\/tucomarca.whitekongsoftware.com\/ca\/wp-json\/wp\/v2\/users\/1"}],"replies":[{"embeddable":true,"href":"https:\/\/tucomarca.whitekongsoftware.com\/ca\/wp-json\/wp\/v2\/comments?post=156230"}],"version-history":[{"count":0,"href":"https:\/\/tucomarca.whitekongsoftware.com\/ca\/wp-json\/wp\/v2\/posts\/156230\/revisions"}],"wp:featuredmedia":[{"embeddable":true,"href":"https:\/\/tucomarca.whitekongsoftware.com\/ca\/wp-json\/wp\/v2\/media\/144787"}],"wp:attachment":[{"href":"https:\/\/tucomarca.whitekongsoftware.com\/ca\/wp-json\/wp\/v2\/media?parent=156230"}],"wp:term":[{"taxonomy":"category","embeddable":true,"href":"https:\/\/tucomarca.whitekongsoftware.com\/ca\/wp-json\/wp\/v2\/categories?post=156230"},{"taxonomy":"post_tag","embeddable":true,"href":"https:\/\/tucomarca.whitekongsoftware.com\/ca\/wp-json\/wp\/v2\/tags?post=156230"}],"curies":[{"name":"wp","href":"https:\/\/api.w.org\/{rel}","templated":true}]}}