{"id":156133,"date":"2022-05-01T12:12:00","date_gmt":"2022-05-01T10:12:00","guid":{"rendered":"http:\/\/www.tucomarca.com\/wordpress\/segunda\/?p=156133"},"modified":"2022-05-04T12:14:46","modified_gmt":"2022-05-04T10:14:46","slug":"utiel-recupera-la-tradicio-ramadera-de-la-transhumancia-amb-gran-acolliment-de-participants-i-public","status":"publish","type":"post","link":"https:\/\/tucomarca.whitekongsoftware.com\/ca\/utiel-recupera-la-tradicio-ramadera-de-la-transhumancia-amb-gran-acolliment-de-participants-i-public\/","title":{"rendered":"Utiel recupera la tradici\u00f3 ramadera de la transhum\u00e0ncia amb gran acolliment de participants i p\u00fablic"},"content":{"rendered":"\n<h4 class=\"wp-block-heading\">Despr\u00e9s de dos anys d&#8217;abs\u00e8ncia per la pand\u00e8mia s&#8217;han celebrat les III Jornades de Recreaci\u00f3 de la Transhum\u00e0ncia amb l&#8217;assist\u00e8ncia de centenars de caballistas i aficionats que han acompanyat el recorregut del despla\u00e7ament del bestiar.<\/h4>\n\n\n\n<figure class=\"wp-block-gallery columns-2 is-cropped wp-block-gallery-1 is-layout-flex wp-block-gallery-is-layout-flex\"><ul class=\"blocks-gallery-grid\"><li class=\"blocks-gallery-item\"><figure><img loading=\"lazy\" decoding=\"async\" width=\"1024\" height=\"768\" src=\"http:\/\/www.tucomarca.com\/wordpress\/segunda\/wp-content\/uploads\/2022\/05\/UtielTrashumancia223-1024x768.jpg\" alt=\"\" data-id=\"156130\" data-full-url=\"http:\/\/www.tucomarca.com\/wordpress\/segunda\/wp-content\/uploads\/2022\/05\/UtielTrashumancia223.jpg\" data-link=\"http:\/\/www.tucomarca.com\/wordpress\/segunda\/?attachment_id=156130\" class=\"wp-image-156130\" srcset=\"https:\/\/tucomarca.whitekongsoftware.com\/wp-content\/uploads\/2022\/05\/UtielTrashumancia223-1024x768.jpg 1024w, https:\/\/tucomarca.whitekongsoftware.com\/wp-content\/uploads\/2022\/05\/UtielTrashumancia223-300x225.jpg 300w, https:\/\/tucomarca.whitekongsoftware.com\/wp-content\/uploads\/2022\/05\/UtielTrashumancia223-768x576.jpg 768w, https:\/\/tucomarca.whitekongsoftware.com\/wp-content\/uploads\/2022\/05\/UtielTrashumancia223-678x509.jpg 678w, https:\/\/tucomarca.whitekongsoftware.com\/wp-content\/uploads\/2022\/05\/UtielTrashumancia223-326x245.jpg 326w, https:\/\/tucomarca.whitekongsoftware.com\/wp-content\/uploads\/2022\/05\/UtielTrashumancia223-80x60.jpg 80w, https:\/\/tucomarca.whitekongsoftware.com\/wp-content\/uploads\/2022\/05\/UtielTrashumancia223.jpg 1181w\" sizes=\"auto, (max-width: 1024px) 100vw, 1024px\" \/><\/figure><\/li><li class=\"blocks-gallery-item\"><figure><img loading=\"lazy\" decoding=\"async\" width=\"1024\" height=\"768\" src=\"http:\/\/www.tucomarca.com\/wordpress\/segunda\/wp-content\/uploads\/2022\/05\/UtielTrashumancia222-1024x768.jpg\" alt=\"\" data-id=\"156128\" data-full-url=\"http:\/\/www.tucomarca.com\/wordpress\/segunda\/wp-content\/uploads\/2022\/05\/UtielTrashumancia222.jpg\" data-link=\"http:\/\/www.tucomarca.com\/wordpress\/segunda\/?attachment_id=156128\" class=\"wp-image-156128\" srcset=\"https:\/\/tucomarca.whitekongsoftware.com\/wp-content\/uploads\/2022\/05\/UtielTrashumancia222-1024x768.jpg 1024w, https:\/\/tucomarca.whitekongsoftware.com\/wp-content\/uploads\/2022\/05\/UtielTrashumancia222-300x225.jpg 300w, https:\/\/tucomarca.whitekongsoftware.com\/wp-content\/uploads\/2022\/05\/UtielTrashumancia222-768x576.jpg 768w, https:\/\/tucomarca.whitekongsoftware.com\/wp-content\/uploads\/2022\/05\/UtielTrashumancia222-678x509.jpg 678w, https:\/\/tucomarca.whitekongsoftware.com\/wp-content\/uploads\/2022\/05\/UtielTrashumancia222-326x245.jpg 326w, https:\/\/tucomarca.whitekongsoftware.com\/wp-content\/uploads\/2022\/05\/UtielTrashumancia222-80x60.jpg 80w, https:\/\/tucomarca.whitekongsoftware.com\/wp-content\/uploads\/2022\/05\/UtielTrashumancia222.jpg 1181w\" sizes=\"auto, (max-width: 1024px) 100vw, 1024px\" \/><\/figure><\/li><\/ul><\/figure>\n\n\n\n<p class=\"wp-block-paragraph\">Els carrers d&#8217;Utiel s&#8217;han convertit durant unes hores en vies pecu\u00e0ries per a deixar pas al bestiar de caps de bestiar i a m\u00e9s de dos-cents caballistas que han sigut rebuts amb gran expectaci\u00f3 per ve\u00efns i visitants.<br>Despr\u00e9s de l&#8217;\u00e8xit d&#8217;anteriors edicions, l&#8217;Ajuntament d&#8217;Utiel juntament amb la Penya Popular Utielana, Pe\u00f1a El Salvatge, Pe\u00f1a Taurina Utielana i Genets Rocieros, han organitzat les III jornades de la transhum\u00e0ncia per a rememorar una tradici\u00f3 ramadera que va tindre un important impacte econ\u00f2mic, social i mediambiental en la zona.<br>Amb aquesta tercera convocat\u00f2ria, la recreaci\u00f3 de la transhum\u00e0ncia a Utiel es consolida com un esdeveniment referent per al sector ramader entorn del qual giren activitats culturals, festives i gastron\u00f2miques que cada any suma m\u00e9s seguidors, tant de participants inscrits com de p\u00fablic assistent.<\/p>\n\n\n\n<p class=\"wp-block-paragraph\"><strong>Tradici\u00f3 ramadera: Cultura, festa i gastronomia<\/strong><\/p>\n\n\n\n<p class=\"wp-block-paragraph\">La jornada ha comen\u00e7at a les 9.30 hores en el paratge Toll dels Olmillos on s&#8217;ha celebrat un t\u00edpic esmorzar utielano amb coques magres per a a continuaci\u00f3 iniciar el recorregut transhumant de prop de 5 quil\u00f2metres cap al nucli urb\u00e0.<br>En total, m\u00e9s d&#8217;un centenar de caballistas procedents de diferents municipis de la comarca i d&#8217;altres punts de la prov\u00edncia de Val\u00e8ncia, han participat acompanyant als caps de bestiar mansos recordant aix\u00ed els despla\u00e7aments estacionals que antigament realitzava el bestiar per les canyades, corriols o vies pecu\u00e0ries.<br>Els genets, carruatges i caminantes s&#8217;han despla\u00e7at fins al centre d&#8217;Utiel, travessant diversos carrers del nucli urb\u00e0 on el p\u00fablic esperava expectant el pas del bestiar.<br>Com a fermall final de l&#8217;esdeveniment ramader i festiu, el menjar de confraternitat amb productes t\u00edpics de la terra que gaudiran m\u00e9s de 200 comensals i la fi de festa amb el concert a c\u00e0rrec del cantant Raul Ogalla, exconcursante de \u201cLa teua cara no em sona encara\u201d.<br>Una tradici\u00f3 ancestral que torna a recuperar-se a Utiel gr\u00e0cies a la implicaci\u00f3 dels organitzadors i l&#8217;extraordinari acolliment del p\u00fablic.<\/p>\n","protected":false},"excerpt":{"rendered":"<div class=\"mh-excerpt\">Despr\u00e9s de dos anys d&#8217;abs\u00e8ncia per la pand\u00e8mia s&#8217;han celebrat les III Jornades de Recreaci\u00f3 de la Transhum\u00e0ncia amb l&#8217;assist\u00e8ncia de centenars de caballistas i aficionats que han acompanyat el recorregut del despla\u00e7ament del bestiar. <a class=\"mh-excerpt-more\" href=\"https:\/\/tucomarca.whitekongsoftware.com\/ca\/utiel-recupera-la-tradicio-ramadera-de-la-transhumancia-amb-gran-acolliment-de-participants-i-public\/\" title=\"Utiel recupera la tradici\u00f3 ramadera de la transhum\u00e0ncia amb gran acolliment de participants i p\u00fablic\">[+] <\/a><\/div>\n","protected":false},"author":12,"featured_media":156127,"comment_status":"open","ping_status":"open","sticky":false,"template":"","format":"standard","meta":{"footnotes":""},"categories":[10905,10894,11007,10909,10896,11059],"tags":[10910,17015,11174],"class_list":["post-156133","post","type-post","status-publish","format-standard","has-post-thumbnail","category-agricultura-la-comarca-ca","category-la-comarca-ca","category-ocio-y-cultura-ca","category-requena-utiel-ca","category-seccion-ca","category-utiel-ca","tag-requena-utiel-ca","tag-trashumancia-ca","tag-utiel-ca"],"_links":{"self":[{"href":"https:\/\/tucomarca.whitekongsoftware.com\/ca\/wp-json\/wp\/v2\/posts\/156133","targetHints":{"allow":["GET"]}}],"collection":[{"href":"https:\/\/tucomarca.whitekongsoftware.com\/ca\/wp-json\/wp\/v2\/posts"}],"about":[{"href":"https:\/\/tucomarca.whitekongsoftware.com\/ca\/wp-json\/wp\/v2\/types\/post"}],"author":[{"embeddable":true,"href":"https:\/\/tucomarca.whitekongsoftware.com\/ca\/wp-json\/wp\/v2\/users\/12"}],"replies":[{"embeddable":true,"href":"https:\/\/tucomarca.whitekongsoftware.com\/ca\/wp-json\/wp\/v2\/comments?post=156133"}],"version-history":[{"count":0,"href":"https:\/\/tucomarca.whitekongsoftware.com\/ca\/wp-json\/wp\/v2\/posts\/156133\/revisions"}],"wp:featuredmedia":[{"embeddable":true,"href":"https:\/\/tucomarca.whitekongsoftware.com\/ca\/wp-json\/wp\/v2\/media\/156127"}],"wp:attachment":[{"href":"https:\/\/tucomarca.whitekongsoftware.com\/ca\/wp-json\/wp\/v2\/media?parent=156133"}],"wp:term":[{"taxonomy":"category","embeddable":true,"href":"https:\/\/tucomarca.whitekongsoftware.com\/ca\/wp-json\/wp\/v2\/categories?post=156133"},{"taxonomy":"post_tag","embeddable":true,"href":"https:\/\/tucomarca.whitekongsoftware.com\/ca\/wp-json\/wp\/v2\/tags?post=156133"}],"curies":[{"name":"wp","href":"https:\/\/api.w.org\/{rel}","templated":true}]}}