{"id":156028,"date":"2022-05-02T13:00:00","date_gmt":"2022-05-02T11:00:00","guid":{"rendered":"http:\/\/www.tucomarca.com\/wordpress\/segunda\/?p=156028"},"modified":"2022-05-03T09:56:56","modified_gmt":"2022-05-03T07:56:56","slug":"la-fira-agricola-i-de-comerc-de-turis-rep-a-milers-de-visitants-en-el-seu-retorn","status":"publish","type":"post","link":"https:\/\/tucomarca.whitekongsoftware.com\/ca\/la-fira-agricola-i-de-comerc-de-turis-rep-a-milers-de-visitants-en-el-seu-retorn\/","title":{"rendered":"La Fira Agr\u00edcola i de Comer\u00e7 de Tur\u00eds rep a milers de visitants en el seu retorn"},"content":{"rendered":"\n<figure class=\"wp-block-gallery columns-2 is-cropped wp-block-gallery-1 is-layout-flex wp-block-gallery-is-layout-flex\"><ul class=\"blocks-gallery-grid\"><li class=\"blocks-gallery-item\"><figure><img loading=\"lazy\" decoding=\"async\" width=\"1024\" height=\"576\" src=\"http:\/\/www.tucomarca.com\/wordpress\/segunda\/wp-content\/uploads\/2022\/05\/TurisFeria22_3-1024x576.jpg\" alt=\"\" data-id=\"156021\" data-full-url=\"http:\/\/www.tucomarca.com\/wordpress\/segunda\/wp-content\/uploads\/2022\/05\/TurisFeria22_3.jpg\" data-link=\"http:\/\/www.tucomarca.com\/wordpress\/segunda\/?attachment_id=156021\" class=\"wp-image-156021\" srcset=\"https:\/\/tucomarca.whitekongsoftware.com\/wp-content\/uploads\/2022\/05\/TurisFeria22_3-1024x576.jpg 1024w, https:\/\/tucomarca.whitekongsoftware.com\/wp-content\/uploads\/2022\/05\/TurisFeria22_3-300x169.jpg 300w, https:\/\/tucomarca.whitekongsoftware.com\/wp-content\/uploads\/2022\/05\/TurisFeria22_3-768x432.jpg 768w, https:\/\/tucomarca.whitekongsoftware.com\/wp-content\/uploads\/2022\/05\/TurisFeria22_3-678x381.jpg 678w, https:\/\/tucomarca.whitekongsoftware.com\/wp-content\/uploads\/2022\/05\/TurisFeria22_3.jpg 1181w\" sizes=\"auto, (max-width: 1024px) 100vw, 1024px\" \/><\/figure><\/li><li class=\"blocks-gallery-item\"><figure><img loading=\"lazy\" decoding=\"async\" width=\"1024\" height=\"576\" src=\"http:\/\/www.tucomarca.com\/wordpress\/segunda\/wp-content\/uploads\/2022\/05\/TurisFeria22_4-1024x576.jpg\" alt=\"\" data-id=\"156023\" data-full-url=\"http:\/\/www.tucomarca.com\/wordpress\/segunda\/wp-content\/uploads\/2022\/05\/TurisFeria22_4.jpg\" data-link=\"http:\/\/www.tucomarca.com\/wordpress\/segunda\/?attachment_id=156023\" class=\"wp-image-156023\" srcset=\"https:\/\/tucomarca.whitekongsoftware.com\/wp-content\/uploads\/2022\/05\/TurisFeria22_4-1024x576.jpg 1024w, https:\/\/tucomarca.whitekongsoftware.com\/wp-content\/uploads\/2022\/05\/TurisFeria22_4-300x169.jpg 300w, https:\/\/tucomarca.whitekongsoftware.com\/wp-content\/uploads\/2022\/05\/TurisFeria22_4-768x432.jpg 768w, https:\/\/tucomarca.whitekongsoftware.com\/wp-content\/uploads\/2022\/05\/TurisFeria22_4-678x381.jpg 678w, https:\/\/tucomarca.whitekongsoftware.com\/wp-content\/uploads\/2022\/05\/TurisFeria22_4.jpg 1181w\" sizes=\"auto, (max-width: 1024px) 100vw, 1024px\" \/><\/figure><\/li><li class=\"blocks-gallery-item\"><figure><img loading=\"lazy\" decoding=\"async\" width=\"1024\" height=\"576\" src=\"http:\/\/www.tucomarca.com\/wordpress\/segunda\/wp-content\/uploads\/2022\/05\/TurisFeria22_2-1024x576.jpg\" alt=\"\" data-id=\"156019\" data-full-url=\"http:\/\/www.tucomarca.com\/wordpress\/segunda\/wp-content\/uploads\/2022\/05\/TurisFeria22_2.jpg\" data-link=\"http:\/\/www.tucomarca.com\/wordpress\/segunda\/?attachment_id=156019\" class=\"wp-image-156019\" srcset=\"https:\/\/tucomarca.whitekongsoftware.com\/wp-content\/uploads\/2022\/05\/TurisFeria22_2-1024x576.jpg 1024w, https:\/\/tucomarca.whitekongsoftware.com\/wp-content\/uploads\/2022\/05\/TurisFeria22_2-300x169.jpg 300w, https:\/\/tucomarca.whitekongsoftware.com\/wp-content\/uploads\/2022\/05\/TurisFeria22_2-768x432.jpg 768w, https:\/\/tucomarca.whitekongsoftware.com\/wp-content\/uploads\/2022\/05\/TurisFeria22_2-678x381.jpg 678w, https:\/\/tucomarca.whitekongsoftware.com\/wp-content\/uploads\/2022\/05\/TurisFeria22_2.jpg 1181w\" sizes=\"auto, (max-width: 1024px) 100vw, 1024px\" \/><\/figure><\/li><\/ul><\/figure>\n\n\n\n<p class=\"wp-block-paragraph\">La Fira Agr\u00edcola i de Comer\u00e7 ha tornat en la seua dissetena edici\u00f3 superant totes les expectatives pel que fa a participaci\u00f3 i moviment.<\/p>\n\n\n\n<p class=\"wp-block-paragraph\">Malgrat la pluja que ha fet acte de pres\u00e8ncia durant dues vesprades, la gent ha eixit al carrer i ha passejat per milers per l\u2019avinguda Corts Valencianes.<\/p>\n\n\n\n<p class=\"wp-block-paragraph\">Molta animaci\u00f3 que s\u2019ha vist revalorada per les transaccions que s\u2019han dut a terme des del passat divendres i que, en termes generals, valoren satisfact\u00f2riament els expositors.<\/p>\n\n\n\n<p class=\"wp-block-paragraph\">Tota mena de plantes o complements per al dia de la mare, maquin\u00e0ria per al camp, per a l\u2019obra o per al jard\u00ed, piscines prefabricades, mobiliari per al jard\u00ed, \u00e0mplia gamma d\u2019automoci\u00f3 i productes del comer\u00e7 local a bon preu han interessat a molt\u00edssims visitants.<\/p>\n\n\n\n<p class=\"wp-block-paragraph\">L\u2019alcalde, Eugenio Forta\u00f1a, i el regidor de Comer\u00e7, Iv\u00e1n Pic\u00f3, visitaven tots els expositors abans de clausurar la fira i no podien estar m\u00e9s satisfets. \u201cEn estos desset anys la fira ha canviat molt i a poc a poc hem anat millorant quan ha ubicaci\u00f3 i oferta, i aix\u00f2 s\u2019ha notat malgrat els dos anys que no hem pogut eixir al carrer\u201d, assegura el regidor.<\/p>\n\n\n\n<p class=\"wp-block-paragraph\">Per la seua banda, l\u2019alcalde, a m\u00e9s de destacar \u201cuna aflu\u00e8ncia hist\u00f2rica de visitants, provinents incl\u00fas de m\u00e9s enll\u00e0 de la comarca\u201d, tamb\u00e9 ha volgut destacar l\u2019oportunitat de negoci que genera la fira. \u201cEstos dies hem comptat amb m\u00e9s expositors que en qualsevol edici\u00f3, s\u2019han produ\u00eft nombroses vendes i s\u2019han tancat molts contractes, i aix\u00f2 ens alegra perqu\u00e8 \u00e9s l\u2019objectiu principal pel qual s\u2019organitza la fira\u201d.<\/p>\n\n\n\n<p class=\"wp-block-paragraph\">La cita finalitz\u00e0 diumenge a la vesprada amb la rifa de vals de compra organitzada per l\u2019Associaci\u00f3 de Comerciants que es va trobar amb una de les premiades en el mateix recinte firal.<\/p>\n","protected":false},"excerpt":{"rendered":"<div class=\"mh-excerpt\">La Fira Agr\u00edcola i de Comer\u00e7 ha tornat en la seua dissetena edici\u00f3 superant totes les expectatives pel que fa a participaci\u00f3 i moviment. Malgrat la pluja que ha fet acte de pres\u00e8ncia durant dues <a class=\"mh-excerpt-more\" href=\"https:\/\/tucomarca.whitekongsoftware.com\/ca\/la-fira-agricola-i-de-comerc-de-turis-rep-a-milers-de-visitants-en-el-seu-retorn\/\" title=\"La Fira Agr\u00edcola i de Comer\u00e7 de Tur\u00eds rep a milers de visitants en el seu retorn\">[+] <\/a><\/div>\n","protected":false},"author":12,"featured_media":156026,"comment_status":"open","ping_status":"open","sticky":false,"template":"","format":"gallery","meta":{"footnotes":""},"categories":[10905,10898,10894,10902,11007,10896,11047],"tags":[11356,11093,16971],"class_list":["post-156028","post","type-post","status-publish","format-gallery","has-post-thumbnail","category-agricultura-la-comarca-ca","category-ventana-ca","category-la-comarca-ca","category-la-ribera-ca","category-ocio-y-cultura-ca","category-seccion-ca","category-turis-ca","tag-ribera-alta-ca","tag-turis-ca","tag-xvii-feria-agricola-de-turis-ca","post_format-post-format-gallery"],"_links":{"self":[{"href":"https:\/\/tucomarca.whitekongsoftware.com\/ca\/wp-json\/wp\/v2\/posts\/156028","targetHints":{"allow":["GET"]}}],"collection":[{"href":"https:\/\/tucomarca.whitekongsoftware.com\/ca\/wp-json\/wp\/v2\/posts"}],"about":[{"href":"https:\/\/tucomarca.whitekongsoftware.com\/ca\/wp-json\/wp\/v2\/types\/post"}],"author":[{"embeddable":true,"href":"https:\/\/tucomarca.whitekongsoftware.com\/ca\/wp-json\/wp\/v2\/users\/12"}],"replies":[{"embeddable":true,"href":"https:\/\/tucomarca.whitekongsoftware.com\/ca\/wp-json\/wp\/v2\/comments?post=156028"}],"version-history":[{"count":0,"href":"https:\/\/tucomarca.whitekongsoftware.com\/ca\/wp-json\/wp\/v2\/posts\/156028\/revisions"}],"wp:featuredmedia":[{"embeddable":true,"href":"https:\/\/tucomarca.whitekongsoftware.com\/ca\/wp-json\/wp\/v2\/media\/156026"}],"wp:attachment":[{"href":"https:\/\/tucomarca.whitekongsoftware.com\/ca\/wp-json\/wp\/v2\/media?parent=156028"}],"wp:term":[{"taxonomy":"category","embeddable":true,"href":"https:\/\/tucomarca.whitekongsoftware.com\/ca\/wp-json\/wp\/v2\/categories?post=156028"},{"taxonomy":"post_tag","embeddable":true,"href":"https:\/\/tucomarca.whitekongsoftware.com\/ca\/wp-json\/wp\/v2\/tags?post=156028"}],"curies":[{"name":"wp","href":"https:\/\/api.w.org\/{rel}","templated":true}]}}