{"id":156011,"date":"2022-05-01T20:10:00","date_gmt":"2022-05-01T18:10:00","guid":{"rendered":"http:\/\/www.tucomarca.com\/wordpress\/segunda\/?p=156011"},"modified":"2022-05-01T23:18:01","modified_gmt":"2022-05-01T21:18:01","slug":"video-turis-es-bolca-en-la-inauguracio-de-la-seua-fira-agricola-i-de-comerc-despres-de-dos-anys-de-pandemia","status":"publish","type":"post","link":"https:\/\/tucomarca.whitekongsoftware.com\/ca\/video-turis-es-bolca-en-la-inauguracio-de-la-seua-fira-agricola-i-de-comerc-despres-de-dos-anys-de-pandemia\/","title":{"rendered":"V\u00eddeo: Tur\u00eds recupera amb una elevada participaci\u00f3 de p\u00fablic i expositors la seua Fira Agr\u00edcola i de Comer\u00e7"},"content":{"rendered":"\n<figure class=\"wp-block-embed is-type-video is-provider-youtube wp-block-embed-youtube wp-embed-aspect-16-9 wp-has-aspect-ratio\"><div class=\"wp-block-embed__wrapper\">\n<iframe loading=\"lazy\" title=\"Tur\u00eds es bolca en la inauguraci\u00f3 de la seua Fira Agr\u00edcola i de Comer\u00e7 despr\u00e9s de 2 anys de pand\u00e8mia\" width=\"500\" height=\"281\" src=\"https:\/\/www.youtube.com\/embed\/PZkZEZpCs-Y?feature=oembed\" frameborder=\"0\" allow=\"accelerometer; autoplay; clipboard-write; encrypted-media; gyroscope; picture-in-picture; web-share\" referrerpolicy=\"strict-origin-when-cross-origin\" allowfullscreen><\/iframe>\n<\/div><\/figure>\n\n\n\n<p class=\"wp-block-paragraph\">La poblaci\u00f3 de Tur\u00eds ha recuperat amb una elevada participaci\u00f3 de p\u00fablic i expositors la seua Fira Agr\u00edcola i de Comer\u00e7 despr\u00e9s de dos anys de pand\u00e8mia en els quals no havia pogut desenvolupar-se.\u00a0<\/p>\n","protected":false},"excerpt":{"rendered":"<div class=\"mh-excerpt\">La poblaci\u00f3 de Tur\u00eds ha recuperat amb una elevada participaci\u00f3 de p\u00fablic i expositors la seua Fira Agr\u00edcola i de Comer\u00e7 despr\u00e9s de dos anys de pand\u00e8mia en els quals no havia pogut desenvolupar-se.\u00a0<\/div>\n","protected":false},"author":1,"featured_media":156009,"comment_status":"open","ping_status":"open","sticky":false,"template":"","format":"video","meta":{"footnotes":""},"categories":[10905,10898,10948,10894,10904,10902,11004,11007,11008,10896,11047,11062],"tags":[17000,11077,11093],"class_list":["post-156011","post","type-post","status-publish","format-video","has-post-thumbnail","category-agricultura-la-comarca-ca","category-ventana-ca","category-infraestructuras-ca","category-la-comarca-ca","category-sin-categorizar-ca","category-la-ribera-ca","category-la-semana-en-imagenes-ca","category-ocio-y-cultura-ca","category-pueblos-en-fiestas-ca","category-seccion-ca","category-turis-ca","category-videos","tag-feria-agricola-ca","tag-la-ribera-alta-ca","tag-turis-ca","post_format-post-format-video"],"_links":{"self":[{"href":"https:\/\/tucomarca.whitekongsoftware.com\/ca\/wp-json\/wp\/v2\/posts\/156011","targetHints":{"allow":["GET"]}}],"collection":[{"href":"https:\/\/tucomarca.whitekongsoftware.com\/ca\/wp-json\/wp\/v2\/posts"}],"about":[{"href":"https:\/\/tucomarca.whitekongsoftware.com\/ca\/wp-json\/wp\/v2\/types\/post"}],"author":[{"embeddable":true,"href":"https:\/\/tucomarca.whitekongsoftware.com\/ca\/wp-json\/wp\/v2\/users\/1"}],"replies":[{"embeddable":true,"href":"https:\/\/tucomarca.whitekongsoftware.com\/ca\/wp-json\/wp\/v2\/comments?post=156011"}],"version-history":[{"count":0,"href":"https:\/\/tucomarca.whitekongsoftware.com\/ca\/wp-json\/wp\/v2\/posts\/156011\/revisions"}],"wp:featuredmedia":[{"embeddable":true,"href":"https:\/\/tucomarca.whitekongsoftware.com\/ca\/wp-json\/wp\/v2\/media\/156009"}],"wp:attachment":[{"href":"https:\/\/tucomarca.whitekongsoftware.com\/ca\/wp-json\/wp\/v2\/media?parent=156011"}],"wp:term":[{"taxonomy":"category","embeddable":true,"href":"https:\/\/tucomarca.whitekongsoftware.com\/ca\/wp-json\/wp\/v2\/categories?post=156011"},{"taxonomy":"post_tag","embeddable":true,"href":"https:\/\/tucomarca.whitekongsoftware.com\/ca\/wp-json\/wp\/v2\/tags?post=156011"}],"curies":[{"name":"wp","href":"https:\/\/api.w.org\/{rel}","templated":true}]}}